{"id":15448,"date":"2026-03-09T11:50:06","date_gmt":"2026-03-09T10:50:06","guid":{"rendered":"https:\/\/rede-esmar.gal\/?p=15448"},"modified":"2026-03-09T11:57:17","modified_gmt":"2026-03-09T10:57:17","slug":"ig408k-axudas-para-a-mellora-da-capacidade-da-innovacion-e-o-desenvolvemento-tecnoloxico-das-empresas-en-galicia-ticket-innova","status":"publish","type":"post","link":"https:\/\/rede-esmar.gal\/es\/ig408k-axudas-para-a-mellora-da-capacidade-da-innovacion-e-o-desenvolvemento-tecnoloxico-das-empresas-en-galicia-ticket-innova\/","title":{"rendered":"IG408K \u2013 Ayudas para la mejora de la capacidad de la innovaci\u00f3n y el desarrollo tecnol\u00f3gico de las empresas en Galicia (Ticket Innova)"},"content":{"rendered":"<p>Plazo: Hasta el 30 de septiembre de 2026, a las 14:00 h, salvo que se produzca el agotamiento del cr\u00e9dito con anterioridad.<\/p>\n\n\n\n<p>Descripci\u00f3n:<\/p>\n\n\n\n<p>Apoyar la mejora de la capacidad de innovaci\u00f3n y el desarrollo tecnol\u00f3gico de las peque\u00f1as y medianas empresas gallegas mediante la contrataci\u00f3n de servicios externos especializados en innovaci\u00f3n, con el objetivo de incrementar su productividad, crecimiento y diferenciaci\u00f3n en el comprado, especialmente en sectores tradicionales no intensivos en innovaci\u00f3n.<\/p>\n\n\n\n<p>Beneficiarios: <br>Podr\u00e1n ser beneficiarios:<\/p>\n\n\n\n<ul class=\"wp-block-list\">\n<li>Peque\u00f1as y medianas empresas (pymes)<\/li>\n\n\n\n<li>Gallegas o con centro de trabajo en Galicia<\/li>\n\n\n\n<li>Con forma jur\u00eddica de sociedad mercantil<\/li>\n\n\n\n<li>Que cumplan la definici\u00f3n de pyme establecida en el anexo I del Reglamento (UE) n\u00ba 651\/2014<\/li>\n<\/ul>\n\n\n\n<div style=\"height:43px\" aria-hidden=\"true\" class=\"wp-block-spacer\"><\/div>\n\n\n\n<p>Requisitos principales:<\/p>\n\n\n\n<ul class=\"wp-block-list\">\n<li>Tener condici\u00f3n de pyme en el momento de la solicitud<\/li>\n\n\n\n<li>Contar con centro de trabajo en Galicia<\/li>\n\n\n\n<li>Contratar servizos externos especializados en innovaci\u00f3n e desenvolvemento tecnol\u00f3xico<\/li>\n\n\n\n<li>Realizar y pagar los gastos subvencionables entre lo 1 de enero de 2026 y la fecha de presentaci\u00f3n de la solicitud<\/li>\n\n\n\n<li>Presentar una \u00fanica solicitud y escoger un solo tipo de Ticket Innova por convocatoria<\/li>\n<\/ul>\n\n\n\n<div style=\"height:38px\" aria-hidden=\"true\" class=\"wp-block-spacer\"><\/div>\n\n\n\n<p>Presupuesto:<\/p>\n\n\n\n<p>El presupuesto total destinado a esta convocatoria es de 1.000.000 de euros.<\/p>\n\n\n\n<p>Caracter\u00edsticas de la ayuda:<\/p>\n\n\n\n<ul class=\"wp-block-list\">\n<li>Subvenci\u00f3n a fondo perdido<\/li>\n\n\n\n<li>Concurrencia no competitiva, por orden de entrada de las solicitudes<\/li>\n\n\n\n<li>Intensidad de ayuda: hasta el 80\u202f% de los costes subvencionables<\/li>\n\n\n\n<li>Importe m\u00ednimo subvencionable: 5.000 \u20ac<\/li>\n\n\n\n<li>Subvenci\u00f3n m\u00e1xima: 30.000 \u20ac<\/li>\n\n\n\n<li>Ayuda sujeta al r\u00e9gimen de m\u00ednimis<\/li>\n<\/ul>\n\n\n\n<div style=\"height:42px\" aria-hidden=\"true\" class=\"wp-block-spacer\"><\/div>\n\n\n\n<p>Justificaci\u00f3n y pago:<\/p>\n\n\n\n<ul class=\"wp-block-list\">\n<li>La ayuda se concede para la contrataci\u00f3n de servicios externos de innovaci\u00f3n y desarrollo tecnol\u00f3gico<\/li>\n\n\n\n<li>Ser\u00e1 necesario justificar la correcta ejecuci\u00f3n y el pago de los servicios subvencionados<\/li>\n\n\n\n<li>El pago se realizar\u00e1 tras la comprobaci\u00f3n de la justificaci\u00f3n presentada conforme a las bases reguladoras<\/li>\n<\/ul>\n\n\n\n<div style=\"height:28px\" aria-hidden=\"true\" class=\"wp-block-spacer\"><\/div>\n\n\n\n<p>Enlace: <a href=\"https:\/\/www.xunta.gal\/dog\/Publicados\/2026\/20260116\/AnuncioO92-111225-0003_es.html\">ORDE do 16 de xaneiro de 2026<\/a><\/p>\n\n\n\n<p><\/p>","protected":false},"excerpt":{"rendered":"<p><span style=\"color: green;\">Plazo abierto<\/span>.<br \/>\n IG408K \u2013 Axudas para a mellora da capacidade da innovaci\u00f3n e o desenvolvemento tecnol\u00f3xico das empresas en Galicia (&#8230;)<\/p>","protected":false},"author":6,"featured_media":0,"comment_status":"open","ping_status":"open","sticky":false,"template":"","format":"standard","meta":{"_acf_changed":false,"saved_in_kubio":false,"content-type":"","osom_blocks_metabox":"","_monsterinsights_skip_tracking":false,"_monsterinsights_sitenote_active":false,"_monsterinsights_sitenote_note":"","_monsterinsights_sitenote_category":0,"_price":"","_stock":"","_tribe_ticket_header":"","_tribe_default_ticket_provider":"","_tribe_ticket_capacity":"0","_ticket_start_date":"","_ticket_end_date":"","_tribe_ticket_show_description":"","_tribe_ticket_show_not_going":false,"_tribe_ticket_use_global_stock":"","_tribe_ticket_global_stock_level":"","_global_stock_mode":"","_global_stock_cap":"","_tribe_rsvp_for_event":"","_tribe_ticket_going_count":"","_tribe_ticket_not_going_count":"","_tribe_tickets_list":"[]","_tribe_ticket_has_attendee_info_fields":false,"_EventAllDay":false,"_EventTimezone":"","_EventStartDate":"","_EventEndDate":"","_EventStartDateUTC":"","_EventEndDateUTC":"","_EventShowMap":false,"_EventShowMapLink":false,"_EventURL":"","_EventCost":"","_EventCostDescription":"","_EventCurrencySymbol":"","_EventCurrencyCode":"","_EventCurrencyPosition":"","_EventDateTimeSeparator":"","_EventTimeRangeSeparator":"","_EventOrganizerID":[],"_EventVenueID":[],"_OrganizerEmail":"","_OrganizerPhone":"","_OrganizerWebsite":"","_VenueAddress":"","_VenueCity":"","_VenueCountry":"","_VenueProvince":"","_VenueState":"","_VenueZip":"","_VenuePhone":"","_VenueURL":"","_VenueStateProvince":"","_VenueLat":"","_VenueLng":"","_VenueShowMap":false,"_VenueShowMapLink":false,"_jetpack_memberships_contains_paid_content":false,"footnotes":""},"categories":[14],"tags":[],"class_list":["post-15448","post","type-post","status-publish","format-standard","hentry","category-axudas"],"acf":[],"yoast_head":"<!-- This site is optimized with the Yoast SEO plugin v26.1.1 - https:\/\/yoast.com\/wordpress\/plugins\/seo\/ -->\n<title>IG408K \u2013 Axudas para a mellora da capacidade da innovaci\u00f3n e o desenvolvemento tecnol\u00f3xico das empresas en Galicia (Ticket Innova) - ES\u00b7MAR<\/title>\n<meta name=\"robots\" content=\"index, follow, max-snippet:-1, max-image-preview:large, max-video-preview:-1\" \/>\n<link rel=\"canonical\" href=\"https:\/\/rede-esmar.gal\/es\/ig408k-axudas-para-a-mellora-da-capacidade-da-innovacion-e-o-desenvolvemento-tecnoloxico-das-empresas-en-galicia-ticket-innova\/\" \/>\n<meta property=\"og:locale\" content=\"es_ES\" \/>\n<meta property=\"og:type\" content=\"article\" \/>\n<meta property=\"og:title\" content=\"IG408K \u2013 Axudas para a mellora da capacidade da innovaci\u00f3n e o desenvolvemento tecnol\u00f3xico das empresas en Galicia (Ticket Innova) - ES\u00b7MAR\" \/>\n<meta property=\"og:description\" content=\"Prazo aberto. IG408K \u2013 Axudas para a mellora da capacidade da innovaci\u00f3n e o desenvolvemento tecnol\u00f3xico das empresas en Galicia (...)\" \/>\n<meta property=\"og:url\" content=\"https:\/\/rede-esmar.gal\/es\/ig408k-axudas-para-a-mellora-da-capacidade-da-innovacion-e-o-desenvolvemento-tecnoloxico-das-empresas-en-galicia-ticket-innova\/\" \/>\n<meta property=\"og:site_name\" content=\"ES\u00b7MAR\" \/>\n<meta property=\"article:published_time\" content=\"2026-03-09T10:50:06+00:00\" \/>\n<meta property=\"article:modified_time\" content=\"2026-03-09T10:57:17+00:00\" \/>\n<meta name=\"author\" content=\"Equipo coordinaci\u00f3n\" \/>\n<meta name=\"twitter:card\" content=\"summary_large_image\" \/>\n<meta name=\"twitter:label1\" content=\"Escrito por\" \/>\n\t<meta name=\"twitter:data1\" content=\"Equipo coordinaci\u00f3n\" \/>\n\t<meta name=\"twitter:label2\" content=\"Tiempo de lectura\" \/>\n\t<meta name=\"twitter:data2\" content=\"2 minutos\" \/>\n<script type=\"application\/ld+json\" class=\"yoast-schema-graph\">{\"@context\":\"https:\/\/schema.org\",\"@graph\":[{\"@type\":\"Article\",\"@id\":\"https:\/\/rede-esmar.gal\/ig408k-axudas-para-a-mellora-da-capacidade-da-innovacion-e-o-desenvolvemento-tecnoloxico-das-empresas-en-galicia-ticket-innova\/#article\",\"isPartOf\":{\"@id\":\"https:\/\/rede-esmar.gal\/ig408k-axudas-para-a-mellora-da-capacidade-da-innovacion-e-o-desenvolvemento-tecnoloxico-das-empresas-en-galicia-ticket-innova\/\"},\"author\":{\"name\":\"Equipo coordinaci\u00f3n\",\"@id\":\"https:\/\/rede-esmar.gal\/#\/schema\/person\/139b8b85b73b930d041c72a3752be3a2\"},\"headline\":\"IG408K \u2013 Axudas para a mellora da capacidade da innovaci\u00f3n e o desenvolvemento tecnol\u00f3xico das empresas en Galicia (Ticket Innova)\",\"datePublished\":\"2026-03-09T10:50:06+00:00\",\"dateModified\":\"2026-03-09T10:57:17+00:00\",\"mainEntityOfPage\":{\"@id\":\"https:\/\/rede-esmar.gal\/ig408k-axudas-para-a-mellora-da-capacidade-da-innovacion-e-o-desenvolvemento-tecnoloxico-das-empresas-en-galicia-ticket-innova\/\"},\"wordCount\":309,\"commentCount\":0,\"publisher\":{\"@id\":\"https:\/\/rede-esmar.gal\/#organization\"},\"articleSection\":[\"Axudas\"],\"inLanguage\":\"es\",\"potentialAction\":[{\"@type\":\"CommentAction\",\"name\":\"Comment\",\"target\":[\"https:\/\/rede-esmar.gal\/ig408k-axudas-para-a-mellora-da-capacidade-da-innovacion-e-o-desenvolvemento-tecnoloxico-das-empresas-en-galicia-ticket-innova\/#respond\"]}]},{\"@type\":\"WebPage\",\"@id\":\"https:\/\/rede-esmar.gal\/ig408k-axudas-para-a-mellora-da-capacidade-da-innovacion-e-o-desenvolvemento-tecnoloxico-das-empresas-en-galicia-ticket-innova\/\",\"url\":\"https:\/\/rede-esmar.gal\/ig408k-axudas-para-a-mellora-da-capacidade-da-innovacion-e-o-desenvolvemento-tecnoloxico-das-empresas-en-galicia-ticket-innova\/\",\"name\":\"IG408K \u2013 Axudas para a mellora da capacidade da innovaci\u00f3n e o desenvolvemento tecnol\u00f3xico das empresas en Galicia (Ticket Innova) - ES\u00b7MAR\",\"isPartOf\":{\"@id\":\"https:\/\/rede-esmar.gal\/#website\"},\"datePublished\":\"2026-03-09T10:50:06+00:00\",\"dateModified\":\"2026-03-09T10:57:17+00:00\",\"breadcrumb\":{\"@id\":\"https:\/\/rede-esmar.gal\/ig408k-axudas-para-a-mellora-da-capacidade-da-innovacion-e-o-desenvolvemento-tecnoloxico-das-empresas-en-galicia-ticket-innova\/#breadcrumb\"},\"inLanguage\":\"es\",\"potentialAction\":[{\"@type\":\"ReadAction\",\"target\":[\"https:\/\/rede-esmar.gal\/ig408k-axudas-para-a-mellora-da-capacidade-da-innovacion-e-o-desenvolvemento-tecnoloxico-das-empresas-en-galicia-ticket-innova\/\"]}]},{\"@type\":\"BreadcrumbList\",\"@id\":\"https:\/\/rede-esmar.gal\/ig408k-axudas-para-a-mellora-da-capacidade-da-innovacion-e-o-desenvolvemento-tecnoloxico-das-empresas-en-galicia-ticket-innova\/#breadcrumb\",\"itemListElement\":[{\"@type\":\"ListItem\",\"position\":1,\"name\":\"Portada\",\"item\":\"https:\/\/rede-esmar.gal\/\"},{\"@type\":\"ListItem\",\"position\":2,\"name\":\"IG408K \u2013 Axudas para a mellora da capacidade da innovaci\u00f3n e o desenvolvemento tecnol\u00f3xico das empresas en Galicia (Ticket Innova)\"}]},{\"@type\":\"WebSite\",\"@id\":\"https:\/\/rede-esmar.gal\/#website\",\"url\":\"https:\/\/rede-esmar.gal\/\",\"name\":\"ES\u00b7MAR\",\"description\":\"\",\"publisher\":{\"@id\":\"https:\/\/rede-esmar.gal\/#organization\"},\"potentialAction\":[{\"@type\":\"SearchAction\",\"target\":{\"@type\":\"EntryPoint\",\"urlTemplate\":\"https:\/\/rede-esmar.gal\/?s={search_term_string}\"},\"query-input\":{\"@type\":\"PropertyValueSpecification\",\"valueRequired\":true,\"valueName\":\"search_term_string\"}}],\"inLanguage\":\"es\"},{\"@type\":\"Organization\",\"@id\":\"https:\/\/rede-esmar.gal\/#organization\",\"name\":\"ES\u00b7MAR\",\"url\":\"https:\/\/rede-esmar.gal\/\",\"logo\":{\"@type\":\"ImageObject\",\"inLanguage\":\"es\",\"@id\":\"https:\/\/rede-esmar.gal\/#\/schema\/logo\/image\/\",\"url\":\"https:\/\/rede-esmar.gal\/wp-content\/uploads\/2025\/01\/logo-web-blanco-1.png\",\"contentUrl\":\"https:\/\/rede-esmar.gal\/wp-content\/uploads\/2025\/01\/logo-web-blanco-1.png\",\"width\":300,\"height\":99,\"caption\":\"ES\u00b7MAR\"},\"image\":{\"@id\":\"https:\/\/rede-esmar.gal\/#\/schema\/logo\/image\/\"}},{\"@type\":\"Person\",\"@id\":\"https:\/\/rede-esmar.gal\/#\/schema\/person\/139b8b85b73b930d041c72a3752be3a2\",\"name\":\"Equipo coordinaci\u00f3n\",\"image\":{\"@type\":\"ImageObject\",\"inLanguage\":\"es\",\"@id\":\"https:\/\/rede-esmar.gal\/#\/schema\/person\/image\/\",\"url\":\"https:\/\/secure.gravatar.com\/avatar\/489362bff200fce5cfc1d56577a36629?s=96&d=mm&r=g\",\"contentUrl\":\"https:\/\/secure.gravatar.com\/avatar\/489362bff200fce5cfc1d56577a36629?s=96&d=mm&r=g\",\"caption\":\"Equipo coordinaci\u00f3n\"},\"url\":\"https:\/\/rede-esmar.gal\/es\/author\/marta\/\"}]}<\/script>\n<!-- \/ Yoast SEO plugin. -->","yoast_head_json":{"title":"IG408K \u2013 Axudas para a mellora da capacidade da innovaci\u00f3n e o desenvolvemento tecnol\u00f3xico das empresas en Galicia (Ticket Innova) - ES\u00b7MAR","robots":{"index":"index","follow":"follow","max-snippet":"max-snippet:-1","max-image-preview":"max-image-preview:large","max-video-preview":"max-video-preview:-1"},"canonical":"https:\/\/rede-esmar.gal\/es\/ig408k-axudas-para-a-mellora-da-capacidade-da-innovacion-e-o-desenvolvemento-tecnoloxico-das-empresas-en-galicia-ticket-innova\/","og_locale":"es_ES","og_type":"article","og_title":"IG408K \u2013 Axudas para a mellora da capacidade da innovaci\u00f3n e o desenvolvemento tecnol\u00f3xico das empresas en Galicia (Ticket Innova) - ES\u00b7MAR","og_description":"Prazo aberto. IG408K \u2013 Axudas para a mellora da capacidade da innovaci\u00f3n e o desenvolvemento tecnol\u00f3xico das empresas en Galicia (...)","og_url":"https:\/\/rede-esmar.gal\/es\/ig408k-axudas-para-a-mellora-da-capacidade-da-innovacion-e-o-desenvolvemento-tecnoloxico-das-empresas-en-galicia-ticket-innova\/","og_site_name":"ES\u00b7MAR","article_published_time":"2026-03-09T10:50:06+00:00","article_modified_time":"2026-03-09T10:57:17+00:00","author":"Equipo coordinaci\u00f3n","twitter_card":"summary_large_image","twitter_misc":{"Escrito por":"Equipo coordinaci\u00f3n","Tiempo de lectura":"2 minutos"},"schema":{"@context":"https:\/\/schema.org","@graph":[{"@type":"Article","@id":"https:\/\/rede-esmar.gal\/ig408k-axudas-para-a-mellora-da-capacidade-da-innovacion-e-o-desenvolvemento-tecnoloxico-das-empresas-en-galicia-ticket-innova\/#article","isPartOf":{"@id":"https:\/\/rede-esmar.gal\/ig408k-axudas-para-a-mellora-da-capacidade-da-innovacion-e-o-desenvolvemento-tecnoloxico-das-empresas-en-galicia-ticket-innova\/"},"author":{"name":"Equipo coordinaci\u00f3n","@id":"https:\/\/rede-esmar.gal\/#\/schema\/person\/139b8b85b73b930d041c72a3752be3a2"},"headline":"IG408K \u2013 Axudas para a mellora da capacidade da innovaci\u00f3n e o desenvolvemento tecnol\u00f3xico das empresas en Galicia (Ticket Innova)","datePublished":"2026-03-09T10:50:06+00:00","dateModified":"2026-03-09T10:57:17+00:00","mainEntityOfPage":{"@id":"https:\/\/rede-esmar.gal\/ig408k-axudas-para-a-mellora-da-capacidade-da-innovacion-e-o-desenvolvemento-tecnoloxico-das-empresas-en-galicia-ticket-innova\/"},"wordCount":309,"commentCount":0,"publisher":{"@id":"https:\/\/rede-esmar.gal\/#organization"},"articleSection":["Axudas"],"inLanguage":"es","potentialAction":[{"@type":"CommentAction","name":"Comment","target":["https:\/\/rede-esmar.gal\/ig408k-axudas-para-a-mellora-da-capacidade-da-innovacion-e-o-desenvolvemento-tecnoloxico-das-empresas-en-galicia-ticket-innova\/#respond"]}]},{"@type":"WebPage","@id":"https:\/\/rede-esmar.gal\/ig408k-axudas-para-a-mellora-da-capacidade-da-innovacion-e-o-desenvolvemento-tecnoloxico-das-empresas-en-galicia-ticket-innova\/","url":"https:\/\/rede-esmar.gal\/ig408k-axudas-para-a-mellora-da-capacidade-da-innovacion-e-o-desenvolvemento-tecnoloxico-das-empresas-en-galicia-ticket-innova\/","name":"IG408K \u2013 Axudas para a mellora da capacidade da innovaci\u00f3n e o desenvolvemento tecnol\u00f3xico das empresas en Galicia (Ticket Innova) - ES\u00b7MAR","isPartOf":{"@id":"https:\/\/rede-esmar.gal\/#website"},"datePublished":"2026-03-09T10:50:06+00:00","dateModified":"2026-03-09T10:57:17+00:00","breadcrumb":{"@id":"https:\/\/rede-esmar.gal\/ig408k-axudas-para-a-mellora-da-capacidade-da-innovacion-e-o-desenvolvemento-tecnoloxico-das-empresas-en-galicia-ticket-innova\/#breadcrumb"},"inLanguage":"es","potentialAction":[{"@type":"ReadAction","target":["https:\/\/rede-esmar.gal\/ig408k-axudas-para-a-mellora-da-capacidade-da-innovacion-e-o-desenvolvemento-tecnoloxico-das-empresas-en-galicia-ticket-innova\/"]}]},{"@type":"BreadcrumbList","@id":"https:\/\/rede-esmar.gal\/ig408k-axudas-para-a-mellora-da-capacidade-da-innovacion-e-o-desenvolvemento-tecnoloxico-das-empresas-en-galicia-ticket-innova\/#breadcrumb","itemListElement":[{"@type":"ListItem","position":1,"name":"Portada","item":"https:\/\/rede-esmar.gal\/"},{"@type":"ListItem","position":2,"name":"IG408K \u2013 Axudas para a mellora da capacidade da innovaci\u00f3n e o desenvolvemento tecnol\u00f3xico das empresas en Galicia (Ticket Innova)"}]},{"@type":"WebSite","@id":"https:\/\/rede-esmar.gal\/#website","url":"https:\/\/rede-esmar.gal\/","name":"ES\u00b7MAR","description":"","publisher":{"@id":"https:\/\/rede-esmar.gal\/#organization"},"potentialAction":[{"@type":"SearchAction","target":{"@type":"EntryPoint","urlTemplate":"https:\/\/rede-esmar.gal\/?s={search_term_string}"},"query-input":{"@type":"PropertyValueSpecification","valueRequired":true,"valueName":"search_term_string"}}],"inLanguage":"es"},{"@type":"Organization","@id":"https:\/\/rede-esmar.gal\/#organization","name":"ES\u00b7MAR","url":"https:\/\/rede-esmar.gal\/","logo":{"@type":"ImageObject","inLanguage":"es","@id":"https:\/\/rede-esmar.gal\/#\/schema\/logo\/image\/","url":"https:\/\/rede-esmar.gal\/wp-content\/uploads\/2025\/01\/logo-web-blanco-1.png","contentUrl":"https:\/\/rede-esmar.gal\/wp-content\/uploads\/2025\/01\/logo-web-blanco-1.png","width":300,"height":99,"caption":"ES\u00b7MAR"},"image":{"@id":"https:\/\/rede-esmar.gal\/#\/schema\/logo\/image\/"}},{"@type":"Person","@id":"https:\/\/rede-esmar.gal\/#\/schema\/person\/139b8b85b73b930d041c72a3752be3a2","name":"Equipo coordinaci\u00f3n","image":{"@type":"ImageObject","inLanguage":"es","@id":"https:\/\/rede-esmar.gal\/#\/schema\/person\/image\/","url":"https:\/\/secure.gravatar.com\/avatar\/489362bff200fce5cfc1d56577a36629?s=96&d=mm&r=g","contentUrl":"https:\/\/secure.gravatar.com\/avatar\/489362bff200fce5cfc1d56577a36629?s=96&d=mm&r=g","caption":"Equipo coordinaci\u00f3n"},"url":"https:\/\/rede-esmar.gal\/es\/author\/marta\/"}]}},"jetpack_featured_media_url":"","jetpack_sharing_enabled":true,"_links":{"self":[{"href":"https:\/\/rede-esmar.gal\/es\/wp-json\/wp\/v2\/posts\/15448","targetHints":{"allow":["GET"]}}],"collection":[{"href":"https:\/\/rede-esmar.gal\/es\/wp-json\/wp\/v2\/posts"}],"about":[{"href":"https:\/\/rede-esmar.gal\/es\/wp-json\/wp\/v2\/types\/post"}],"author":[{"embeddable":true,"href":"https:\/\/rede-esmar.gal\/es\/wp-json\/wp\/v2\/users\/6"}],"replies":[{"embeddable":true,"href":"https:\/\/rede-esmar.gal\/es\/wp-json\/wp\/v2\/comments?post=15448"}],"version-history":[{"count":2,"href":"https:\/\/rede-esmar.gal\/es\/wp-json\/wp\/v2\/posts\/15448\/revisions"}],"predecessor-version":[{"id":15451,"href":"https:\/\/rede-esmar.gal\/es\/wp-json\/wp\/v2\/posts\/15448\/revisions\/15451"}],"wp:attachment":[{"href":"https:\/\/rede-esmar.gal\/es\/wp-json\/wp\/v2\/media?parent=15448"}],"wp:term":[{"taxonomy":"category","embeddable":true,"href":"https:\/\/rede-esmar.gal\/es\/wp-json\/wp\/v2\/categories?post=15448"},{"taxonomy":"post_tag","embeddable":true,"href":"https:\/\/rede-esmar.gal\/es\/wp-json\/wp\/v2\/tags?post=15448"}],"curies":[{"name":"wp","href":"https:\/\/api.w.org\/{rel}","templated":true}]}}