{"id":15457,"date":"2026-03-09T19:29:44","date_gmt":"2026-03-09T18:29:44","guid":{"rendered":"https:\/\/rede-esmar.gal\/?p=15457"},"modified":"2026-03-09T19:29:47","modified_gmt":"2026-03-09T18:29:47","slug":"portos-de-galicia-e-asnauga-avalian-os-proxectos-de-mellora-das-darsenas-deportivas-para-este-ano","status":"publish","type":"post","link":"https:\/\/rede-esmar.gal\/es\/portos-de-galicia-e-asnauga-avalian-os-proxectos-de-mellora-das-darsenas-deportivas-para-este-ano\/","title":{"rendered":"Portos de Galicia y Asnauga eval\u00faan los proyectos de mejora de las d\u00e1rsenas deportivas para este a\u00f1o"},"content":{"rendered":"<p>El presidente de Portos de Galicia, Jos\u00e9 Antonio \u00c1lvarez, mantuvo el 6 de marzo una reuni\u00f3n con el presidente de la Asociaci\u00f3n de N\u00e1uticos de Galicia (ASNAUGA), Javier Ru\u00edz de Cort\u00e1zar, en la sede del ente p\u00fablico en Santiago. Durante lo encuentro, ambas partes hicieron un repaso de todas las propuestas de mejora de las instalaciones n\u00e1utico recreativas auton\u00f3micas para este a\u00f1o.<\/p>\n\n\n\n<p>Entre los temas tratados en la reuni\u00f3n, Asnauga present\u00f3 las propuestas que impulsan los clubes n\u00e1uticos c\u00f3mo gestores de las infraestructuras portuarias, para evaluar su viabilidad. En este sentido, se analizaron los permisos necesarios y, en su caso, las tramitaciones necesarias de concesiones o autorizaciones para desarrollar las actuaciones que se proponen.<\/p>\n\n\n\n<p>Fuente: Conseller\u00eda del Mar<\/p>\n\n\n\n<p><a href=\"https:\/\/mar.xunta.gal\/es\/informacion\/noticias\/noticia?time=03092026102719&amp;id=nova_022203.html\">Noticia | Portal da Conseller\u00eda do Mar<\/a><\/p>","protected":false},"excerpt":{"rendered":"<p>El presidente de Portos de Galicia, Jos\u00e9 Antonio \u00c1lvarez, mantuvo el 6 de marzo una reuni\u00f3n con el presidente de la Asociaci\u00f3n de Na\u00faticos de Galicia (ASNAUGA) (...)<\/p>","protected":false},"author":6,"featured_media":0,"comment_status":"open","ping_status":"open","sticky":false,"template":"","format":"standard","meta":{"_acf_changed":false,"saved_in_kubio":false,"content-type":"","osom_blocks_metabox":"","_monsterinsights_skip_tracking":false,"_monsterinsights_sitenote_active":false,"_monsterinsights_sitenote_note":"","_monsterinsights_sitenote_category":0,"_price":"","_stock":"","_tribe_ticket_header":"","_tribe_default_ticket_provider":"","_tribe_ticket_capacity":"0","_ticket_start_date":"","_ticket_end_date":"","_tribe_ticket_show_description":"","_tribe_ticket_show_not_going":false,"_tribe_ticket_use_global_stock":"","_tribe_ticket_global_stock_level":"","_global_stock_mode":"","_global_stock_cap":"","_tribe_rsvp_for_event":"","_tribe_ticket_going_count":"","_tribe_ticket_not_going_count":"","_tribe_tickets_list":"[]","_tribe_ticket_has_attendee_info_fields":false,"_EventAllDay":false,"_EventTimezone":"","_EventStartDate":"","_EventEndDate":"","_EventStartDateUTC":"","_EventEndDateUTC":"","_EventShowMap":false,"_EventShowMapLink":false,"_EventURL":"","_EventCost":"","_EventCostDescription":"","_EventCurrencySymbol":"","_EventCurrencyCode":"","_EventCurrencyPosition":"","_EventDateTimeSeparator":"","_EventTimeRangeSeparator":"","_EventOrganizerID":[],"_EventVenueID":[],"_OrganizerEmail":"","_OrganizerPhone":"","_OrganizerWebsite":"","_VenueAddress":"","_VenueCity":"","_VenueCountry":"","_VenueProvince":"","_VenueState":"","_VenueZip":"","_VenuePhone":"","_VenueURL":"","_VenueStateProvince":"","_VenueLat":"","_VenueLng":"","_VenueShowMap":false,"_VenueShowMapLink":false,"_jetpack_memberships_contains_paid_content":false,"footnotes":""},"categories":[1],"tags":[],"class_list":["post-15457","post","type-post","status-publish","format-standard","hentry","category-actualidade"],"acf":[],"yoast_head":"<!-- This site is optimized with the Yoast SEO plugin v26.1.1 - https:\/\/yoast.com\/wordpress\/plugins\/seo\/ -->\n<title>Portos de Galicia e Asnauga aval\u00edan os proxectos de mellora das d\u00e1rsenas deportivas para este ano - ES\u00b7MAR<\/title>\n<meta name=\"robots\" content=\"index, follow, max-snippet:-1, max-image-preview:large, max-video-preview:-1\" \/>\n<link rel=\"canonical\" href=\"https:\/\/rede-esmar.gal\/es\/portos-de-galicia-e-asnauga-avalian-os-proxectos-de-mellora-das-darsenas-deportivas-para-este-ano\/\" \/>\n<meta property=\"og:locale\" content=\"es_ES\" \/>\n<meta property=\"og:type\" content=\"article\" \/>\n<meta property=\"og:title\" content=\"Portos de Galicia e Asnauga aval\u00edan os proxectos de mellora das d\u00e1rsenas deportivas para este ano - ES\u00b7MAR\" \/>\n<meta property=\"og:description\" content=\"O presidente de Portos de Galicia, Jos\u00e9 Antonio \u00c1lvarez, mantivo o 6 de marzo unha reuni\u00f3n co presidente da Asociaci\u00f3n de N\u00e1uticos de Galicia (ASNAUGA) (...)\" \/>\n<meta property=\"og:url\" content=\"https:\/\/rede-esmar.gal\/es\/portos-de-galicia-e-asnauga-avalian-os-proxectos-de-mellora-das-darsenas-deportivas-para-este-ano\/\" \/>\n<meta property=\"og:site_name\" content=\"ES\u00b7MAR\" \/>\n<meta property=\"article:published_time\" content=\"2026-03-09T18:29:44+00:00\" \/>\n<meta property=\"article:modified_time\" content=\"2026-03-09T18:29:47+00:00\" \/>\n<meta name=\"author\" content=\"Equipo coordinaci\u00f3n\" \/>\n<meta name=\"twitter:card\" content=\"summary_large_image\" \/>\n<meta name=\"twitter:label1\" content=\"Escrito por\" \/>\n\t<meta name=\"twitter:data1\" content=\"Equipo coordinaci\u00f3n\" \/>\n\t<meta name=\"twitter:label2\" content=\"Tiempo de lectura\" \/>\n\t<meta name=\"twitter:data2\" content=\"1 minuto\" \/>\n<script type=\"application\/ld+json\" class=\"yoast-schema-graph\">{\"@context\":\"https:\/\/schema.org\",\"@graph\":[{\"@type\":\"Article\",\"@id\":\"https:\/\/rede-esmar.gal\/portos-de-galicia-e-asnauga-avalian-os-proxectos-de-mellora-das-darsenas-deportivas-para-este-ano\/#article\",\"isPartOf\":{\"@id\":\"https:\/\/rede-esmar.gal\/portos-de-galicia-e-asnauga-avalian-os-proxectos-de-mellora-das-darsenas-deportivas-para-este-ano\/\"},\"author\":{\"name\":\"Equipo coordinaci\u00f3n\",\"@id\":\"https:\/\/rede-esmar.gal\/#\/schema\/person\/139b8b85b73b930d041c72a3752be3a2\"},\"headline\":\"Portos de Galicia e Asnauga aval\u00edan os proxectos de mellora das d\u00e1rsenas deportivas para este ano\",\"datePublished\":\"2026-03-09T18:29:44+00:00\",\"dateModified\":\"2026-03-09T18:29:47+00:00\",\"mainEntityOfPage\":{\"@id\":\"https:\/\/rede-esmar.gal\/portos-de-galicia-e-asnauga-avalian-os-proxectos-de-mellora-das-darsenas-deportivas-para-este-ano\/\"},\"wordCount\":155,\"commentCount\":0,\"publisher\":{\"@id\":\"https:\/\/rede-esmar.gal\/#organization\"},\"articleSection\":[\"Actualidade\"],\"inLanguage\":\"es\",\"potentialAction\":[{\"@type\":\"CommentAction\",\"name\":\"Comment\",\"target\":[\"https:\/\/rede-esmar.gal\/portos-de-galicia-e-asnauga-avalian-os-proxectos-de-mellora-das-darsenas-deportivas-para-este-ano\/#respond\"]}]},{\"@type\":\"WebPage\",\"@id\":\"https:\/\/rede-esmar.gal\/portos-de-galicia-e-asnauga-avalian-os-proxectos-de-mellora-das-darsenas-deportivas-para-este-ano\/\",\"url\":\"https:\/\/rede-esmar.gal\/portos-de-galicia-e-asnauga-avalian-os-proxectos-de-mellora-das-darsenas-deportivas-para-este-ano\/\",\"name\":\"Portos de Galicia e Asnauga aval\u00edan os proxectos de mellora das d\u00e1rsenas deportivas para este ano - ES\u00b7MAR\",\"isPartOf\":{\"@id\":\"https:\/\/rede-esmar.gal\/#website\"},\"datePublished\":\"2026-03-09T18:29:44+00:00\",\"dateModified\":\"2026-03-09T18:29:47+00:00\",\"breadcrumb\":{\"@id\":\"https:\/\/rede-esmar.gal\/portos-de-galicia-e-asnauga-avalian-os-proxectos-de-mellora-das-darsenas-deportivas-para-este-ano\/#breadcrumb\"},\"inLanguage\":\"es\",\"potentialAction\":[{\"@type\":\"ReadAction\",\"target\":[\"https:\/\/rede-esmar.gal\/portos-de-galicia-e-asnauga-avalian-os-proxectos-de-mellora-das-darsenas-deportivas-para-este-ano\/\"]}]},{\"@type\":\"BreadcrumbList\",\"@id\":\"https:\/\/rede-esmar.gal\/portos-de-galicia-e-asnauga-avalian-os-proxectos-de-mellora-das-darsenas-deportivas-para-este-ano\/#breadcrumb\",\"itemListElement\":[{\"@type\":\"ListItem\",\"position\":1,\"name\":\"Portada\",\"item\":\"https:\/\/rede-esmar.gal\/\"},{\"@type\":\"ListItem\",\"position\":2,\"name\":\"Portos de Galicia e Asnauga aval\u00edan os proxectos de mellora das d\u00e1rsenas deportivas para este ano\"}]},{\"@type\":\"WebSite\",\"@id\":\"https:\/\/rede-esmar.gal\/#website\",\"url\":\"https:\/\/rede-esmar.gal\/\",\"name\":\"ES\u00b7MAR\",\"description\":\"\",\"publisher\":{\"@id\":\"https:\/\/rede-esmar.gal\/#organization\"},\"potentialAction\":[{\"@type\":\"SearchAction\",\"target\":{\"@type\":\"EntryPoint\",\"urlTemplate\":\"https:\/\/rede-esmar.gal\/?s={search_term_string}\"},\"query-input\":{\"@type\":\"PropertyValueSpecification\",\"valueRequired\":true,\"valueName\":\"search_term_string\"}}],\"inLanguage\":\"es\"},{\"@type\":\"Organization\",\"@id\":\"https:\/\/rede-esmar.gal\/#organization\",\"name\":\"ES\u00b7MAR\",\"url\":\"https:\/\/rede-esmar.gal\/\",\"logo\":{\"@type\":\"ImageObject\",\"inLanguage\":\"es\",\"@id\":\"https:\/\/rede-esmar.gal\/#\/schema\/logo\/image\/\",\"url\":\"https:\/\/rede-esmar.gal\/wp-content\/uploads\/2025\/01\/logo-web-blanco-1.png\",\"contentUrl\":\"https:\/\/rede-esmar.gal\/wp-content\/uploads\/2025\/01\/logo-web-blanco-1.png\",\"width\":300,\"height\":99,\"caption\":\"ES\u00b7MAR\"},\"image\":{\"@id\":\"https:\/\/rede-esmar.gal\/#\/schema\/logo\/image\/\"}},{\"@type\":\"Person\",\"@id\":\"https:\/\/rede-esmar.gal\/#\/schema\/person\/139b8b85b73b930d041c72a3752be3a2\",\"name\":\"Equipo coordinaci\u00f3n\",\"image\":{\"@type\":\"ImageObject\",\"inLanguage\":\"es\",\"@id\":\"https:\/\/rede-esmar.gal\/#\/schema\/person\/image\/\",\"url\":\"https:\/\/secure.gravatar.com\/avatar\/489362bff200fce5cfc1d56577a36629?s=96&d=mm&r=g\",\"contentUrl\":\"https:\/\/secure.gravatar.com\/avatar\/489362bff200fce5cfc1d56577a36629?s=96&d=mm&r=g\",\"caption\":\"Equipo coordinaci\u00f3n\"},\"url\":\"https:\/\/rede-esmar.gal\/es\/author\/marta\/\"}]}<\/script>\n<!-- \/ Yoast SEO plugin. -->","yoast_head_json":{"title":"Portos de Galicia e Asnauga aval\u00edan os proxectos de mellora das d\u00e1rsenas deportivas para este ano - ES\u00b7MAR","robots":{"index":"index","follow":"follow","max-snippet":"max-snippet:-1","max-image-preview":"max-image-preview:large","max-video-preview":"max-video-preview:-1"},"canonical":"https:\/\/rede-esmar.gal\/es\/portos-de-galicia-e-asnauga-avalian-os-proxectos-de-mellora-das-darsenas-deportivas-para-este-ano\/","og_locale":"es_ES","og_type":"article","og_title":"Portos de Galicia e Asnauga aval\u00edan os proxectos de mellora das d\u00e1rsenas deportivas para este ano - ES\u00b7MAR","og_description":"O presidente de Portos de Galicia, Jos\u00e9 Antonio \u00c1lvarez, mantivo o 6 de marzo unha reuni\u00f3n co presidente da Asociaci\u00f3n de N\u00e1uticos de Galicia (ASNAUGA) (...)","og_url":"https:\/\/rede-esmar.gal\/es\/portos-de-galicia-e-asnauga-avalian-os-proxectos-de-mellora-das-darsenas-deportivas-para-este-ano\/","og_site_name":"ES\u00b7MAR","article_published_time":"2026-03-09T18:29:44+00:00","article_modified_time":"2026-03-09T18:29:47+00:00","author":"Equipo coordinaci\u00f3n","twitter_card":"summary_large_image","twitter_misc":{"Escrito por":"Equipo coordinaci\u00f3n","Tiempo de lectura":"1 minuto"},"schema":{"@context":"https:\/\/schema.org","@graph":[{"@type":"Article","@id":"https:\/\/rede-esmar.gal\/portos-de-galicia-e-asnauga-avalian-os-proxectos-de-mellora-das-darsenas-deportivas-para-este-ano\/#article","isPartOf":{"@id":"https:\/\/rede-esmar.gal\/portos-de-galicia-e-asnauga-avalian-os-proxectos-de-mellora-das-darsenas-deportivas-para-este-ano\/"},"author":{"name":"Equipo coordinaci\u00f3n","@id":"https:\/\/rede-esmar.gal\/#\/schema\/person\/139b8b85b73b930d041c72a3752be3a2"},"headline":"Portos de Galicia e Asnauga aval\u00edan os proxectos de mellora das d\u00e1rsenas deportivas para este ano","datePublished":"2026-03-09T18:29:44+00:00","dateModified":"2026-03-09T18:29:47+00:00","mainEntityOfPage":{"@id":"https:\/\/rede-esmar.gal\/portos-de-galicia-e-asnauga-avalian-os-proxectos-de-mellora-das-darsenas-deportivas-para-este-ano\/"},"wordCount":155,"commentCount":0,"publisher":{"@id":"https:\/\/rede-esmar.gal\/#organization"},"articleSection":["Actualidade"],"inLanguage":"es","potentialAction":[{"@type":"CommentAction","name":"Comment","target":["https:\/\/rede-esmar.gal\/portos-de-galicia-e-asnauga-avalian-os-proxectos-de-mellora-das-darsenas-deportivas-para-este-ano\/#respond"]}]},{"@type":"WebPage","@id":"https:\/\/rede-esmar.gal\/portos-de-galicia-e-asnauga-avalian-os-proxectos-de-mellora-das-darsenas-deportivas-para-este-ano\/","url":"https:\/\/rede-esmar.gal\/portos-de-galicia-e-asnauga-avalian-os-proxectos-de-mellora-das-darsenas-deportivas-para-este-ano\/","name":"Portos de Galicia e Asnauga aval\u00edan os proxectos de mellora das d\u00e1rsenas deportivas para este ano - ES\u00b7MAR","isPartOf":{"@id":"https:\/\/rede-esmar.gal\/#website"},"datePublished":"2026-03-09T18:29:44+00:00","dateModified":"2026-03-09T18:29:47+00:00","breadcrumb":{"@id":"https:\/\/rede-esmar.gal\/portos-de-galicia-e-asnauga-avalian-os-proxectos-de-mellora-das-darsenas-deportivas-para-este-ano\/#breadcrumb"},"inLanguage":"es","potentialAction":[{"@type":"ReadAction","target":["https:\/\/rede-esmar.gal\/portos-de-galicia-e-asnauga-avalian-os-proxectos-de-mellora-das-darsenas-deportivas-para-este-ano\/"]}]},{"@type":"BreadcrumbList","@id":"https:\/\/rede-esmar.gal\/portos-de-galicia-e-asnauga-avalian-os-proxectos-de-mellora-das-darsenas-deportivas-para-este-ano\/#breadcrumb","itemListElement":[{"@type":"ListItem","position":1,"name":"Portada","item":"https:\/\/rede-esmar.gal\/"},{"@type":"ListItem","position":2,"name":"Portos de Galicia e Asnauga aval\u00edan os proxectos de mellora das d\u00e1rsenas deportivas para este ano"}]},{"@type":"WebSite","@id":"https:\/\/rede-esmar.gal\/#website","url":"https:\/\/rede-esmar.gal\/","name":"ES\u00b7MAR","description":"","publisher":{"@id":"https:\/\/rede-esmar.gal\/#organization"},"potentialAction":[{"@type":"SearchAction","target":{"@type":"EntryPoint","urlTemplate":"https:\/\/rede-esmar.gal\/?s={search_term_string}"},"query-input":{"@type":"PropertyValueSpecification","valueRequired":true,"valueName":"search_term_string"}}],"inLanguage":"es"},{"@type":"Organization","@id":"https:\/\/rede-esmar.gal\/#organization","name":"ES\u00b7MAR","url":"https:\/\/rede-esmar.gal\/","logo":{"@type":"ImageObject","inLanguage":"es","@id":"https:\/\/rede-esmar.gal\/#\/schema\/logo\/image\/","url":"https:\/\/rede-esmar.gal\/wp-content\/uploads\/2025\/01\/logo-web-blanco-1.png","contentUrl":"https:\/\/rede-esmar.gal\/wp-content\/uploads\/2025\/01\/logo-web-blanco-1.png","width":300,"height":99,"caption":"ES\u00b7MAR"},"image":{"@id":"https:\/\/rede-esmar.gal\/#\/schema\/logo\/image\/"}},{"@type":"Person","@id":"https:\/\/rede-esmar.gal\/#\/schema\/person\/139b8b85b73b930d041c72a3752be3a2","name":"Equipo coordinaci\u00f3n","image":{"@type":"ImageObject","inLanguage":"es","@id":"https:\/\/rede-esmar.gal\/#\/schema\/person\/image\/","url":"https:\/\/secure.gravatar.com\/avatar\/489362bff200fce5cfc1d56577a36629?s=96&d=mm&r=g","contentUrl":"https:\/\/secure.gravatar.com\/avatar\/489362bff200fce5cfc1d56577a36629?s=96&d=mm&r=g","caption":"Equipo coordinaci\u00f3n"},"url":"https:\/\/rede-esmar.gal\/es\/author\/marta\/"}]}},"jetpack_featured_media_url":"","jetpack_sharing_enabled":true,"_links":{"self":[{"href":"https:\/\/rede-esmar.gal\/es\/wp-json\/wp\/v2\/posts\/15457","targetHints":{"allow":["GET"]}}],"collection":[{"href":"https:\/\/rede-esmar.gal\/es\/wp-json\/wp\/v2\/posts"}],"about":[{"href":"https:\/\/rede-esmar.gal\/es\/wp-json\/wp\/v2\/types\/post"}],"author":[{"embeddable":true,"href":"https:\/\/rede-esmar.gal\/es\/wp-json\/wp\/v2\/users\/6"}],"replies":[{"embeddable":true,"href":"https:\/\/rede-esmar.gal\/es\/wp-json\/wp\/v2\/comments?post=15457"}],"version-history":[{"count":1,"href":"https:\/\/rede-esmar.gal\/es\/wp-json\/wp\/v2\/posts\/15457\/revisions"}],"predecessor-version":[{"id":15459,"href":"https:\/\/rede-esmar.gal\/es\/wp-json\/wp\/v2\/posts\/15457\/revisions\/15459"}],"wp:attachment":[{"href":"https:\/\/rede-esmar.gal\/es\/wp-json\/wp\/v2\/media?parent=15457"}],"wp:term":[{"taxonomy":"category","embeddable":true,"href":"https:\/\/rede-esmar.gal\/es\/wp-json\/wp\/v2\/categories?post=15457"},{"taxonomy":"post_tag","embeddable":true,"href":"https:\/\/rede-esmar.gal\/es\/wp-json\/wp\/v2\/tags?post=15457"}],"curies":[{"name":"wp","href":"https:\/\/api.w.org\/{rel}","templated":true}]}}