{"id":15461,"date":"2026-03-09T19:16:30","date_gmt":"2026-03-09T18:16:30","guid":{"rendered":"https:\/\/rede-esmar.gal\/?p=15461"},"modified":"2026-03-09T19:16:33","modified_gmt":"2026-03-09T18:16:33","slug":"mar-e-as-confrarias-acordan-a-apertura-do-libre-marisqueo-en-sada-a-partir-do-luns-9-de-marzo","status":"publish","type":"post","link":"https:\/\/rede-esmar.gal\/es\/mar-e-as-confrarias-acordan-a-apertura-do-libre-marisqueo-en-sada-a-partir-do-luns-9-de-marzo\/","title":{"rendered":"Mar y las cofrad\u00edas acuerdan la apertura del libre marisqueo en Sada a partir del 9 de marzo"},"content":{"rendered":"<p>La directora xeral de Desenvolvemento Pesqueiro, \u00c1ngeles V. Su\u00e1rez mantuvo hoy un nuevo encuentro telem\u00e1tico con representantes de las cofrad\u00edas de la zona VII para abordar la apertura del libre marisqueo en el \u00e1mbito de Sada, que se ha iniciado el lunes 9 de marzo y terminar\u00e1 el 31 de este mes.<\/p>\n\n\n\n<p>Esta decisi\u00f3n se produce despu\u00e9s de la evaluaci\u00f3n t\u00e9cnica realizada en los bancos marisqueros de la zona, que confirm\u00f3 la presencia de recurso suficiente para permitir la actividad extractiva. De este modo, se estableci\u00f3 un tope de 6 kilos para babosa, frente a los 8 kilos de la pasada campa\u00f1a de Navidad, 2 kilos de almeja rubia y 1 kilo de cornicha, dos especies que no fueron capturadas en diciembre.<\/p>\n\n\n\n<p>Fuente: Conseller\u00eda del Mar<\/p>\n\n\n\n<p><a href=\"https:\/\/mar.xunta.gal\/es\/informacion\/noticias\/noticia?time=03092026102719&amp;id=nova_022129.html\">Noticia | Portal da Conseller\u00eda do Mar<\/a><\/p>\n\n\n\n<p><\/p>","protected":false},"excerpt":{"rendered":"<p>La directora general de Desarrollo Pesquero, \u00c1ngeles V. Su\u00e1rez mantuvo el 5 de marzo un nuevo encuentro telem\u00e1tico con representantes de las cofrad\u00edas de la zona VII para abordar la apertura del [\u2026]<\/p>","protected":false},"author":6,"featured_media":0,"comment_status":"open","ping_status":"open","sticky":false,"template":"","format":"standard","meta":{"_acf_changed":false,"saved_in_kubio":false,"content-type":"","osom_blocks_metabox":"","_monsterinsights_skip_tracking":false,"_monsterinsights_sitenote_active":false,"_monsterinsights_sitenote_note":"","_monsterinsights_sitenote_category":0,"_price":"","_stock":"","_tribe_ticket_header":"","_tribe_default_ticket_provider":"","_tribe_ticket_capacity":"0","_ticket_start_date":"","_ticket_end_date":"","_tribe_ticket_show_description":"","_tribe_ticket_show_not_going":false,"_tribe_ticket_use_global_stock":"","_tribe_ticket_global_stock_level":"","_global_stock_mode":"","_global_stock_cap":"","_tribe_rsvp_for_event":"","_tribe_ticket_going_count":"","_tribe_ticket_not_going_count":"","_tribe_tickets_list":"[]","_tribe_ticket_has_attendee_info_fields":false,"_EventAllDay":false,"_EventTimezone":"","_EventStartDate":"","_EventEndDate":"","_EventStartDateUTC":"","_EventEndDateUTC":"","_EventShowMap":false,"_EventShowMapLink":false,"_EventURL":"","_EventCost":"","_EventCostDescription":"","_EventCurrencySymbol":"","_EventCurrencyCode":"","_EventCurrencyPosition":"","_EventDateTimeSeparator":"","_EventTimeRangeSeparator":"","_EventOrganizerID":[],"_EventVenueID":[],"_OrganizerEmail":"","_OrganizerPhone":"","_OrganizerWebsite":"","_VenueAddress":"","_VenueCity":"","_VenueCountry":"","_VenueProvince":"","_VenueState":"","_VenueZip":"","_VenuePhone":"","_VenueURL":"","_VenueStateProvince":"","_VenueLat":"","_VenueLng":"","_VenueShowMap":false,"_VenueShowMapLink":false,"_jetpack_memberships_contains_paid_content":false,"footnotes":""},"categories":[1],"tags":[],"class_list":["post-15461","post","type-post","status-publish","format-standard","hentry","category-actualidade"],"acf":[],"yoast_head":"<!-- This site is optimized with the Yoast SEO plugin v26.1.1 - https:\/\/yoast.com\/wordpress\/plugins\/seo\/ -->\n<title>Mar e as confrar\u00edas acordan a apertura do libre marisqueo en Sada a partir do luns 9 de marzo - ES\u00b7MAR<\/title>\n<meta name=\"robots\" content=\"index, follow, max-snippet:-1, max-image-preview:large, max-video-preview:-1\" \/>\n<link rel=\"canonical\" href=\"https:\/\/rede-esmar.gal\/es\/mar-e-as-confrarias-acordan-a-apertura-do-libre-marisqueo-en-sada-a-partir-do-luns-9-de-marzo\/\" \/>\n<meta property=\"og:locale\" content=\"es_ES\" \/>\n<meta property=\"og:type\" content=\"article\" \/>\n<meta property=\"og:title\" content=\"Mar e as confrar\u00edas acordan a apertura do libre marisqueo en Sada a partir do luns 9 de marzo - ES\u00b7MAR\" \/>\n<meta property=\"og:description\" content=\"A directora xeral de Desenvolvemento Pesqueiro, \u00c1ngeles V. Su\u00e1rez mantivo o 5 de marzo un novo encontro telem\u00e1tico con representantes das confrar\u00edas da zona VII para abordar a apertura do [&hellip;]\" \/>\n<meta property=\"og:url\" content=\"https:\/\/rede-esmar.gal\/es\/mar-e-as-confrarias-acordan-a-apertura-do-libre-marisqueo-en-sada-a-partir-do-luns-9-de-marzo\/\" \/>\n<meta property=\"og:site_name\" content=\"ES\u00b7MAR\" \/>\n<meta property=\"article:published_time\" content=\"2026-03-09T18:16:30+00:00\" \/>\n<meta property=\"article:modified_time\" content=\"2026-03-09T18:16:33+00:00\" \/>\n<meta name=\"author\" content=\"Equipo coordinaci\u00f3n\" \/>\n<meta name=\"twitter:card\" content=\"summary_large_image\" \/>\n<meta name=\"twitter:label1\" content=\"Escrito por\" \/>\n\t<meta name=\"twitter:data1\" content=\"Equipo coordinaci\u00f3n\" \/>\n\t<meta name=\"twitter:label2\" content=\"Tiempo de lectura\" \/>\n\t<meta name=\"twitter:data2\" content=\"1 minuto\" \/>\n<script type=\"application\/ld+json\" class=\"yoast-schema-graph\">{\"@context\":\"https:\/\/schema.org\",\"@graph\":[{\"@type\":\"Article\",\"@id\":\"https:\/\/rede-esmar.gal\/mar-e-as-confrarias-acordan-a-apertura-do-libre-marisqueo-en-sada-a-partir-do-luns-9-de-marzo\/#article\",\"isPartOf\":{\"@id\":\"https:\/\/rede-esmar.gal\/mar-e-as-confrarias-acordan-a-apertura-do-libre-marisqueo-en-sada-a-partir-do-luns-9-de-marzo\/\"},\"author\":{\"name\":\"Equipo coordinaci\u00f3n\",\"@id\":\"https:\/\/rede-esmar.gal\/#\/schema\/person\/139b8b85b73b930d041c72a3752be3a2\"},\"headline\":\"Mar e as confrar\u00edas acordan a apertura do libre marisqueo en Sada a partir do luns 9 de marzo\",\"datePublished\":\"2026-03-09T18:16:30+00:00\",\"dateModified\":\"2026-03-09T18:16:33+00:00\",\"mainEntityOfPage\":{\"@id\":\"https:\/\/rede-esmar.gal\/mar-e-as-confrarias-acordan-a-apertura-do-libre-marisqueo-en-sada-a-partir-do-luns-9-de-marzo\/\"},\"wordCount\":145,\"commentCount\":0,\"publisher\":{\"@id\":\"https:\/\/rede-esmar.gal\/#organization\"},\"articleSection\":[\"Actualidade\"],\"inLanguage\":\"es\",\"potentialAction\":[{\"@type\":\"CommentAction\",\"name\":\"Comment\",\"target\":[\"https:\/\/rede-esmar.gal\/mar-e-as-confrarias-acordan-a-apertura-do-libre-marisqueo-en-sada-a-partir-do-luns-9-de-marzo\/#respond\"]}]},{\"@type\":\"WebPage\",\"@id\":\"https:\/\/rede-esmar.gal\/mar-e-as-confrarias-acordan-a-apertura-do-libre-marisqueo-en-sada-a-partir-do-luns-9-de-marzo\/\",\"url\":\"https:\/\/rede-esmar.gal\/mar-e-as-confrarias-acordan-a-apertura-do-libre-marisqueo-en-sada-a-partir-do-luns-9-de-marzo\/\",\"name\":\"Mar e as confrar\u00edas acordan a apertura do libre marisqueo en Sada a partir do luns 9 de marzo - ES\u00b7MAR\",\"isPartOf\":{\"@id\":\"https:\/\/rede-esmar.gal\/#website\"},\"datePublished\":\"2026-03-09T18:16:30+00:00\",\"dateModified\":\"2026-03-09T18:16:33+00:00\",\"breadcrumb\":{\"@id\":\"https:\/\/rede-esmar.gal\/mar-e-as-confrarias-acordan-a-apertura-do-libre-marisqueo-en-sada-a-partir-do-luns-9-de-marzo\/#breadcrumb\"},\"inLanguage\":\"es\",\"potentialAction\":[{\"@type\":\"ReadAction\",\"target\":[\"https:\/\/rede-esmar.gal\/mar-e-as-confrarias-acordan-a-apertura-do-libre-marisqueo-en-sada-a-partir-do-luns-9-de-marzo\/\"]}]},{\"@type\":\"BreadcrumbList\",\"@id\":\"https:\/\/rede-esmar.gal\/mar-e-as-confrarias-acordan-a-apertura-do-libre-marisqueo-en-sada-a-partir-do-luns-9-de-marzo\/#breadcrumb\",\"itemListElement\":[{\"@type\":\"ListItem\",\"position\":1,\"name\":\"Portada\",\"item\":\"https:\/\/rede-esmar.gal\/\"},{\"@type\":\"ListItem\",\"position\":2,\"name\":\"Mar e as confrar\u00edas acordan a apertura do libre marisqueo en Sada a partir do luns 9 de marzo\"}]},{\"@type\":\"WebSite\",\"@id\":\"https:\/\/rede-esmar.gal\/#website\",\"url\":\"https:\/\/rede-esmar.gal\/\",\"name\":\"ES\u00b7MAR\",\"description\":\"\",\"publisher\":{\"@id\":\"https:\/\/rede-esmar.gal\/#organization\"},\"potentialAction\":[{\"@type\":\"SearchAction\",\"target\":{\"@type\":\"EntryPoint\",\"urlTemplate\":\"https:\/\/rede-esmar.gal\/?s={search_term_string}\"},\"query-input\":{\"@type\":\"PropertyValueSpecification\",\"valueRequired\":true,\"valueName\":\"search_term_string\"}}],\"inLanguage\":\"es\"},{\"@type\":\"Organization\",\"@id\":\"https:\/\/rede-esmar.gal\/#organization\",\"name\":\"ES\u00b7MAR\",\"url\":\"https:\/\/rede-esmar.gal\/\",\"logo\":{\"@type\":\"ImageObject\",\"inLanguage\":\"es\",\"@id\":\"https:\/\/rede-esmar.gal\/#\/schema\/logo\/image\/\",\"url\":\"https:\/\/rede-esmar.gal\/wp-content\/uploads\/2025\/01\/logo-web-blanco-1.png\",\"contentUrl\":\"https:\/\/rede-esmar.gal\/wp-content\/uploads\/2025\/01\/logo-web-blanco-1.png\",\"width\":300,\"height\":99,\"caption\":\"ES\u00b7MAR\"},\"image\":{\"@id\":\"https:\/\/rede-esmar.gal\/#\/schema\/logo\/image\/\"}},{\"@type\":\"Person\",\"@id\":\"https:\/\/rede-esmar.gal\/#\/schema\/person\/139b8b85b73b930d041c72a3752be3a2\",\"name\":\"Equipo coordinaci\u00f3n\",\"image\":{\"@type\":\"ImageObject\",\"inLanguage\":\"es\",\"@id\":\"https:\/\/rede-esmar.gal\/#\/schema\/person\/image\/\",\"url\":\"https:\/\/secure.gravatar.com\/avatar\/489362bff200fce5cfc1d56577a36629?s=96&d=mm&r=g\",\"contentUrl\":\"https:\/\/secure.gravatar.com\/avatar\/489362bff200fce5cfc1d56577a36629?s=96&d=mm&r=g\",\"caption\":\"Equipo coordinaci\u00f3n\"},\"url\":\"https:\/\/rede-esmar.gal\/es\/author\/marta\/\"}]}<\/script>\n<!-- \/ Yoast SEO plugin. -->","yoast_head_json":{"title":"Mar e as confrar\u00edas acordan a apertura do libre marisqueo en Sada a partir do luns 9 de marzo - ES\u00b7MAR","robots":{"index":"index","follow":"follow","max-snippet":"max-snippet:-1","max-image-preview":"max-image-preview:large","max-video-preview":"max-video-preview:-1"},"canonical":"https:\/\/rede-esmar.gal\/es\/mar-e-as-confrarias-acordan-a-apertura-do-libre-marisqueo-en-sada-a-partir-do-luns-9-de-marzo\/","og_locale":"es_ES","og_type":"article","og_title":"Mar e as confrar\u00edas acordan a apertura do libre marisqueo en Sada a partir do luns 9 de marzo - ES\u00b7MAR","og_description":"A directora xeral de Desenvolvemento Pesqueiro, \u00c1ngeles V. Su\u00e1rez mantivo o 5 de marzo un novo encontro telem\u00e1tico con representantes das confrar\u00edas da zona VII para abordar a apertura do [&hellip;]","og_url":"https:\/\/rede-esmar.gal\/es\/mar-e-as-confrarias-acordan-a-apertura-do-libre-marisqueo-en-sada-a-partir-do-luns-9-de-marzo\/","og_site_name":"ES\u00b7MAR","article_published_time":"2026-03-09T18:16:30+00:00","article_modified_time":"2026-03-09T18:16:33+00:00","author":"Equipo coordinaci\u00f3n","twitter_card":"summary_large_image","twitter_misc":{"Escrito por":"Equipo coordinaci\u00f3n","Tiempo de lectura":"1 minuto"},"schema":{"@context":"https:\/\/schema.org","@graph":[{"@type":"Article","@id":"https:\/\/rede-esmar.gal\/mar-e-as-confrarias-acordan-a-apertura-do-libre-marisqueo-en-sada-a-partir-do-luns-9-de-marzo\/#article","isPartOf":{"@id":"https:\/\/rede-esmar.gal\/mar-e-as-confrarias-acordan-a-apertura-do-libre-marisqueo-en-sada-a-partir-do-luns-9-de-marzo\/"},"author":{"name":"Equipo coordinaci\u00f3n","@id":"https:\/\/rede-esmar.gal\/#\/schema\/person\/139b8b85b73b930d041c72a3752be3a2"},"headline":"Mar e as confrar\u00edas acordan a apertura do libre marisqueo en Sada a partir do luns 9 de marzo","datePublished":"2026-03-09T18:16:30+00:00","dateModified":"2026-03-09T18:16:33+00:00","mainEntityOfPage":{"@id":"https:\/\/rede-esmar.gal\/mar-e-as-confrarias-acordan-a-apertura-do-libre-marisqueo-en-sada-a-partir-do-luns-9-de-marzo\/"},"wordCount":145,"commentCount":0,"publisher":{"@id":"https:\/\/rede-esmar.gal\/#organization"},"articleSection":["Actualidade"],"inLanguage":"es","potentialAction":[{"@type":"CommentAction","name":"Comment","target":["https:\/\/rede-esmar.gal\/mar-e-as-confrarias-acordan-a-apertura-do-libre-marisqueo-en-sada-a-partir-do-luns-9-de-marzo\/#respond"]}]},{"@type":"WebPage","@id":"https:\/\/rede-esmar.gal\/mar-e-as-confrarias-acordan-a-apertura-do-libre-marisqueo-en-sada-a-partir-do-luns-9-de-marzo\/","url":"https:\/\/rede-esmar.gal\/mar-e-as-confrarias-acordan-a-apertura-do-libre-marisqueo-en-sada-a-partir-do-luns-9-de-marzo\/","name":"Mar e as confrar\u00edas acordan a apertura do libre marisqueo en Sada a partir do luns 9 de marzo - ES\u00b7MAR","isPartOf":{"@id":"https:\/\/rede-esmar.gal\/#website"},"datePublished":"2026-03-09T18:16:30+00:00","dateModified":"2026-03-09T18:16:33+00:00","breadcrumb":{"@id":"https:\/\/rede-esmar.gal\/mar-e-as-confrarias-acordan-a-apertura-do-libre-marisqueo-en-sada-a-partir-do-luns-9-de-marzo\/#breadcrumb"},"inLanguage":"es","potentialAction":[{"@type":"ReadAction","target":["https:\/\/rede-esmar.gal\/mar-e-as-confrarias-acordan-a-apertura-do-libre-marisqueo-en-sada-a-partir-do-luns-9-de-marzo\/"]}]},{"@type":"BreadcrumbList","@id":"https:\/\/rede-esmar.gal\/mar-e-as-confrarias-acordan-a-apertura-do-libre-marisqueo-en-sada-a-partir-do-luns-9-de-marzo\/#breadcrumb","itemListElement":[{"@type":"ListItem","position":1,"name":"Portada","item":"https:\/\/rede-esmar.gal\/"},{"@type":"ListItem","position":2,"name":"Mar e as confrar\u00edas acordan a apertura do libre marisqueo en Sada a partir do luns 9 de marzo"}]},{"@type":"WebSite","@id":"https:\/\/rede-esmar.gal\/#website","url":"https:\/\/rede-esmar.gal\/","name":"ES\u00b7MAR","description":"","publisher":{"@id":"https:\/\/rede-esmar.gal\/#organization"},"potentialAction":[{"@type":"SearchAction","target":{"@type":"EntryPoint","urlTemplate":"https:\/\/rede-esmar.gal\/?s={search_term_string}"},"query-input":{"@type":"PropertyValueSpecification","valueRequired":true,"valueName":"search_term_string"}}],"inLanguage":"es"},{"@type":"Organization","@id":"https:\/\/rede-esmar.gal\/#organization","name":"ES\u00b7MAR","url":"https:\/\/rede-esmar.gal\/","logo":{"@type":"ImageObject","inLanguage":"es","@id":"https:\/\/rede-esmar.gal\/#\/schema\/logo\/image\/","url":"https:\/\/rede-esmar.gal\/wp-content\/uploads\/2025\/01\/logo-web-blanco-1.png","contentUrl":"https:\/\/rede-esmar.gal\/wp-content\/uploads\/2025\/01\/logo-web-blanco-1.png","width":300,"height":99,"caption":"ES\u00b7MAR"},"image":{"@id":"https:\/\/rede-esmar.gal\/#\/schema\/logo\/image\/"}},{"@type":"Person","@id":"https:\/\/rede-esmar.gal\/#\/schema\/person\/139b8b85b73b930d041c72a3752be3a2","name":"Equipo coordinaci\u00f3n","image":{"@type":"ImageObject","inLanguage":"es","@id":"https:\/\/rede-esmar.gal\/#\/schema\/person\/image\/","url":"https:\/\/secure.gravatar.com\/avatar\/489362bff200fce5cfc1d56577a36629?s=96&d=mm&r=g","contentUrl":"https:\/\/secure.gravatar.com\/avatar\/489362bff200fce5cfc1d56577a36629?s=96&d=mm&r=g","caption":"Equipo coordinaci\u00f3n"},"url":"https:\/\/rede-esmar.gal\/es\/author\/marta\/"}]}},"jetpack_featured_media_url":"","jetpack_sharing_enabled":true,"_links":{"self":[{"href":"https:\/\/rede-esmar.gal\/es\/wp-json\/wp\/v2\/posts\/15461","targetHints":{"allow":["GET"]}}],"collection":[{"href":"https:\/\/rede-esmar.gal\/es\/wp-json\/wp\/v2\/posts"}],"about":[{"href":"https:\/\/rede-esmar.gal\/es\/wp-json\/wp\/v2\/types\/post"}],"author":[{"embeddable":true,"href":"https:\/\/rede-esmar.gal\/es\/wp-json\/wp\/v2\/users\/6"}],"replies":[{"embeddable":true,"href":"https:\/\/rede-esmar.gal\/es\/wp-json\/wp\/v2\/comments?post=15461"}],"version-history":[{"count":2,"href":"https:\/\/rede-esmar.gal\/es\/wp-json\/wp\/v2\/posts\/15461\/revisions"}],"predecessor-version":[{"id":15475,"href":"https:\/\/rede-esmar.gal\/es\/wp-json\/wp\/v2\/posts\/15461\/revisions\/15475"}],"wp:attachment":[{"href":"https:\/\/rede-esmar.gal\/es\/wp-json\/wp\/v2\/media?parent=15461"}],"wp:term":[{"taxonomy":"category","embeddable":true,"href":"https:\/\/rede-esmar.gal\/es\/wp-json\/wp\/v2\/categories?post=15461"},{"taxonomy":"post_tag","embeddable":true,"href":"https:\/\/rede-esmar.gal\/es\/wp-json\/wp\/v2\/tags?post=15461"}],"curies":[{"name":"wp","href":"https:\/\/api.w.org\/{rel}","templated":true}]}}