{"id":15463,"date":"2026-03-09T19:19:57","date_gmt":"2026-03-09T18:19:57","guid":{"rendered":"https:\/\/rede-esmar.gal\/?p=15463"},"modified":"2026-03-09T19:19:59","modified_gmt":"2026-03-09T18:19:59","slug":"mar-investira-11-me-na-mellora-do-abrigo-a-dragaxe-e-a-estabilizacion-dun-noiro-no-porto-de-barallobre-en-fene","status":"publish","type":"post","link":"https:\/\/rede-esmar.gal\/es\/mar-investira-11-me-na-mellora-do-abrigo-a-dragaxe-e-a-estabilizacion-dun-noiro-no-porto-de-barallobre-en-fene\/","title":{"rendered":"Mar invertir\u00e1 1,1 M\u20ac en la mejora del abrigo, el dragado y la estabilizaci\u00f3n de un talud en el puerto de Barallobre, en Fene"},"content":{"rendered":"<p>La Conseller\u00eda do Mar, a trav\u00e9s de Portos de Galicia, invertir\u00e1 700.000 euros en la mejora del abrigo del puerto de Barallobre, en el municipio coru\u00f1\u00e9s de Fene. As\u00ed lo anunci\u00f3 el 5 de marzo la titular del departamento auton\u00f3mico, Marta Villaverde, en una reuni\u00f3n en la sede de la cofrad\u00eda de pescadores de la localidad en la que present\u00f3 al sector la soluci\u00f3n t\u00e9cnica prevista.<\/p>\n\n\n\n<p>Villaverde, que estuvo acompa\u00f1ada por el presidente de Portos de Galicia, Jos\u00e9 Antonio \u00c1lvarez, indic\u00f3 que la actuaci\u00f3n prevista contempla la inspecci\u00f3n exhaustiva del estado de las instalaciones tras el tren de borrascas de los pasados dos meses, que afect\u00f3 a la instalaci\u00f3n de atraque existente hasta ahora. A continuaci\u00f3n se reparar\u00e1 dicha zona de atraque y se reforzar\u00e1 el abrigo con un dique flotante con elementos de hormig\u00f3n para mayor resistencia y garant\u00eda a largo plazo.<\/p>\n\n\n\n<p>Fuente: Conseller\u00eda del Mar<\/p>\n\n\n\n<p><a href=\"https:\/\/mar.xunta.gal\/es\/informacion\/noticias\/noticia?time=03092026095032&amp;id=nova_022106.html\">Noticia | Portal da Conseller\u00eda do Mar<\/a><\/p>","protected":false},"excerpt":{"rendered":"<p>La Conseller\u00eda del Mar, a trav\u00e9s de Portos de Galicia, invertir\u00e1 700.000 euros en la mejora del abrigo del puerto de Barallobre,  (\u2026)<\/p>","protected":false},"author":6,"featured_media":0,"comment_status":"open","ping_status":"open","sticky":false,"template":"","format":"standard","meta":{"_acf_changed":false,"saved_in_kubio":false,"content-type":"","osom_blocks_metabox":"","_monsterinsights_skip_tracking":false,"_monsterinsights_sitenote_active":false,"_monsterinsights_sitenote_note":"","_monsterinsights_sitenote_category":0,"_price":"","_stock":"","_tribe_ticket_header":"","_tribe_default_ticket_provider":"","_tribe_ticket_capacity":"0","_ticket_start_date":"","_ticket_end_date":"","_tribe_ticket_show_description":"","_tribe_ticket_show_not_going":false,"_tribe_ticket_use_global_stock":"","_tribe_ticket_global_stock_level":"","_global_stock_mode":"","_global_stock_cap":"","_tribe_rsvp_for_event":"","_tribe_ticket_going_count":"","_tribe_ticket_not_going_count":"","_tribe_tickets_list":"[]","_tribe_ticket_has_attendee_info_fields":false,"_EventAllDay":false,"_EventTimezone":"","_EventStartDate":"","_EventEndDate":"","_EventStartDateUTC":"","_EventEndDateUTC":"","_EventShowMap":false,"_EventShowMapLink":false,"_EventURL":"","_EventCost":"","_EventCostDescription":"","_EventCurrencySymbol":"","_EventCurrencyCode":"","_EventCurrencyPosition":"","_EventDateTimeSeparator":"","_EventTimeRangeSeparator":"","_EventOrganizerID":[],"_EventVenueID":[],"_OrganizerEmail":"","_OrganizerPhone":"","_OrganizerWebsite":"","_VenueAddress":"","_VenueCity":"","_VenueCountry":"","_VenueProvince":"","_VenueState":"","_VenueZip":"","_VenuePhone":"","_VenueURL":"","_VenueStateProvince":"","_VenueLat":"","_VenueLng":"","_VenueShowMap":false,"_VenueShowMapLink":false,"_jetpack_memberships_contains_paid_content":false,"footnotes":""},"categories":[1],"tags":[],"class_list":["post-15463","post","type-post","status-publish","format-standard","hentry","category-actualidade"],"acf":[],"yoast_head":"<!-- This site is optimized with the Yoast SEO plugin v26.1.1 - https:\/\/yoast.com\/wordpress\/plugins\/seo\/ -->\n<title>Mar investir\u00e1 1,1 M\u20ac na mellora do abrigo, a dragaxe e a estabilizaci\u00f3n dun noiro no porto de Barallobre, en Fene - ES\u00b7MAR<\/title>\n<meta name=\"robots\" content=\"index, follow, max-snippet:-1, max-image-preview:large, max-video-preview:-1\" \/>\n<link rel=\"canonical\" href=\"https:\/\/rede-esmar.gal\/es\/mar-investira-11-me-na-mellora-do-abrigo-a-dragaxe-e-a-estabilizacion-dun-noiro-no-porto-de-barallobre-en-fene\/\" \/>\n<meta property=\"og:locale\" content=\"es_ES\" \/>\n<meta property=\"og:type\" content=\"article\" \/>\n<meta property=\"og:title\" content=\"Mar investir\u00e1 1,1 M\u20ac na mellora do abrigo, a dragaxe e a estabilizaci\u00f3n dun noiro no porto de Barallobre, en Fene - ES\u00b7MAR\" \/>\n<meta property=\"og:description\" content=\"A Conseller\u00eda do Mar, a trav\u00e9s de Portos de Galicia, investir\u00e1 700.000 euros na mellora do abrigo do porto de Barallobre, (...)\" \/>\n<meta property=\"og:url\" content=\"https:\/\/rede-esmar.gal\/es\/mar-investira-11-me-na-mellora-do-abrigo-a-dragaxe-e-a-estabilizacion-dun-noiro-no-porto-de-barallobre-en-fene\/\" \/>\n<meta property=\"og:site_name\" content=\"ES\u00b7MAR\" \/>\n<meta property=\"article:published_time\" content=\"2026-03-09T18:19:57+00:00\" \/>\n<meta property=\"article:modified_time\" content=\"2026-03-09T18:19:59+00:00\" \/>\n<meta name=\"author\" content=\"Equipo coordinaci\u00f3n\" \/>\n<meta name=\"twitter:card\" content=\"summary_large_image\" \/>\n<meta name=\"twitter:label1\" content=\"Escrito por\" \/>\n\t<meta name=\"twitter:data1\" content=\"Equipo coordinaci\u00f3n\" \/>\n\t<meta name=\"twitter:label2\" content=\"Tiempo de lectura\" \/>\n\t<meta name=\"twitter:data2\" content=\"1 minuto\" \/>\n<script type=\"application\/ld+json\" class=\"yoast-schema-graph\">{\"@context\":\"https:\/\/schema.org\",\"@graph\":[{\"@type\":\"Article\",\"@id\":\"https:\/\/rede-esmar.gal\/mar-investira-11-me-na-mellora-do-abrigo-a-dragaxe-e-a-estabilizacion-dun-noiro-no-porto-de-barallobre-en-fene\/#article\",\"isPartOf\":{\"@id\":\"https:\/\/rede-esmar.gal\/mar-investira-11-me-na-mellora-do-abrigo-a-dragaxe-e-a-estabilizacion-dun-noiro-no-porto-de-barallobre-en-fene\/\"},\"author\":{\"name\":\"Equipo coordinaci\u00f3n\",\"@id\":\"https:\/\/rede-esmar.gal\/#\/schema\/person\/139b8b85b73b930d041c72a3752be3a2\"},\"headline\":\"Mar investir\u00e1 1,1 M\u20ac na mellora do abrigo, a dragaxe e a estabilizaci\u00f3n dun noiro no porto de Barallobre, en Fene\",\"datePublished\":\"2026-03-09T18:19:57+00:00\",\"dateModified\":\"2026-03-09T18:19:59+00:00\",\"mainEntityOfPage\":{\"@id\":\"https:\/\/rede-esmar.gal\/mar-investira-11-me-na-mellora-do-abrigo-a-dragaxe-e-a-estabilizacion-dun-noiro-no-porto-de-barallobre-en-fene\/\"},\"wordCount\":178,\"commentCount\":0,\"publisher\":{\"@id\":\"https:\/\/rede-esmar.gal\/#organization\"},\"articleSection\":[\"Actualidade\"],\"inLanguage\":\"es\",\"potentialAction\":[{\"@type\":\"CommentAction\",\"name\":\"Comment\",\"target\":[\"https:\/\/rede-esmar.gal\/mar-investira-11-me-na-mellora-do-abrigo-a-dragaxe-e-a-estabilizacion-dun-noiro-no-porto-de-barallobre-en-fene\/#respond\"]}]},{\"@type\":\"WebPage\",\"@id\":\"https:\/\/rede-esmar.gal\/mar-investira-11-me-na-mellora-do-abrigo-a-dragaxe-e-a-estabilizacion-dun-noiro-no-porto-de-barallobre-en-fene\/\",\"url\":\"https:\/\/rede-esmar.gal\/mar-investira-11-me-na-mellora-do-abrigo-a-dragaxe-e-a-estabilizacion-dun-noiro-no-porto-de-barallobre-en-fene\/\",\"name\":\"Mar investir\u00e1 1,1 M\u20ac na mellora do abrigo, a dragaxe e a estabilizaci\u00f3n dun noiro no porto de Barallobre, en Fene - ES\u00b7MAR\",\"isPartOf\":{\"@id\":\"https:\/\/rede-esmar.gal\/#website\"},\"datePublished\":\"2026-03-09T18:19:57+00:00\",\"dateModified\":\"2026-03-09T18:19:59+00:00\",\"breadcrumb\":{\"@id\":\"https:\/\/rede-esmar.gal\/mar-investira-11-me-na-mellora-do-abrigo-a-dragaxe-e-a-estabilizacion-dun-noiro-no-porto-de-barallobre-en-fene\/#breadcrumb\"},\"inLanguage\":\"es\",\"potentialAction\":[{\"@type\":\"ReadAction\",\"target\":[\"https:\/\/rede-esmar.gal\/mar-investira-11-me-na-mellora-do-abrigo-a-dragaxe-e-a-estabilizacion-dun-noiro-no-porto-de-barallobre-en-fene\/\"]}]},{\"@type\":\"BreadcrumbList\",\"@id\":\"https:\/\/rede-esmar.gal\/mar-investira-11-me-na-mellora-do-abrigo-a-dragaxe-e-a-estabilizacion-dun-noiro-no-porto-de-barallobre-en-fene\/#breadcrumb\",\"itemListElement\":[{\"@type\":\"ListItem\",\"position\":1,\"name\":\"Portada\",\"item\":\"https:\/\/rede-esmar.gal\/\"},{\"@type\":\"ListItem\",\"position\":2,\"name\":\"Mar investir\u00e1 1,1 M\u20ac na mellora do abrigo, a dragaxe e a estabilizaci\u00f3n dun noiro no porto de Barallobre, en Fene\"}]},{\"@type\":\"WebSite\",\"@id\":\"https:\/\/rede-esmar.gal\/#website\",\"url\":\"https:\/\/rede-esmar.gal\/\",\"name\":\"ES\u00b7MAR\",\"description\":\"\",\"publisher\":{\"@id\":\"https:\/\/rede-esmar.gal\/#organization\"},\"potentialAction\":[{\"@type\":\"SearchAction\",\"target\":{\"@type\":\"EntryPoint\",\"urlTemplate\":\"https:\/\/rede-esmar.gal\/?s={search_term_string}\"},\"query-input\":{\"@type\":\"PropertyValueSpecification\",\"valueRequired\":true,\"valueName\":\"search_term_string\"}}],\"inLanguage\":\"es\"},{\"@type\":\"Organization\",\"@id\":\"https:\/\/rede-esmar.gal\/#organization\",\"name\":\"ES\u00b7MAR\",\"url\":\"https:\/\/rede-esmar.gal\/\",\"logo\":{\"@type\":\"ImageObject\",\"inLanguage\":\"es\",\"@id\":\"https:\/\/rede-esmar.gal\/#\/schema\/logo\/image\/\",\"url\":\"https:\/\/rede-esmar.gal\/wp-content\/uploads\/2025\/01\/logo-web-blanco-1.png\",\"contentUrl\":\"https:\/\/rede-esmar.gal\/wp-content\/uploads\/2025\/01\/logo-web-blanco-1.png\",\"width\":300,\"height\":99,\"caption\":\"ES\u00b7MAR\"},\"image\":{\"@id\":\"https:\/\/rede-esmar.gal\/#\/schema\/logo\/image\/\"}},{\"@type\":\"Person\",\"@id\":\"https:\/\/rede-esmar.gal\/#\/schema\/person\/139b8b85b73b930d041c72a3752be3a2\",\"name\":\"Equipo coordinaci\u00f3n\",\"image\":{\"@type\":\"ImageObject\",\"inLanguage\":\"es\",\"@id\":\"https:\/\/rede-esmar.gal\/#\/schema\/person\/image\/\",\"url\":\"https:\/\/secure.gravatar.com\/avatar\/489362bff200fce5cfc1d56577a36629?s=96&d=mm&r=g\",\"contentUrl\":\"https:\/\/secure.gravatar.com\/avatar\/489362bff200fce5cfc1d56577a36629?s=96&d=mm&r=g\",\"caption\":\"Equipo coordinaci\u00f3n\"},\"url\":\"https:\/\/rede-esmar.gal\/es\/author\/marta\/\"}]}<\/script>\n<!-- \/ Yoast SEO plugin. -->","yoast_head_json":{"title":"Mar investir\u00e1 1,1 M\u20ac na mellora do abrigo, a dragaxe e a estabilizaci\u00f3n dun noiro no porto de Barallobre, en Fene - ES\u00b7MAR","robots":{"index":"index","follow":"follow","max-snippet":"max-snippet:-1","max-image-preview":"max-image-preview:large","max-video-preview":"max-video-preview:-1"},"canonical":"https:\/\/rede-esmar.gal\/es\/mar-investira-11-me-na-mellora-do-abrigo-a-dragaxe-e-a-estabilizacion-dun-noiro-no-porto-de-barallobre-en-fene\/","og_locale":"es_ES","og_type":"article","og_title":"Mar investir\u00e1 1,1 M\u20ac na mellora do abrigo, a dragaxe e a estabilizaci\u00f3n dun noiro no porto de Barallobre, en Fene - ES\u00b7MAR","og_description":"A Conseller\u00eda do Mar, a trav\u00e9s de Portos de Galicia, investir\u00e1 700.000 euros na mellora do abrigo do porto de Barallobre, (...)","og_url":"https:\/\/rede-esmar.gal\/es\/mar-investira-11-me-na-mellora-do-abrigo-a-dragaxe-e-a-estabilizacion-dun-noiro-no-porto-de-barallobre-en-fene\/","og_site_name":"ES\u00b7MAR","article_published_time":"2026-03-09T18:19:57+00:00","article_modified_time":"2026-03-09T18:19:59+00:00","author":"Equipo coordinaci\u00f3n","twitter_card":"summary_large_image","twitter_misc":{"Escrito por":"Equipo coordinaci\u00f3n","Tiempo de lectura":"1 minuto"},"schema":{"@context":"https:\/\/schema.org","@graph":[{"@type":"Article","@id":"https:\/\/rede-esmar.gal\/mar-investira-11-me-na-mellora-do-abrigo-a-dragaxe-e-a-estabilizacion-dun-noiro-no-porto-de-barallobre-en-fene\/#article","isPartOf":{"@id":"https:\/\/rede-esmar.gal\/mar-investira-11-me-na-mellora-do-abrigo-a-dragaxe-e-a-estabilizacion-dun-noiro-no-porto-de-barallobre-en-fene\/"},"author":{"name":"Equipo coordinaci\u00f3n","@id":"https:\/\/rede-esmar.gal\/#\/schema\/person\/139b8b85b73b930d041c72a3752be3a2"},"headline":"Mar investir\u00e1 1,1 M\u20ac na mellora do abrigo, a dragaxe e a estabilizaci\u00f3n dun noiro no porto de Barallobre, en Fene","datePublished":"2026-03-09T18:19:57+00:00","dateModified":"2026-03-09T18:19:59+00:00","mainEntityOfPage":{"@id":"https:\/\/rede-esmar.gal\/mar-investira-11-me-na-mellora-do-abrigo-a-dragaxe-e-a-estabilizacion-dun-noiro-no-porto-de-barallobre-en-fene\/"},"wordCount":178,"commentCount":0,"publisher":{"@id":"https:\/\/rede-esmar.gal\/#organization"},"articleSection":["Actualidade"],"inLanguage":"es","potentialAction":[{"@type":"CommentAction","name":"Comment","target":["https:\/\/rede-esmar.gal\/mar-investira-11-me-na-mellora-do-abrigo-a-dragaxe-e-a-estabilizacion-dun-noiro-no-porto-de-barallobre-en-fene\/#respond"]}]},{"@type":"WebPage","@id":"https:\/\/rede-esmar.gal\/mar-investira-11-me-na-mellora-do-abrigo-a-dragaxe-e-a-estabilizacion-dun-noiro-no-porto-de-barallobre-en-fene\/","url":"https:\/\/rede-esmar.gal\/mar-investira-11-me-na-mellora-do-abrigo-a-dragaxe-e-a-estabilizacion-dun-noiro-no-porto-de-barallobre-en-fene\/","name":"Mar investir\u00e1 1,1 M\u20ac na mellora do abrigo, a dragaxe e a estabilizaci\u00f3n dun noiro no porto de Barallobre, en Fene - ES\u00b7MAR","isPartOf":{"@id":"https:\/\/rede-esmar.gal\/#website"},"datePublished":"2026-03-09T18:19:57+00:00","dateModified":"2026-03-09T18:19:59+00:00","breadcrumb":{"@id":"https:\/\/rede-esmar.gal\/mar-investira-11-me-na-mellora-do-abrigo-a-dragaxe-e-a-estabilizacion-dun-noiro-no-porto-de-barallobre-en-fene\/#breadcrumb"},"inLanguage":"es","potentialAction":[{"@type":"ReadAction","target":["https:\/\/rede-esmar.gal\/mar-investira-11-me-na-mellora-do-abrigo-a-dragaxe-e-a-estabilizacion-dun-noiro-no-porto-de-barallobre-en-fene\/"]}]},{"@type":"BreadcrumbList","@id":"https:\/\/rede-esmar.gal\/mar-investira-11-me-na-mellora-do-abrigo-a-dragaxe-e-a-estabilizacion-dun-noiro-no-porto-de-barallobre-en-fene\/#breadcrumb","itemListElement":[{"@type":"ListItem","position":1,"name":"Portada","item":"https:\/\/rede-esmar.gal\/"},{"@type":"ListItem","position":2,"name":"Mar investir\u00e1 1,1 M\u20ac na mellora do abrigo, a dragaxe e a estabilizaci\u00f3n dun noiro no porto de Barallobre, en Fene"}]},{"@type":"WebSite","@id":"https:\/\/rede-esmar.gal\/#website","url":"https:\/\/rede-esmar.gal\/","name":"ES\u00b7MAR","description":"","publisher":{"@id":"https:\/\/rede-esmar.gal\/#organization"},"potentialAction":[{"@type":"SearchAction","target":{"@type":"EntryPoint","urlTemplate":"https:\/\/rede-esmar.gal\/?s={search_term_string}"},"query-input":{"@type":"PropertyValueSpecification","valueRequired":true,"valueName":"search_term_string"}}],"inLanguage":"es"},{"@type":"Organization","@id":"https:\/\/rede-esmar.gal\/#organization","name":"ES\u00b7MAR","url":"https:\/\/rede-esmar.gal\/","logo":{"@type":"ImageObject","inLanguage":"es","@id":"https:\/\/rede-esmar.gal\/#\/schema\/logo\/image\/","url":"https:\/\/rede-esmar.gal\/wp-content\/uploads\/2025\/01\/logo-web-blanco-1.png","contentUrl":"https:\/\/rede-esmar.gal\/wp-content\/uploads\/2025\/01\/logo-web-blanco-1.png","width":300,"height":99,"caption":"ES\u00b7MAR"},"image":{"@id":"https:\/\/rede-esmar.gal\/#\/schema\/logo\/image\/"}},{"@type":"Person","@id":"https:\/\/rede-esmar.gal\/#\/schema\/person\/139b8b85b73b930d041c72a3752be3a2","name":"Equipo coordinaci\u00f3n","image":{"@type":"ImageObject","inLanguage":"es","@id":"https:\/\/rede-esmar.gal\/#\/schema\/person\/image\/","url":"https:\/\/secure.gravatar.com\/avatar\/489362bff200fce5cfc1d56577a36629?s=96&d=mm&r=g","contentUrl":"https:\/\/secure.gravatar.com\/avatar\/489362bff200fce5cfc1d56577a36629?s=96&d=mm&r=g","caption":"Equipo coordinaci\u00f3n"},"url":"https:\/\/rede-esmar.gal\/es\/author\/marta\/"}]}},"jetpack_featured_media_url":"","jetpack_sharing_enabled":true,"_links":{"self":[{"href":"https:\/\/rede-esmar.gal\/es\/wp-json\/wp\/v2\/posts\/15463","targetHints":{"allow":["GET"]}}],"collection":[{"href":"https:\/\/rede-esmar.gal\/es\/wp-json\/wp\/v2\/posts"}],"about":[{"href":"https:\/\/rede-esmar.gal\/es\/wp-json\/wp\/v2\/types\/post"}],"author":[{"embeddable":true,"href":"https:\/\/rede-esmar.gal\/es\/wp-json\/wp\/v2\/users\/6"}],"replies":[{"embeddable":true,"href":"https:\/\/rede-esmar.gal\/es\/wp-json\/wp\/v2\/comments?post=15463"}],"version-history":[{"count":2,"href":"https:\/\/rede-esmar.gal\/es\/wp-json\/wp\/v2\/posts\/15463\/revisions"}],"predecessor-version":[{"id":15476,"href":"https:\/\/rede-esmar.gal\/es\/wp-json\/wp\/v2\/posts\/15463\/revisions\/15476"}],"wp:attachment":[{"href":"https:\/\/rede-esmar.gal\/es\/wp-json\/wp\/v2\/media?parent=15463"}],"wp:term":[{"taxonomy":"category","embeddable":true,"href":"https:\/\/rede-esmar.gal\/es\/wp-json\/wp\/v2\/categories?post=15463"},{"taxonomy":"post_tag","embeddable":true,"href":"https:\/\/rede-esmar.gal\/es\/wp-json\/wp\/v2\/tags?post=15463"}],"curies":[{"name":"wp","href":"https:\/\/api.w.org\/{rel}","templated":true}]}}