{"id":15467,"date":"2026-03-09T19:31:11","date_gmt":"2026-03-09T18:31:11","guid":{"rendered":"https:\/\/rede-esmar.gal\/?p=15467"},"modified":"2026-03-09T19:31:13","modified_gmt":"2026-03-09T18:31:13","slug":"villaverde-destaca-o-compromiso-da-xunta-coa-igualdade-e-o-talento-feminino-a-traves-do-impulso-do-estatuto-da-muller-do-sector-maritimo-pesqueiro","status":"publish","type":"post","link":"https:\/\/rede-esmar.gal\/es\/villaverde-destaca-o-compromiso-da-xunta-coa-igualdade-e-o-talento-feminino-a-traves-do-impulso-do-estatuto-da-muller-do-sector-maritimo-pesqueiro\/","title":{"rendered":"Villaverde destaca el compromiso de la Xunta con la igualdad y el talento femenino a trav\u00e9s del impulso del Estatuto de la mujer del sector mar\u00edtimo-pesquero"},"content":{"rendered":"<p>La conselleira del Mar, Marta Villaverde, particip\u00f3 el viernes 6 de marzo en la presentaci\u00f3n del III certamen art\u00edstico Mujeres del mar, inspiradoras del arte, organizado por la Organizaci\u00f3n de Productores de Pesca Fresca de Oporto y R\u00eda de Mar\u00edn (Opromar), una iniciativa cofinanciada por el Fondo Europeo Mar\u00edtimo, de Pesca y de Acuicultura (Fempa) que rinde homenaje al papel de las trabajadoras en el sector mar\u00edtimo-pesquero gallego, coincidiendo con la celebraci\u00f3n del 8M, y que pone en valor su contribuci\u00f3n social, econ\u00f3mica y cultural a lo largo de las generaciones.<\/p>\n\n\n\n<p>Durante su intervenci\u00f3n, Villaverde destac\u00f3 que las mujeres vinculadas a la actividad mar\u00edtima \u201cson Galicia Calidade, representando un pilar esencial de las comunidades costeras\u201d. En este sentido, incidi\u00f3 en el importante trabajo desarrollado por mariscadoras, redeiras, percebeiras, trabajadoras de la industria transformadora y profesionales de otros \u00e1mbitos vinculados al mar. Un esfuerzo y un labor que desde la Xunta se quiere reforzar con el Estatuto das Mulleres do Sector Mar\u00edtimo-Pesqueiro y que profundizar\u00e1 en el compromiso con la igualdad y con la promoci\u00f3n del talento femenino en este sector, as\u00ed como en el apoyo a las entidades implicadas en el reconocimiento de estas profesionales.<\/p>\n\n\n\n<p>Fuente: Conseller\u00eda del Mar<\/p>\n\n\n\n<p><a href=\"https:\/\/mar.xunta.gal\/es\/informacion\/noticias\/noticia?time=03092026095032&amp;id=nova_022187.html\">Noticia | Portal da Conseller\u00eda do Mar<\/a><\/p>","protected":false},"excerpt":{"rendered":"<p>La conselleira del Mar, Marta Villaverde, particip\u00f3 el viernes 6 de marzo en la presentaci\u00f3n del III certamen art\u00edstico Mujeres del mar (\u2026)<\/p>","protected":false},"author":6,"featured_media":0,"comment_status":"open","ping_status":"open","sticky":false,"template":"","format":"standard","meta":{"_acf_changed":false,"saved_in_kubio":false,"content-type":"","osom_blocks_metabox":"","_monsterinsights_skip_tracking":false,"_monsterinsights_sitenote_active":false,"_monsterinsights_sitenote_note":"","_monsterinsights_sitenote_category":0,"_price":"","_stock":"","_tribe_ticket_header":"","_tribe_default_ticket_provider":"","_tribe_ticket_capacity":"0","_ticket_start_date":"","_ticket_end_date":"","_tribe_ticket_show_description":"","_tribe_ticket_show_not_going":false,"_tribe_ticket_use_global_stock":"","_tribe_ticket_global_stock_level":"","_global_stock_mode":"","_global_stock_cap":"","_tribe_rsvp_for_event":"","_tribe_ticket_going_count":"","_tribe_ticket_not_going_count":"","_tribe_tickets_list":"[]","_tribe_ticket_has_attendee_info_fields":false,"_EventAllDay":false,"_EventTimezone":"","_EventStartDate":"","_EventEndDate":"","_EventStartDateUTC":"","_EventEndDateUTC":"","_EventShowMap":false,"_EventShowMapLink":false,"_EventURL":"","_EventCost":"","_EventCostDescription":"","_EventCurrencySymbol":"","_EventCurrencyCode":"","_EventCurrencyPosition":"","_EventDateTimeSeparator":"","_EventTimeRangeSeparator":"","_EventOrganizerID":[],"_EventVenueID":[],"_OrganizerEmail":"","_OrganizerPhone":"","_OrganizerWebsite":"","_VenueAddress":"","_VenueCity":"","_VenueCountry":"","_VenueProvince":"","_VenueState":"","_VenueZip":"","_VenuePhone":"","_VenueURL":"","_VenueStateProvince":"","_VenueLat":"","_VenueLng":"","_VenueShowMap":false,"_VenueShowMapLink":false,"_jetpack_memberships_contains_paid_content":false,"footnotes":""},"categories":[1],"tags":[],"class_list":["post-15467","post","type-post","status-publish","format-standard","hentry","category-actualidade"],"acf":[],"yoast_head":"<!-- This site is optimized with the Yoast SEO plugin v26.1.1 - https:\/\/yoast.com\/wordpress\/plugins\/seo\/ -->\n<title>Villaverde destaca o compromiso da Xunta coa igualdade e o talento feminino a trav\u00e9s do impulso do Estatuto da muller do sector mar\u00edtimo-pesqueiro - ES\u00b7MAR<\/title>\n<meta name=\"robots\" content=\"index, follow, max-snippet:-1, max-image-preview:large, max-video-preview:-1\" \/>\n<link rel=\"canonical\" href=\"https:\/\/rede-esmar.gal\/es\/villaverde-destaca-o-compromiso-da-xunta-coa-igualdade-e-o-talento-feminino-a-traves-do-impulso-do-estatuto-da-muller-do-sector-maritimo-pesqueiro\/\" \/>\n<meta property=\"og:locale\" content=\"es_ES\" \/>\n<meta property=\"og:type\" content=\"article\" \/>\n<meta property=\"og:title\" content=\"Villaverde destaca o compromiso da Xunta coa igualdade e o talento feminino a trav\u00e9s do impulso do Estatuto da muller do sector mar\u00edtimo-pesqueiro - ES\u00b7MAR\" \/>\n<meta property=\"og:description\" content=\"A conselleira do Mar, Marta Villaverde, participou o venres 6 de marzo na presentaci\u00f3n do III certame art\u00edstico Mulleres do mar (...)\" \/>\n<meta property=\"og:url\" content=\"https:\/\/rede-esmar.gal\/es\/villaverde-destaca-o-compromiso-da-xunta-coa-igualdade-e-o-talento-feminino-a-traves-do-impulso-do-estatuto-da-muller-do-sector-maritimo-pesqueiro\/\" \/>\n<meta property=\"og:site_name\" content=\"ES\u00b7MAR\" \/>\n<meta property=\"article:published_time\" content=\"2026-03-09T18:31:11+00:00\" \/>\n<meta property=\"article:modified_time\" content=\"2026-03-09T18:31:13+00:00\" \/>\n<meta name=\"author\" content=\"Equipo coordinaci\u00f3n\" \/>\n<meta name=\"twitter:card\" content=\"summary_large_image\" \/>\n<meta name=\"twitter:label1\" content=\"Escrito por\" \/>\n\t<meta name=\"twitter:data1\" content=\"Equipo coordinaci\u00f3n\" \/>\n\t<meta name=\"twitter:label2\" content=\"Tiempo de lectura\" \/>\n\t<meta name=\"twitter:data2\" content=\"1 minuto\" \/>\n<script type=\"application\/ld+json\" class=\"yoast-schema-graph\">{\"@context\":\"https:\/\/schema.org\",\"@graph\":[{\"@type\":\"Article\",\"@id\":\"https:\/\/rede-esmar.gal\/villaverde-destaca-o-compromiso-da-xunta-coa-igualdade-e-o-talento-feminino-a-traves-do-impulso-do-estatuto-da-muller-do-sector-maritimo-pesqueiro\/#article\",\"isPartOf\":{\"@id\":\"https:\/\/rede-esmar.gal\/villaverde-destaca-o-compromiso-da-xunta-coa-igualdade-e-o-talento-feminino-a-traves-do-impulso-do-estatuto-da-muller-do-sector-maritimo-pesqueiro\/\"},\"author\":{\"name\":\"Equipo coordinaci\u00f3n\",\"@id\":\"https:\/\/rede-esmar.gal\/#\/schema\/person\/139b8b85b73b930d041c72a3752be3a2\"},\"headline\":\"Villaverde destaca o compromiso da Xunta coa igualdade e o talento feminino a trav\u00e9s do impulso do Estatuto da muller do sector mar\u00edtimo-pesqueiro\",\"datePublished\":\"2026-03-09T18:31:11+00:00\",\"dateModified\":\"2026-03-09T18:31:13+00:00\",\"mainEntityOfPage\":{\"@id\":\"https:\/\/rede-esmar.gal\/villaverde-destaca-o-compromiso-da-xunta-coa-igualdade-e-o-talento-feminino-a-traves-do-impulso-do-estatuto-da-muller-do-sector-maritimo-pesqueiro\/\"},\"wordCount\":227,\"commentCount\":0,\"publisher\":{\"@id\":\"https:\/\/rede-esmar.gal\/#organization\"},\"articleSection\":[\"Actualidade\"],\"inLanguage\":\"es\",\"potentialAction\":[{\"@type\":\"CommentAction\",\"name\":\"Comment\",\"target\":[\"https:\/\/rede-esmar.gal\/villaverde-destaca-o-compromiso-da-xunta-coa-igualdade-e-o-talento-feminino-a-traves-do-impulso-do-estatuto-da-muller-do-sector-maritimo-pesqueiro\/#respond\"]}]},{\"@type\":\"WebPage\",\"@id\":\"https:\/\/rede-esmar.gal\/villaverde-destaca-o-compromiso-da-xunta-coa-igualdade-e-o-talento-feminino-a-traves-do-impulso-do-estatuto-da-muller-do-sector-maritimo-pesqueiro\/\",\"url\":\"https:\/\/rede-esmar.gal\/villaverde-destaca-o-compromiso-da-xunta-coa-igualdade-e-o-talento-feminino-a-traves-do-impulso-do-estatuto-da-muller-do-sector-maritimo-pesqueiro\/\",\"name\":\"Villaverde destaca o compromiso da Xunta coa igualdade e o talento feminino a trav\u00e9s do impulso do Estatuto da muller do sector mar\u00edtimo-pesqueiro - ES\u00b7MAR\",\"isPartOf\":{\"@id\":\"https:\/\/rede-esmar.gal\/#website\"},\"datePublished\":\"2026-03-09T18:31:11+00:00\",\"dateModified\":\"2026-03-09T18:31:13+00:00\",\"breadcrumb\":{\"@id\":\"https:\/\/rede-esmar.gal\/villaverde-destaca-o-compromiso-da-xunta-coa-igualdade-e-o-talento-feminino-a-traves-do-impulso-do-estatuto-da-muller-do-sector-maritimo-pesqueiro\/#breadcrumb\"},\"inLanguage\":\"es\",\"potentialAction\":[{\"@type\":\"ReadAction\",\"target\":[\"https:\/\/rede-esmar.gal\/villaverde-destaca-o-compromiso-da-xunta-coa-igualdade-e-o-talento-feminino-a-traves-do-impulso-do-estatuto-da-muller-do-sector-maritimo-pesqueiro\/\"]}]},{\"@type\":\"BreadcrumbList\",\"@id\":\"https:\/\/rede-esmar.gal\/villaverde-destaca-o-compromiso-da-xunta-coa-igualdade-e-o-talento-feminino-a-traves-do-impulso-do-estatuto-da-muller-do-sector-maritimo-pesqueiro\/#breadcrumb\",\"itemListElement\":[{\"@type\":\"ListItem\",\"position\":1,\"name\":\"Portada\",\"item\":\"https:\/\/rede-esmar.gal\/\"},{\"@type\":\"ListItem\",\"position\":2,\"name\":\"Villaverde destaca o compromiso da Xunta coa igualdade e o talento feminino a trav\u00e9s do impulso do Estatuto da muller do sector mar\u00edtimo-pesqueiro\"}]},{\"@type\":\"WebSite\",\"@id\":\"https:\/\/rede-esmar.gal\/#website\",\"url\":\"https:\/\/rede-esmar.gal\/\",\"name\":\"ES\u00b7MAR\",\"description\":\"\",\"publisher\":{\"@id\":\"https:\/\/rede-esmar.gal\/#organization\"},\"potentialAction\":[{\"@type\":\"SearchAction\",\"target\":{\"@type\":\"EntryPoint\",\"urlTemplate\":\"https:\/\/rede-esmar.gal\/?s={search_term_string}\"},\"query-input\":{\"@type\":\"PropertyValueSpecification\",\"valueRequired\":true,\"valueName\":\"search_term_string\"}}],\"inLanguage\":\"es\"},{\"@type\":\"Organization\",\"@id\":\"https:\/\/rede-esmar.gal\/#organization\",\"name\":\"ES\u00b7MAR\",\"url\":\"https:\/\/rede-esmar.gal\/\",\"logo\":{\"@type\":\"ImageObject\",\"inLanguage\":\"es\",\"@id\":\"https:\/\/rede-esmar.gal\/#\/schema\/logo\/image\/\",\"url\":\"https:\/\/rede-esmar.gal\/wp-content\/uploads\/2025\/01\/logo-web-blanco-1.png\",\"contentUrl\":\"https:\/\/rede-esmar.gal\/wp-content\/uploads\/2025\/01\/logo-web-blanco-1.png\",\"width\":300,\"height\":99,\"caption\":\"ES\u00b7MAR\"},\"image\":{\"@id\":\"https:\/\/rede-esmar.gal\/#\/schema\/logo\/image\/\"}},{\"@type\":\"Person\",\"@id\":\"https:\/\/rede-esmar.gal\/#\/schema\/person\/139b8b85b73b930d041c72a3752be3a2\",\"name\":\"Equipo coordinaci\u00f3n\",\"image\":{\"@type\":\"ImageObject\",\"inLanguage\":\"es\",\"@id\":\"https:\/\/rede-esmar.gal\/#\/schema\/person\/image\/\",\"url\":\"https:\/\/secure.gravatar.com\/avatar\/489362bff200fce5cfc1d56577a36629?s=96&d=mm&r=g\",\"contentUrl\":\"https:\/\/secure.gravatar.com\/avatar\/489362bff200fce5cfc1d56577a36629?s=96&d=mm&r=g\",\"caption\":\"Equipo coordinaci\u00f3n\"},\"url\":\"https:\/\/rede-esmar.gal\/es\/author\/marta\/\"}]}<\/script>\n<!-- \/ Yoast SEO plugin. -->","yoast_head_json":{"title":"Villaverde destaca o compromiso da Xunta coa igualdade e o talento feminino a trav\u00e9s do impulso do Estatuto da muller do sector mar\u00edtimo-pesqueiro - ES\u00b7MAR","robots":{"index":"index","follow":"follow","max-snippet":"max-snippet:-1","max-image-preview":"max-image-preview:large","max-video-preview":"max-video-preview:-1"},"canonical":"https:\/\/rede-esmar.gal\/es\/villaverde-destaca-o-compromiso-da-xunta-coa-igualdade-e-o-talento-feminino-a-traves-do-impulso-do-estatuto-da-muller-do-sector-maritimo-pesqueiro\/","og_locale":"es_ES","og_type":"article","og_title":"Villaverde destaca o compromiso da Xunta coa igualdade e o talento feminino a trav\u00e9s do impulso do Estatuto da muller do sector mar\u00edtimo-pesqueiro - ES\u00b7MAR","og_description":"A conselleira do Mar, Marta Villaverde, participou o venres 6 de marzo na presentaci\u00f3n do III certame art\u00edstico Mulleres do mar (...)","og_url":"https:\/\/rede-esmar.gal\/es\/villaverde-destaca-o-compromiso-da-xunta-coa-igualdade-e-o-talento-feminino-a-traves-do-impulso-do-estatuto-da-muller-do-sector-maritimo-pesqueiro\/","og_site_name":"ES\u00b7MAR","article_published_time":"2026-03-09T18:31:11+00:00","article_modified_time":"2026-03-09T18:31:13+00:00","author":"Equipo coordinaci\u00f3n","twitter_card":"summary_large_image","twitter_misc":{"Escrito por":"Equipo coordinaci\u00f3n","Tiempo de lectura":"1 minuto"},"schema":{"@context":"https:\/\/schema.org","@graph":[{"@type":"Article","@id":"https:\/\/rede-esmar.gal\/villaverde-destaca-o-compromiso-da-xunta-coa-igualdade-e-o-talento-feminino-a-traves-do-impulso-do-estatuto-da-muller-do-sector-maritimo-pesqueiro\/#article","isPartOf":{"@id":"https:\/\/rede-esmar.gal\/villaverde-destaca-o-compromiso-da-xunta-coa-igualdade-e-o-talento-feminino-a-traves-do-impulso-do-estatuto-da-muller-do-sector-maritimo-pesqueiro\/"},"author":{"name":"Equipo coordinaci\u00f3n","@id":"https:\/\/rede-esmar.gal\/#\/schema\/person\/139b8b85b73b930d041c72a3752be3a2"},"headline":"Villaverde destaca o compromiso da Xunta coa igualdade e o talento feminino a trav\u00e9s do impulso do Estatuto da muller do sector mar\u00edtimo-pesqueiro","datePublished":"2026-03-09T18:31:11+00:00","dateModified":"2026-03-09T18:31:13+00:00","mainEntityOfPage":{"@id":"https:\/\/rede-esmar.gal\/villaverde-destaca-o-compromiso-da-xunta-coa-igualdade-e-o-talento-feminino-a-traves-do-impulso-do-estatuto-da-muller-do-sector-maritimo-pesqueiro\/"},"wordCount":227,"commentCount":0,"publisher":{"@id":"https:\/\/rede-esmar.gal\/#organization"},"articleSection":["Actualidade"],"inLanguage":"es","potentialAction":[{"@type":"CommentAction","name":"Comment","target":["https:\/\/rede-esmar.gal\/villaverde-destaca-o-compromiso-da-xunta-coa-igualdade-e-o-talento-feminino-a-traves-do-impulso-do-estatuto-da-muller-do-sector-maritimo-pesqueiro\/#respond"]}]},{"@type":"WebPage","@id":"https:\/\/rede-esmar.gal\/villaverde-destaca-o-compromiso-da-xunta-coa-igualdade-e-o-talento-feminino-a-traves-do-impulso-do-estatuto-da-muller-do-sector-maritimo-pesqueiro\/","url":"https:\/\/rede-esmar.gal\/villaverde-destaca-o-compromiso-da-xunta-coa-igualdade-e-o-talento-feminino-a-traves-do-impulso-do-estatuto-da-muller-do-sector-maritimo-pesqueiro\/","name":"Villaverde destaca o compromiso da Xunta coa igualdade e o talento feminino a trav\u00e9s do impulso do Estatuto da muller do sector mar\u00edtimo-pesqueiro - ES\u00b7MAR","isPartOf":{"@id":"https:\/\/rede-esmar.gal\/#website"},"datePublished":"2026-03-09T18:31:11+00:00","dateModified":"2026-03-09T18:31:13+00:00","breadcrumb":{"@id":"https:\/\/rede-esmar.gal\/villaverde-destaca-o-compromiso-da-xunta-coa-igualdade-e-o-talento-feminino-a-traves-do-impulso-do-estatuto-da-muller-do-sector-maritimo-pesqueiro\/#breadcrumb"},"inLanguage":"es","potentialAction":[{"@type":"ReadAction","target":["https:\/\/rede-esmar.gal\/villaverde-destaca-o-compromiso-da-xunta-coa-igualdade-e-o-talento-feminino-a-traves-do-impulso-do-estatuto-da-muller-do-sector-maritimo-pesqueiro\/"]}]},{"@type":"BreadcrumbList","@id":"https:\/\/rede-esmar.gal\/villaverde-destaca-o-compromiso-da-xunta-coa-igualdade-e-o-talento-feminino-a-traves-do-impulso-do-estatuto-da-muller-do-sector-maritimo-pesqueiro\/#breadcrumb","itemListElement":[{"@type":"ListItem","position":1,"name":"Portada","item":"https:\/\/rede-esmar.gal\/"},{"@type":"ListItem","position":2,"name":"Villaverde destaca o compromiso da Xunta coa igualdade e o talento feminino a trav\u00e9s do impulso do Estatuto da muller do sector mar\u00edtimo-pesqueiro"}]},{"@type":"WebSite","@id":"https:\/\/rede-esmar.gal\/#website","url":"https:\/\/rede-esmar.gal\/","name":"ES\u00b7MAR","description":"","publisher":{"@id":"https:\/\/rede-esmar.gal\/#organization"},"potentialAction":[{"@type":"SearchAction","target":{"@type":"EntryPoint","urlTemplate":"https:\/\/rede-esmar.gal\/?s={search_term_string}"},"query-input":{"@type":"PropertyValueSpecification","valueRequired":true,"valueName":"search_term_string"}}],"inLanguage":"es"},{"@type":"Organization","@id":"https:\/\/rede-esmar.gal\/#organization","name":"ES\u00b7MAR","url":"https:\/\/rede-esmar.gal\/","logo":{"@type":"ImageObject","inLanguage":"es","@id":"https:\/\/rede-esmar.gal\/#\/schema\/logo\/image\/","url":"https:\/\/rede-esmar.gal\/wp-content\/uploads\/2025\/01\/logo-web-blanco-1.png","contentUrl":"https:\/\/rede-esmar.gal\/wp-content\/uploads\/2025\/01\/logo-web-blanco-1.png","width":300,"height":99,"caption":"ES\u00b7MAR"},"image":{"@id":"https:\/\/rede-esmar.gal\/#\/schema\/logo\/image\/"}},{"@type":"Person","@id":"https:\/\/rede-esmar.gal\/#\/schema\/person\/139b8b85b73b930d041c72a3752be3a2","name":"Equipo coordinaci\u00f3n","image":{"@type":"ImageObject","inLanguage":"es","@id":"https:\/\/rede-esmar.gal\/#\/schema\/person\/image\/","url":"https:\/\/secure.gravatar.com\/avatar\/489362bff200fce5cfc1d56577a36629?s=96&d=mm&r=g","contentUrl":"https:\/\/secure.gravatar.com\/avatar\/489362bff200fce5cfc1d56577a36629?s=96&d=mm&r=g","caption":"Equipo coordinaci\u00f3n"},"url":"https:\/\/rede-esmar.gal\/es\/author\/marta\/"}]}},"jetpack_featured_media_url":"","jetpack_sharing_enabled":true,"_links":{"self":[{"href":"https:\/\/rede-esmar.gal\/es\/wp-json\/wp\/v2\/posts\/15467","targetHints":{"allow":["GET"]}}],"collection":[{"href":"https:\/\/rede-esmar.gal\/es\/wp-json\/wp\/v2\/posts"}],"about":[{"href":"https:\/\/rede-esmar.gal\/es\/wp-json\/wp\/v2\/types\/post"}],"author":[{"embeddable":true,"href":"https:\/\/rede-esmar.gal\/es\/wp-json\/wp\/v2\/users\/6"}],"replies":[{"embeddable":true,"href":"https:\/\/rede-esmar.gal\/es\/wp-json\/wp\/v2\/comments?post=15467"}],"version-history":[{"count":2,"href":"https:\/\/rede-esmar.gal\/es\/wp-json\/wp\/v2\/posts\/15467\/revisions"}],"predecessor-version":[{"id":15469,"href":"https:\/\/rede-esmar.gal\/es\/wp-json\/wp\/v2\/posts\/15467\/revisions\/15469"}],"wp:attachment":[{"href":"https:\/\/rede-esmar.gal\/es\/wp-json\/wp\/v2\/media?parent=15467"}],"wp:term":[{"taxonomy":"category","embeddable":true,"href":"https:\/\/rede-esmar.gal\/es\/wp-json\/wp\/v2\/categories?post=15467"},{"taxonomy":"post_tag","embeddable":true,"href":"https:\/\/rede-esmar.gal\/es\/wp-json\/wp\/v2\/tags?post=15467"}],"curies":[{"name":"wp","href":"https:\/\/api.w.org\/{rel}","templated":true}]}}