{"id":15470,"date":"2026-03-09T19:04:58","date_gmt":"2026-03-09T18:04:58","guid":{"rendered":"https:\/\/rede-esmar.gal\/?p=15470"},"modified":"2026-03-09T19:05:00","modified_gmt":"2026-03-09T18:05:00","slug":"a-xunta-posiciona-a-excelencia-dos-produtos-pesqueiros-de-galicia-na-51a-foodex-japan","status":"publish","type":"post","link":"https:\/\/rede-esmar.gal\/es\/a-xunta-posiciona-a-excelencia-dos-produtos-pesqueiros-de-galicia-na-51a-foodex-japan\/","title":{"rendered":"La Xunta posiciona la excelencia de los productos pesqueros de Galicia en la 51\u00aa Foodex Japan"},"content":{"rendered":"<p>La conseller\u00eda do Mar, en el marco de la l\u00ednea estrat\u00e9gica de apoyo a la promoci\u00f3n internacional de los productos del mar gallegos, promueve su promoci\u00f3n en la 51\u00aa Foodex Japan, que se celebrar\u00e1 en Tokio desde el 10 al 13 de marzo.<\/p>\n\n\n\n<p>De este modo, el departamento auton\u00f3mico contin\u00faa con su apuesta por el fomento de las especies capturadas y elaboradas en la comunidad en uno de los mercados m\u00e1s exigentes y con mayor tradici\u00f3n de consumo de pescado y marisco. Y es que esta feria es una de las m\u00e1s destacadas del mundo en el \u00e1mbito de la alimentaci\u00f3n y bebidas, convirti\u00e9ndose en un punto de encuentro estrat\u00e9gico para productores, distribuidores e importadores del pa\u00eds asi\u00e1tico.<\/p>\n\n\n\n<p>Conscientes de que la internacionalizaci\u00f3n es una herramienta clave para aumentar la competitividad del sector, el Gobierno gallego contempla en los presupuestos una partida de 11 millones de euros para el per\u00edodo 2026-2027. Este esfuerzo inversor va destinado a la revalorizaci\u00f3n de los productos pero tambi\u00e9n al aprovechamiento de nuevas oportunidades comerciales que ofrecen estos eventos tanto para la flota gallega como para la industria transformadora.<\/p>\n\n\n\n<p><strong>Fuente: Conseller\u00eda del Mar<\/strong><\/p>\n\n\n\n<p><a href=\"https:\/\/mar.xunta.gal\/es\/informacion\/noticias\/noticia?time=03092026095032&amp;id=nova_022156.html\">Noticia | Portal da Conseller\u00eda do Mar<\/a><\/p>","protected":false},"excerpt":{"rendered":"<p>La Conseller\u00eda del Mar, en el marco de la l\u00ednea estrat\u00e9gica de apoyo a la promoci\u00f3n internacional de los productos del mar gallegos, promueve su promoci\u00f3n en la 51\u00aa Foodex Japan, que se celebrar\u00e1 en Tokio del 10 a 13 de marzo . (\u2026)<\/p>","protected":false},"author":6,"featured_media":0,"comment_status":"open","ping_status":"open","sticky":false,"template":"","format":"standard","meta":{"_acf_changed":false,"saved_in_kubio":false,"content-type":"","osom_blocks_metabox":"","_monsterinsights_skip_tracking":false,"_monsterinsights_sitenote_active":false,"_monsterinsights_sitenote_note":"","_monsterinsights_sitenote_category":0,"_price":"","_stock":"","_tribe_ticket_header":"","_tribe_default_ticket_provider":"","_tribe_ticket_capacity":"0","_ticket_start_date":"","_ticket_end_date":"","_tribe_ticket_show_description":"","_tribe_ticket_show_not_going":false,"_tribe_ticket_use_global_stock":"","_tribe_ticket_global_stock_level":"","_global_stock_mode":"","_global_stock_cap":"","_tribe_rsvp_for_event":"","_tribe_ticket_going_count":"","_tribe_ticket_not_going_count":"","_tribe_tickets_list":"[]","_tribe_ticket_has_attendee_info_fields":false,"_EventAllDay":false,"_EventTimezone":"","_EventStartDate":"","_EventEndDate":"","_EventStartDateUTC":"","_EventEndDateUTC":"","_EventShowMap":false,"_EventShowMapLink":false,"_EventURL":"","_EventCost":"","_EventCostDescription":"","_EventCurrencySymbol":"","_EventCurrencyCode":"","_EventCurrencyPosition":"","_EventDateTimeSeparator":"","_EventTimeRangeSeparator":"","_EventOrganizerID":[],"_EventVenueID":[],"_OrganizerEmail":"","_OrganizerPhone":"","_OrganizerWebsite":"","_VenueAddress":"","_VenueCity":"","_VenueCountry":"","_VenueProvince":"","_VenueState":"","_VenueZip":"","_VenuePhone":"","_VenueURL":"","_VenueStateProvince":"","_VenueLat":"","_VenueLng":"","_VenueShowMap":false,"_VenueShowMapLink":false,"_jetpack_memberships_contains_paid_content":false,"footnotes":""},"categories":[1],"tags":[],"class_list":["post-15470","post","type-post","status-publish","format-standard","hentry","category-actualidade"],"acf":[],"yoast_head":"<!-- This site is optimized with the Yoast SEO plugin v26.1.1 - https:\/\/yoast.com\/wordpress\/plugins\/seo\/ -->\n<title>A Xunta posiciona a excelencia dos produtos pesqueiros de Galicia na 51\u00aa Foodex Japan - ES\u00b7MAR<\/title>\n<meta name=\"robots\" content=\"index, follow, max-snippet:-1, max-image-preview:large, max-video-preview:-1\" \/>\n<link rel=\"canonical\" href=\"https:\/\/rede-esmar.gal\/es\/a-xunta-posiciona-a-excelencia-dos-produtos-pesqueiros-de-galicia-na-51a-foodex-japan\/\" \/>\n<meta property=\"og:locale\" content=\"es_ES\" \/>\n<meta property=\"og:type\" content=\"article\" \/>\n<meta property=\"og:title\" content=\"A Xunta posiciona a excelencia dos produtos pesqueiros de Galicia na 51\u00aa Foodex Japan - ES\u00b7MAR\" \/>\n<meta property=\"og:description\" content=\"A Conseller\u00eda do Mar, no marco da li\u00f1a estrat\u00e9xica de apoio \u00e1 promoci\u00f3n internacional dos produtos do mar galegos, promove a s\u00faa promoci\u00f3n na 51\u00aa Foodex Japan, que se celebrar\u00e1 en Tokio do 10 ao 13 de marzo. (...)\" \/>\n<meta property=\"og:url\" content=\"https:\/\/rede-esmar.gal\/es\/a-xunta-posiciona-a-excelencia-dos-produtos-pesqueiros-de-galicia-na-51a-foodex-japan\/\" \/>\n<meta property=\"og:site_name\" content=\"ES\u00b7MAR\" \/>\n<meta property=\"article:published_time\" content=\"2026-03-09T18:04:58+00:00\" \/>\n<meta property=\"article:modified_time\" content=\"2026-03-09T18:05:00+00:00\" \/>\n<meta name=\"author\" content=\"Equipo coordinaci\u00f3n\" \/>\n<meta name=\"twitter:card\" content=\"summary_large_image\" \/>\n<meta name=\"twitter:label1\" content=\"Escrito por\" \/>\n\t<meta name=\"twitter:data1\" content=\"Equipo coordinaci\u00f3n\" \/>\n\t<meta name=\"twitter:label2\" content=\"Tiempo de lectura\" \/>\n\t<meta name=\"twitter:data2\" content=\"1 minuto\" \/>\n<script type=\"application\/ld+json\" class=\"yoast-schema-graph\">{\"@context\":\"https:\/\/schema.org\",\"@graph\":[{\"@type\":\"Article\",\"@id\":\"https:\/\/rede-esmar.gal\/a-xunta-posiciona-a-excelencia-dos-produtos-pesqueiros-de-galicia-na-51a-foodex-japan\/#article\",\"isPartOf\":{\"@id\":\"https:\/\/rede-esmar.gal\/a-xunta-posiciona-a-excelencia-dos-produtos-pesqueiros-de-galicia-na-51a-foodex-japan\/\"},\"author\":{\"name\":\"Equipo coordinaci\u00f3n\",\"@id\":\"https:\/\/rede-esmar.gal\/#\/schema\/person\/139b8b85b73b930d041c72a3752be3a2\"},\"headline\":\"A Xunta posiciona a excelencia dos produtos pesqueiros de Galicia na 51\u00aa Foodex Japan\",\"datePublished\":\"2026-03-09T18:04:58+00:00\",\"dateModified\":\"2026-03-09T18:05:00+00:00\",\"mainEntityOfPage\":{\"@id\":\"https:\/\/rede-esmar.gal\/a-xunta-posiciona-a-excelencia-dos-produtos-pesqueiros-de-galicia-na-51a-foodex-japan\/\"},\"wordCount\":202,\"commentCount\":0,\"publisher\":{\"@id\":\"https:\/\/rede-esmar.gal\/#organization\"},\"articleSection\":[\"Actualidade\"],\"inLanguage\":\"es\",\"potentialAction\":[{\"@type\":\"CommentAction\",\"name\":\"Comment\",\"target\":[\"https:\/\/rede-esmar.gal\/a-xunta-posiciona-a-excelencia-dos-produtos-pesqueiros-de-galicia-na-51a-foodex-japan\/#respond\"]}]},{\"@type\":\"WebPage\",\"@id\":\"https:\/\/rede-esmar.gal\/a-xunta-posiciona-a-excelencia-dos-produtos-pesqueiros-de-galicia-na-51a-foodex-japan\/\",\"url\":\"https:\/\/rede-esmar.gal\/a-xunta-posiciona-a-excelencia-dos-produtos-pesqueiros-de-galicia-na-51a-foodex-japan\/\",\"name\":\"A Xunta posiciona a excelencia dos produtos pesqueiros de Galicia na 51\u00aa Foodex Japan - ES\u00b7MAR\",\"isPartOf\":{\"@id\":\"https:\/\/rede-esmar.gal\/#website\"},\"datePublished\":\"2026-03-09T18:04:58+00:00\",\"dateModified\":\"2026-03-09T18:05:00+00:00\",\"breadcrumb\":{\"@id\":\"https:\/\/rede-esmar.gal\/a-xunta-posiciona-a-excelencia-dos-produtos-pesqueiros-de-galicia-na-51a-foodex-japan\/#breadcrumb\"},\"inLanguage\":\"es\",\"potentialAction\":[{\"@type\":\"ReadAction\",\"target\":[\"https:\/\/rede-esmar.gal\/a-xunta-posiciona-a-excelencia-dos-produtos-pesqueiros-de-galicia-na-51a-foodex-japan\/\"]}]},{\"@type\":\"BreadcrumbList\",\"@id\":\"https:\/\/rede-esmar.gal\/a-xunta-posiciona-a-excelencia-dos-produtos-pesqueiros-de-galicia-na-51a-foodex-japan\/#breadcrumb\",\"itemListElement\":[{\"@type\":\"ListItem\",\"position\":1,\"name\":\"Portada\",\"item\":\"https:\/\/rede-esmar.gal\/\"},{\"@type\":\"ListItem\",\"position\":2,\"name\":\"A Xunta posiciona a excelencia dos produtos pesqueiros de Galicia na 51\u00aa Foodex Japan\"}]},{\"@type\":\"WebSite\",\"@id\":\"https:\/\/rede-esmar.gal\/#website\",\"url\":\"https:\/\/rede-esmar.gal\/\",\"name\":\"ES\u00b7MAR\",\"description\":\"\",\"publisher\":{\"@id\":\"https:\/\/rede-esmar.gal\/#organization\"},\"potentialAction\":[{\"@type\":\"SearchAction\",\"target\":{\"@type\":\"EntryPoint\",\"urlTemplate\":\"https:\/\/rede-esmar.gal\/?s={search_term_string}\"},\"query-input\":{\"@type\":\"PropertyValueSpecification\",\"valueRequired\":true,\"valueName\":\"search_term_string\"}}],\"inLanguage\":\"es\"},{\"@type\":\"Organization\",\"@id\":\"https:\/\/rede-esmar.gal\/#organization\",\"name\":\"ES\u00b7MAR\",\"url\":\"https:\/\/rede-esmar.gal\/\",\"logo\":{\"@type\":\"ImageObject\",\"inLanguage\":\"es\",\"@id\":\"https:\/\/rede-esmar.gal\/#\/schema\/logo\/image\/\",\"url\":\"https:\/\/rede-esmar.gal\/wp-content\/uploads\/2025\/01\/logo-web-blanco-1.png\",\"contentUrl\":\"https:\/\/rede-esmar.gal\/wp-content\/uploads\/2025\/01\/logo-web-blanco-1.png\",\"width\":300,\"height\":99,\"caption\":\"ES\u00b7MAR\"},\"image\":{\"@id\":\"https:\/\/rede-esmar.gal\/#\/schema\/logo\/image\/\"}},{\"@type\":\"Person\",\"@id\":\"https:\/\/rede-esmar.gal\/#\/schema\/person\/139b8b85b73b930d041c72a3752be3a2\",\"name\":\"Equipo coordinaci\u00f3n\",\"image\":{\"@type\":\"ImageObject\",\"inLanguage\":\"es\",\"@id\":\"https:\/\/rede-esmar.gal\/#\/schema\/person\/image\/\",\"url\":\"https:\/\/secure.gravatar.com\/avatar\/489362bff200fce5cfc1d56577a36629?s=96&d=mm&r=g\",\"contentUrl\":\"https:\/\/secure.gravatar.com\/avatar\/489362bff200fce5cfc1d56577a36629?s=96&d=mm&r=g\",\"caption\":\"Equipo coordinaci\u00f3n\"},\"url\":\"https:\/\/rede-esmar.gal\/es\/author\/marta\/\"}]}<\/script>\n<!-- \/ Yoast SEO plugin. -->","yoast_head_json":{"title":"A Xunta posiciona a excelencia dos produtos pesqueiros de Galicia na 51\u00aa Foodex Japan - ES\u00b7MAR","robots":{"index":"index","follow":"follow","max-snippet":"max-snippet:-1","max-image-preview":"max-image-preview:large","max-video-preview":"max-video-preview:-1"},"canonical":"https:\/\/rede-esmar.gal\/es\/a-xunta-posiciona-a-excelencia-dos-produtos-pesqueiros-de-galicia-na-51a-foodex-japan\/","og_locale":"es_ES","og_type":"article","og_title":"A Xunta posiciona a excelencia dos produtos pesqueiros de Galicia na 51\u00aa Foodex Japan - ES\u00b7MAR","og_description":"A Conseller\u00eda do Mar, no marco da li\u00f1a estrat\u00e9xica de apoio \u00e1 promoci\u00f3n internacional dos produtos do mar galegos, promove a s\u00faa promoci\u00f3n na 51\u00aa Foodex Japan, que se celebrar\u00e1 en Tokio do 10 ao 13 de marzo. (...)","og_url":"https:\/\/rede-esmar.gal\/es\/a-xunta-posiciona-a-excelencia-dos-produtos-pesqueiros-de-galicia-na-51a-foodex-japan\/","og_site_name":"ES\u00b7MAR","article_published_time":"2026-03-09T18:04:58+00:00","article_modified_time":"2026-03-09T18:05:00+00:00","author":"Equipo coordinaci\u00f3n","twitter_card":"summary_large_image","twitter_misc":{"Escrito por":"Equipo coordinaci\u00f3n","Tiempo de lectura":"1 minuto"},"schema":{"@context":"https:\/\/schema.org","@graph":[{"@type":"Article","@id":"https:\/\/rede-esmar.gal\/a-xunta-posiciona-a-excelencia-dos-produtos-pesqueiros-de-galicia-na-51a-foodex-japan\/#article","isPartOf":{"@id":"https:\/\/rede-esmar.gal\/a-xunta-posiciona-a-excelencia-dos-produtos-pesqueiros-de-galicia-na-51a-foodex-japan\/"},"author":{"name":"Equipo coordinaci\u00f3n","@id":"https:\/\/rede-esmar.gal\/#\/schema\/person\/139b8b85b73b930d041c72a3752be3a2"},"headline":"A Xunta posiciona a excelencia dos produtos pesqueiros de Galicia na 51\u00aa Foodex Japan","datePublished":"2026-03-09T18:04:58+00:00","dateModified":"2026-03-09T18:05:00+00:00","mainEntityOfPage":{"@id":"https:\/\/rede-esmar.gal\/a-xunta-posiciona-a-excelencia-dos-produtos-pesqueiros-de-galicia-na-51a-foodex-japan\/"},"wordCount":202,"commentCount":0,"publisher":{"@id":"https:\/\/rede-esmar.gal\/#organization"},"articleSection":["Actualidade"],"inLanguage":"es","potentialAction":[{"@type":"CommentAction","name":"Comment","target":["https:\/\/rede-esmar.gal\/a-xunta-posiciona-a-excelencia-dos-produtos-pesqueiros-de-galicia-na-51a-foodex-japan\/#respond"]}]},{"@type":"WebPage","@id":"https:\/\/rede-esmar.gal\/a-xunta-posiciona-a-excelencia-dos-produtos-pesqueiros-de-galicia-na-51a-foodex-japan\/","url":"https:\/\/rede-esmar.gal\/a-xunta-posiciona-a-excelencia-dos-produtos-pesqueiros-de-galicia-na-51a-foodex-japan\/","name":"A Xunta posiciona a excelencia dos produtos pesqueiros de Galicia na 51\u00aa Foodex Japan - ES\u00b7MAR","isPartOf":{"@id":"https:\/\/rede-esmar.gal\/#website"},"datePublished":"2026-03-09T18:04:58+00:00","dateModified":"2026-03-09T18:05:00+00:00","breadcrumb":{"@id":"https:\/\/rede-esmar.gal\/a-xunta-posiciona-a-excelencia-dos-produtos-pesqueiros-de-galicia-na-51a-foodex-japan\/#breadcrumb"},"inLanguage":"es","potentialAction":[{"@type":"ReadAction","target":["https:\/\/rede-esmar.gal\/a-xunta-posiciona-a-excelencia-dos-produtos-pesqueiros-de-galicia-na-51a-foodex-japan\/"]}]},{"@type":"BreadcrumbList","@id":"https:\/\/rede-esmar.gal\/a-xunta-posiciona-a-excelencia-dos-produtos-pesqueiros-de-galicia-na-51a-foodex-japan\/#breadcrumb","itemListElement":[{"@type":"ListItem","position":1,"name":"Portada","item":"https:\/\/rede-esmar.gal\/"},{"@type":"ListItem","position":2,"name":"A Xunta posiciona a excelencia dos produtos pesqueiros de Galicia na 51\u00aa Foodex Japan"}]},{"@type":"WebSite","@id":"https:\/\/rede-esmar.gal\/#website","url":"https:\/\/rede-esmar.gal\/","name":"ES\u00b7MAR","description":"","publisher":{"@id":"https:\/\/rede-esmar.gal\/#organization"},"potentialAction":[{"@type":"SearchAction","target":{"@type":"EntryPoint","urlTemplate":"https:\/\/rede-esmar.gal\/?s={search_term_string}"},"query-input":{"@type":"PropertyValueSpecification","valueRequired":true,"valueName":"search_term_string"}}],"inLanguage":"es"},{"@type":"Organization","@id":"https:\/\/rede-esmar.gal\/#organization","name":"ES\u00b7MAR","url":"https:\/\/rede-esmar.gal\/","logo":{"@type":"ImageObject","inLanguage":"es","@id":"https:\/\/rede-esmar.gal\/#\/schema\/logo\/image\/","url":"https:\/\/rede-esmar.gal\/wp-content\/uploads\/2025\/01\/logo-web-blanco-1.png","contentUrl":"https:\/\/rede-esmar.gal\/wp-content\/uploads\/2025\/01\/logo-web-blanco-1.png","width":300,"height":99,"caption":"ES\u00b7MAR"},"image":{"@id":"https:\/\/rede-esmar.gal\/#\/schema\/logo\/image\/"}},{"@type":"Person","@id":"https:\/\/rede-esmar.gal\/#\/schema\/person\/139b8b85b73b930d041c72a3752be3a2","name":"Equipo coordinaci\u00f3n","image":{"@type":"ImageObject","inLanguage":"es","@id":"https:\/\/rede-esmar.gal\/#\/schema\/person\/image\/","url":"https:\/\/secure.gravatar.com\/avatar\/489362bff200fce5cfc1d56577a36629?s=96&d=mm&r=g","contentUrl":"https:\/\/secure.gravatar.com\/avatar\/489362bff200fce5cfc1d56577a36629?s=96&d=mm&r=g","caption":"Equipo coordinaci\u00f3n"},"url":"https:\/\/rede-esmar.gal\/es\/author\/marta\/"}]}},"jetpack_featured_media_url":"","jetpack_sharing_enabled":true,"_links":{"self":[{"href":"https:\/\/rede-esmar.gal\/es\/wp-json\/wp\/v2\/posts\/15470","targetHints":{"allow":["GET"]}}],"collection":[{"href":"https:\/\/rede-esmar.gal\/es\/wp-json\/wp\/v2\/posts"}],"about":[{"href":"https:\/\/rede-esmar.gal\/es\/wp-json\/wp\/v2\/types\/post"}],"author":[{"embeddable":true,"href":"https:\/\/rede-esmar.gal\/es\/wp-json\/wp\/v2\/users\/6"}],"replies":[{"embeddable":true,"href":"https:\/\/rede-esmar.gal\/es\/wp-json\/wp\/v2\/comments?post=15470"}],"version-history":[{"count":2,"href":"https:\/\/rede-esmar.gal\/es\/wp-json\/wp\/v2\/posts\/15470\/revisions"}],"predecessor-version":[{"id":15474,"href":"https:\/\/rede-esmar.gal\/es\/wp-json\/wp\/v2\/posts\/15470\/revisions\/15474"}],"wp:attachment":[{"href":"https:\/\/rede-esmar.gal\/es\/wp-json\/wp\/v2\/media?parent=15470"}],"wp:term":[{"taxonomy":"category","embeddable":true,"href":"https:\/\/rede-esmar.gal\/es\/wp-json\/wp\/v2\/categories?post=15470"},{"taxonomy":"post_tag","embeddable":true,"href":"https:\/\/rede-esmar.gal\/es\/wp-json\/wp\/v2\/tags?post=15470"}],"curies":[{"name":"wp","href":"https:\/\/api.w.org\/{rel}","templated":true}]}}