{"id":15807,"date":"2026-04-20T17:15:16","date_gmt":"2026-04-20T16:15:16","guid":{"rendered":"https:\/\/rede-esmar.gal\/?p=15807"},"modified":"2026-04-20T17:15:18","modified_gmt":"2026-04-20T16:15:18","slug":"mar-destaca-no-parlamento-o-plan-de-227-me-para-recuperar-os-bancos-marisqueiros-fronte-ao-abandono-do-goberno-central","status":"publish","type":"post","link":"https:\/\/rede-esmar.gal\/es\/mar-destaca-no-parlamento-o-plan-de-227-me-para-recuperar-os-bancos-marisqueiros-fronte-ao-abandono-do-goberno-central\/","title":{"rendered":"Mar destaca en el Parlamento el plan de 22,7 M\u20ac para recuperar los bancos marisqueros frente al abandono del Gobierno central"},"content":{"rendered":"<p>La directora general de Desarrollo Pesquero, \u00c1ngeles V. Su\u00e1rez, destac\u00f3 el 14 de abril, en la Comisi\u00f3n 8\u00aa de #Pesca e Marisqueo del Parlamento de Galicia, la r\u00e1pida y contundente actuaci\u00f3n de la Consejer\u00eda del Mar ante la situaci\u00f3n causada por los temporales persistentes de comienzos de a\u00f1o y que presenta una afectaci\u00f3n distinta dependiendo de las zonas del litoral gallego.<\/p>\n\n\n\n<p>As\u00ed lo manifest\u00f3 la representante auton\u00f3mica en respuesta a una pregunta parlamentaria sobre la mortandad masiva de bivalvos en la r\u00eda de Arousa y la necesidad de medidas urgentes, en la que record\u00f3 que este episodio fue provocado por la extraordinaria sucesi\u00f3n de ocho borrascas continuadas durante el pasado invierno, el que caus\u00f3 un descenso cr\u00edtico de la salinidad y una alta mortandad en los moluscos.<\/p>\n\n\n\n<p>Fuente: Conseller\u00eda del Mar<\/p>\n\n\n\n<p><a href=\"https:\/\/mar.xunta.gal\/es\/informacion\/noticias\/noticia?time=04202026095012&amp;id=nova_023410.html\">Noticia | Portal da Conseller\u00eda do Mar<\/a><\/p>","protected":false},"excerpt":{"rendered":"<p>La directora general de Desarrollo Pesquero, \u00c1ngeles V. Su\u00e1rez, destac\u00f3 el 14 de abril, en la Comisi\u00f3n 8\u00aa de #Pesca e Marisqueo del Parlamento de Galicia, la r\u00e1pida y contundente actuaci\u00f3n de la Consejer\u00eda del Mar ante (\u2026)<\/p>","protected":false},"author":6,"featured_media":0,"comment_status":"open","ping_status":"open","sticky":false,"template":"","format":"standard","meta":{"_acf_changed":false,"saved_in_kubio":false,"content-type":"","osom_blocks_metabox":"","_monsterinsights_skip_tracking":false,"_monsterinsights_sitenote_active":false,"_monsterinsights_sitenote_note":"","_monsterinsights_sitenote_category":0,"_price":"","_stock":"","_tribe_ticket_header":"","_tribe_default_ticket_provider":"","_tribe_ticket_capacity":"0","_ticket_start_date":"","_ticket_end_date":"","_tribe_ticket_show_description":"","_tribe_ticket_show_not_going":false,"_tribe_ticket_use_global_stock":"","_tribe_ticket_global_stock_level":"","_global_stock_mode":"","_global_stock_cap":"","_tribe_rsvp_for_event":"","_tribe_ticket_going_count":"","_tribe_ticket_not_going_count":"","_tribe_tickets_list":"[]","_tribe_ticket_has_attendee_info_fields":false,"_EventAllDay":false,"_EventTimezone":"","_EventStartDate":"","_EventEndDate":"","_EventStartDateUTC":"","_EventEndDateUTC":"","_EventShowMap":false,"_EventShowMapLink":false,"_EventURL":"","_EventCost":"","_EventCostDescription":"","_EventCurrencySymbol":"","_EventCurrencyCode":"","_EventCurrencyPosition":"","_EventDateTimeSeparator":"","_EventTimeRangeSeparator":"","_EventOrganizerID":[],"_EventVenueID":[],"_OrganizerEmail":"","_OrganizerPhone":"","_OrganizerWebsite":"","_VenueAddress":"","_VenueCity":"","_VenueCountry":"","_VenueProvince":"","_VenueState":"","_VenueZip":"","_VenuePhone":"","_VenueURL":"","_VenueStateProvince":"","_VenueLat":"","_VenueLng":"","_VenueShowMap":false,"_VenueShowMapLink":false,"_jetpack_memberships_contains_paid_content":false,"footnotes":""},"categories":[1],"tags":[],"class_list":["post-15807","post","type-post","status-publish","format-standard","hentry","category-actualidade"],"acf":[],"yoast_head":"<!-- This site is optimized with the Yoast SEO plugin v26.1.1 - https:\/\/yoast.com\/wordpress\/plugins\/seo\/ -->\n<title>Mar destaca no Parlamento o plan de 22,7 M\u20ac para recuperar os bancos marisqueiros fronte ao abandono do Goberno central - ES\u00b7MAR<\/title>\n<meta name=\"robots\" content=\"index, follow, max-snippet:-1, max-image-preview:large, max-video-preview:-1\" \/>\n<link rel=\"canonical\" href=\"https:\/\/rede-esmar.gal\/es\/mar-destaca-no-parlamento-o-plan-de-227-me-para-recuperar-os-bancos-marisqueiros-fronte-ao-abandono-do-goberno-central\/\" \/>\n<meta property=\"og:locale\" content=\"es_ES\" \/>\n<meta property=\"og:type\" content=\"article\" \/>\n<meta property=\"og:title\" content=\"Mar destaca no Parlamento o plan de 22,7 M\u20ac para recuperar os bancos marisqueiros fronte ao abandono do Goberno central - ES\u00b7MAR\" \/>\n<meta property=\"og:description\" content=\"A directora xeral de Desenvolvemento Pesqueiro, \u00c1ngeles V. Su\u00e1rez, destacou o 14 de abril, na Comisi\u00f3n 8\u00aa de Pesca e Marisqueo do Parlamento de Galicia, a r\u00e1pida e contundente actuaci\u00f3n da Conseller\u00eda do Mar ante (...)\" \/>\n<meta property=\"og:url\" content=\"https:\/\/rede-esmar.gal\/es\/mar-destaca-no-parlamento-o-plan-de-227-me-para-recuperar-os-bancos-marisqueiros-fronte-ao-abandono-do-goberno-central\/\" \/>\n<meta property=\"og:site_name\" content=\"ES\u00b7MAR\" \/>\n<meta property=\"article:published_time\" content=\"2026-04-20T16:15:16+00:00\" \/>\n<meta property=\"article:modified_time\" content=\"2026-04-20T16:15:18+00:00\" \/>\n<meta name=\"author\" content=\"Equipo coordinaci\u00f3n\" \/>\n<meta name=\"twitter:card\" content=\"summary_large_image\" \/>\n<meta name=\"twitter:label1\" content=\"Escrito por\" \/>\n\t<meta name=\"twitter:data1\" content=\"Equipo coordinaci\u00f3n\" \/>\n\t<meta name=\"twitter:label2\" content=\"Tiempo de lectura\" \/>\n\t<meta name=\"twitter:data2\" content=\"1 minuto\" \/>\n<script type=\"application\/ld+json\" class=\"yoast-schema-graph\">{\"@context\":\"https:\/\/schema.org\",\"@graph\":[{\"@type\":\"Article\",\"@id\":\"https:\/\/rede-esmar.gal\/mar-destaca-no-parlamento-o-plan-de-227-me-para-recuperar-os-bancos-marisqueiros-fronte-ao-abandono-do-goberno-central\/#article\",\"isPartOf\":{\"@id\":\"https:\/\/rede-esmar.gal\/mar-destaca-no-parlamento-o-plan-de-227-me-para-recuperar-os-bancos-marisqueiros-fronte-ao-abandono-do-goberno-central\/\"},\"author\":{\"name\":\"Equipo coordinaci\u00f3n\",\"@id\":\"https:\/\/rede-esmar.gal\/#\/schema\/person\/139b8b85b73b930d041c72a3752be3a2\"},\"headline\":\"Mar destaca no Parlamento o plan de 22,7 M\u20ac para recuperar os bancos marisqueiros fronte ao abandono do Goberno central\",\"datePublished\":\"2026-04-20T16:15:16+00:00\",\"dateModified\":\"2026-04-20T16:15:18+00:00\",\"mainEntityOfPage\":{\"@id\":\"https:\/\/rede-esmar.gal\/mar-destaca-no-parlamento-o-plan-de-227-me-para-recuperar-os-bancos-marisqueiros-fronte-ao-abandono-do-goberno-central\/\"},\"wordCount\":158,\"commentCount\":0,\"publisher\":{\"@id\":\"https:\/\/rede-esmar.gal\/#organization\"},\"articleSection\":[\"Actualidade\"],\"inLanguage\":\"es\",\"potentialAction\":[{\"@type\":\"CommentAction\",\"name\":\"Comment\",\"target\":[\"https:\/\/rede-esmar.gal\/mar-destaca-no-parlamento-o-plan-de-227-me-para-recuperar-os-bancos-marisqueiros-fronte-ao-abandono-do-goberno-central\/#respond\"]}]},{\"@type\":\"WebPage\",\"@id\":\"https:\/\/rede-esmar.gal\/mar-destaca-no-parlamento-o-plan-de-227-me-para-recuperar-os-bancos-marisqueiros-fronte-ao-abandono-do-goberno-central\/\",\"url\":\"https:\/\/rede-esmar.gal\/mar-destaca-no-parlamento-o-plan-de-227-me-para-recuperar-os-bancos-marisqueiros-fronte-ao-abandono-do-goberno-central\/\",\"name\":\"Mar destaca no Parlamento o plan de 22,7 M\u20ac para recuperar os bancos marisqueiros fronte ao abandono do Goberno central - ES\u00b7MAR\",\"isPartOf\":{\"@id\":\"https:\/\/rede-esmar.gal\/#website\"},\"datePublished\":\"2026-04-20T16:15:16+00:00\",\"dateModified\":\"2026-04-20T16:15:18+00:00\",\"breadcrumb\":{\"@id\":\"https:\/\/rede-esmar.gal\/mar-destaca-no-parlamento-o-plan-de-227-me-para-recuperar-os-bancos-marisqueiros-fronte-ao-abandono-do-goberno-central\/#breadcrumb\"},\"inLanguage\":\"es\",\"potentialAction\":[{\"@type\":\"ReadAction\",\"target\":[\"https:\/\/rede-esmar.gal\/mar-destaca-no-parlamento-o-plan-de-227-me-para-recuperar-os-bancos-marisqueiros-fronte-ao-abandono-do-goberno-central\/\"]}]},{\"@type\":\"BreadcrumbList\",\"@id\":\"https:\/\/rede-esmar.gal\/mar-destaca-no-parlamento-o-plan-de-227-me-para-recuperar-os-bancos-marisqueiros-fronte-ao-abandono-do-goberno-central\/#breadcrumb\",\"itemListElement\":[{\"@type\":\"ListItem\",\"position\":1,\"name\":\"Portada\",\"item\":\"https:\/\/rede-esmar.gal\/\"},{\"@type\":\"ListItem\",\"position\":2,\"name\":\"Mar destaca no Parlamento o plan de 22,7 M\u20ac para recuperar os bancos marisqueiros fronte ao abandono do Goberno central\"}]},{\"@type\":\"WebSite\",\"@id\":\"https:\/\/rede-esmar.gal\/#website\",\"url\":\"https:\/\/rede-esmar.gal\/\",\"name\":\"ES\u00b7MAR\",\"description\":\"\",\"publisher\":{\"@id\":\"https:\/\/rede-esmar.gal\/#organization\"},\"potentialAction\":[{\"@type\":\"SearchAction\",\"target\":{\"@type\":\"EntryPoint\",\"urlTemplate\":\"https:\/\/rede-esmar.gal\/?s={search_term_string}\"},\"query-input\":{\"@type\":\"PropertyValueSpecification\",\"valueRequired\":true,\"valueName\":\"search_term_string\"}}],\"inLanguage\":\"es\"},{\"@type\":\"Organization\",\"@id\":\"https:\/\/rede-esmar.gal\/#organization\",\"name\":\"ES\u00b7MAR\",\"url\":\"https:\/\/rede-esmar.gal\/\",\"logo\":{\"@type\":\"ImageObject\",\"inLanguage\":\"es\",\"@id\":\"https:\/\/rede-esmar.gal\/#\/schema\/logo\/image\/\",\"url\":\"https:\/\/rede-esmar.gal\/wp-content\/uploads\/2025\/01\/logo-web-blanco-1.png\",\"contentUrl\":\"https:\/\/rede-esmar.gal\/wp-content\/uploads\/2025\/01\/logo-web-blanco-1.png\",\"width\":300,\"height\":99,\"caption\":\"ES\u00b7MAR\"},\"image\":{\"@id\":\"https:\/\/rede-esmar.gal\/#\/schema\/logo\/image\/\"}},{\"@type\":\"Person\",\"@id\":\"https:\/\/rede-esmar.gal\/#\/schema\/person\/139b8b85b73b930d041c72a3752be3a2\",\"name\":\"Equipo coordinaci\u00f3n\",\"image\":{\"@type\":\"ImageObject\",\"inLanguage\":\"es\",\"@id\":\"https:\/\/rede-esmar.gal\/#\/schema\/person\/image\/\",\"url\":\"https:\/\/secure.gravatar.com\/avatar\/489362bff200fce5cfc1d56577a36629?s=96&d=mm&r=g\",\"contentUrl\":\"https:\/\/secure.gravatar.com\/avatar\/489362bff200fce5cfc1d56577a36629?s=96&d=mm&r=g\",\"caption\":\"Equipo coordinaci\u00f3n\"},\"url\":\"https:\/\/rede-esmar.gal\/es\/author\/marta\/\"}]}<\/script>\n<!-- \/ Yoast SEO plugin. -->","yoast_head_json":{"title":"Mar destaca no Parlamento o plan de 22,7 M\u20ac para recuperar os bancos marisqueiros fronte ao abandono do Goberno central - ES\u00b7MAR","robots":{"index":"index","follow":"follow","max-snippet":"max-snippet:-1","max-image-preview":"max-image-preview:large","max-video-preview":"max-video-preview:-1"},"canonical":"https:\/\/rede-esmar.gal\/es\/mar-destaca-no-parlamento-o-plan-de-227-me-para-recuperar-os-bancos-marisqueiros-fronte-ao-abandono-do-goberno-central\/","og_locale":"es_ES","og_type":"article","og_title":"Mar destaca no Parlamento o plan de 22,7 M\u20ac para recuperar os bancos marisqueiros fronte ao abandono do Goberno central - ES\u00b7MAR","og_description":"A directora xeral de Desenvolvemento Pesqueiro, \u00c1ngeles V. Su\u00e1rez, destacou o 14 de abril, na Comisi\u00f3n 8\u00aa de Pesca e Marisqueo do Parlamento de Galicia, a r\u00e1pida e contundente actuaci\u00f3n da Conseller\u00eda do Mar ante (...)","og_url":"https:\/\/rede-esmar.gal\/es\/mar-destaca-no-parlamento-o-plan-de-227-me-para-recuperar-os-bancos-marisqueiros-fronte-ao-abandono-do-goberno-central\/","og_site_name":"ES\u00b7MAR","article_published_time":"2026-04-20T16:15:16+00:00","article_modified_time":"2026-04-20T16:15:18+00:00","author":"Equipo coordinaci\u00f3n","twitter_card":"summary_large_image","twitter_misc":{"Escrito por":"Equipo coordinaci\u00f3n","Tiempo de lectura":"1 minuto"},"schema":{"@context":"https:\/\/schema.org","@graph":[{"@type":"Article","@id":"https:\/\/rede-esmar.gal\/mar-destaca-no-parlamento-o-plan-de-227-me-para-recuperar-os-bancos-marisqueiros-fronte-ao-abandono-do-goberno-central\/#article","isPartOf":{"@id":"https:\/\/rede-esmar.gal\/mar-destaca-no-parlamento-o-plan-de-227-me-para-recuperar-os-bancos-marisqueiros-fronte-ao-abandono-do-goberno-central\/"},"author":{"name":"Equipo coordinaci\u00f3n","@id":"https:\/\/rede-esmar.gal\/#\/schema\/person\/139b8b85b73b930d041c72a3752be3a2"},"headline":"Mar destaca no Parlamento o plan de 22,7 M\u20ac para recuperar os bancos marisqueiros fronte ao abandono do Goberno central","datePublished":"2026-04-20T16:15:16+00:00","dateModified":"2026-04-20T16:15:18+00:00","mainEntityOfPage":{"@id":"https:\/\/rede-esmar.gal\/mar-destaca-no-parlamento-o-plan-de-227-me-para-recuperar-os-bancos-marisqueiros-fronte-ao-abandono-do-goberno-central\/"},"wordCount":158,"commentCount":0,"publisher":{"@id":"https:\/\/rede-esmar.gal\/#organization"},"articleSection":["Actualidade"],"inLanguage":"es","potentialAction":[{"@type":"CommentAction","name":"Comment","target":["https:\/\/rede-esmar.gal\/mar-destaca-no-parlamento-o-plan-de-227-me-para-recuperar-os-bancos-marisqueiros-fronte-ao-abandono-do-goberno-central\/#respond"]}]},{"@type":"WebPage","@id":"https:\/\/rede-esmar.gal\/mar-destaca-no-parlamento-o-plan-de-227-me-para-recuperar-os-bancos-marisqueiros-fronte-ao-abandono-do-goberno-central\/","url":"https:\/\/rede-esmar.gal\/mar-destaca-no-parlamento-o-plan-de-227-me-para-recuperar-os-bancos-marisqueiros-fronte-ao-abandono-do-goberno-central\/","name":"Mar destaca no Parlamento o plan de 22,7 M\u20ac para recuperar os bancos marisqueiros fronte ao abandono do Goberno central - ES\u00b7MAR","isPartOf":{"@id":"https:\/\/rede-esmar.gal\/#website"},"datePublished":"2026-04-20T16:15:16+00:00","dateModified":"2026-04-20T16:15:18+00:00","breadcrumb":{"@id":"https:\/\/rede-esmar.gal\/mar-destaca-no-parlamento-o-plan-de-227-me-para-recuperar-os-bancos-marisqueiros-fronte-ao-abandono-do-goberno-central\/#breadcrumb"},"inLanguage":"es","potentialAction":[{"@type":"ReadAction","target":["https:\/\/rede-esmar.gal\/mar-destaca-no-parlamento-o-plan-de-227-me-para-recuperar-os-bancos-marisqueiros-fronte-ao-abandono-do-goberno-central\/"]}]},{"@type":"BreadcrumbList","@id":"https:\/\/rede-esmar.gal\/mar-destaca-no-parlamento-o-plan-de-227-me-para-recuperar-os-bancos-marisqueiros-fronte-ao-abandono-do-goberno-central\/#breadcrumb","itemListElement":[{"@type":"ListItem","position":1,"name":"Portada","item":"https:\/\/rede-esmar.gal\/"},{"@type":"ListItem","position":2,"name":"Mar destaca no Parlamento o plan de 22,7 M\u20ac para recuperar os bancos marisqueiros fronte ao abandono do Goberno central"}]},{"@type":"WebSite","@id":"https:\/\/rede-esmar.gal\/#website","url":"https:\/\/rede-esmar.gal\/","name":"ES\u00b7MAR","description":"","publisher":{"@id":"https:\/\/rede-esmar.gal\/#organization"},"potentialAction":[{"@type":"SearchAction","target":{"@type":"EntryPoint","urlTemplate":"https:\/\/rede-esmar.gal\/?s={search_term_string}"},"query-input":{"@type":"PropertyValueSpecification","valueRequired":true,"valueName":"search_term_string"}}],"inLanguage":"es"},{"@type":"Organization","@id":"https:\/\/rede-esmar.gal\/#organization","name":"ES\u00b7MAR","url":"https:\/\/rede-esmar.gal\/","logo":{"@type":"ImageObject","inLanguage":"es","@id":"https:\/\/rede-esmar.gal\/#\/schema\/logo\/image\/","url":"https:\/\/rede-esmar.gal\/wp-content\/uploads\/2025\/01\/logo-web-blanco-1.png","contentUrl":"https:\/\/rede-esmar.gal\/wp-content\/uploads\/2025\/01\/logo-web-blanco-1.png","width":300,"height":99,"caption":"ES\u00b7MAR"},"image":{"@id":"https:\/\/rede-esmar.gal\/#\/schema\/logo\/image\/"}},{"@type":"Person","@id":"https:\/\/rede-esmar.gal\/#\/schema\/person\/139b8b85b73b930d041c72a3752be3a2","name":"Equipo coordinaci\u00f3n","image":{"@type":"ImageObject","inLanguage":"es","@id":"https:\/\/rede-esmar.gal\/#\/schema\/person\/image\/","url":"https:\/\/secure.gravatar.com\/avatar\/489362bff200fce5cfc1d56577a36629?s=96&d=mm&r=g","contentUrl":"https:\/\/secure.gravatar.com\/avatar\/489362bff200fce5cfc1d56577a36629?s=96&d=mm&r=g","caption":"Equipo coordinaci\u00f3n"},"url":"https:\/\/rede-esmar.gal\/es\/author\/marta\/"}]}},"jetpack_featured_media_url":"","jetpack_sharing_enabled":true,"_links":{"self":[{"href":"https:\/\/rede-esmar.gal\/es\/wp-json\/wp\/v2\/posts\/15807","targetHints":{"allow":["GET"]}}],"collection":[{"href":"https:\/\/rede-esmar.gal\/es\/wp-json\/wp\/v2\/posts"}],"about":[{"href":"https:\/\/rede-esmar.gal\/es\/wp-json\/wp\/v2\/types\/post"}],"author":[{"embeddable":true,"href":"https:\/\/rede-esmar.gal\/es\/wp-json\/wp\/v2\/users\/6"}],"replies":[{"embeddable":true,"href":"https:\/\/rede-esmar.gal\/es\/wp-json\/wp\/v2\/comments?post=15807"}],"version-history":[{"count":1,"href":"https:\/\/rede-esmar.gal\/es\/wp-json\/wp\/v2\/posts\/15807\/revisions"}],"predecessor-version":[{"id":15808,"href":"https:\/\/rede-esmar.gal\/es\/wp-json\/wp\/v2\/posts\/15807\/revisions\/15808"}],"wp:attachment":[{"href":"https:\/\/rede-esmar.gal\/es\/wp-json\/wp\/v2\/media?parent=15807"}],"wp:term":[{"taxonomy":"category","embeddable":true,"href":"https:\/\/rede-esmar.gal\/es\/wp-json\/wp\/v2\/categories?post=15807"},{"taxonomy":"post_tag","embeddable":true,"href":"https:\/\/rede-esmar.gal\/es\/wp-json\/wp\/v2\/tags?post=15807"}],"curies":[{"name":"wp","href":"https:\/\/api.w.org\/{rel}","templated":true}]}}