{"id":15824,"date":"2026-04-28T08:41:32","date_gmt":"2026-04-28T07:41:32","guid":{"rendered":"https:\/\/rede-esmar.gal\/?p=15824"},"modified":"2026-04-28T08:41:33","modified_gmt":"2026-04-28T07:41:33","slug":"mar-e-a-ostreira-exploran-posibles-vias-para-impulsar-a-competitividade-do-sector-maritimo-pesqueiro","status":"publish","type":"post","link":"https:\/\/rede-esmar.gal\/es\/mar-e-a-ostreira-exploran-posibles-vias-para-impulsar-a-competitividade-do-sector-maritimo-pesqueiro\/","title":{"rendered":"Mar y \"A Ostreira\" exploran posibles v\u00edas para impulsar la competitividad del sector mar\u00edtimo-pesquero"},"content":{"rendered":"<p>El director general de Pesca, Acuicultura e Innovaci\u00f3n Tecnol\u00f3xica, Isaac Ros\u00f3n, se reuni\u00f3 con representantes de la empresa A Ostreira para analizar los proyectos de futuro de la compa\u00f1\u00eda y consolidar las v\u00edas de colaboraci\u00f3n. Isaac Ros\u00f3n destac\u00f3 que empresas especializadas como A Ostreira desempe\u00f1an un papel estrat\u00e9gico y fundamental dentro del complejo mar\u00edtimo-pesquero, actuando como verdaderos motores de innovaci\u00f3n, generaci\u00f3n de empleo y desarrollo socioecon\u00f3mico en las zonas costeras.<\/p>\n\n\n\n<p>En este sentido, el director xeral abog\u00f3 por seguir estrechando la coordinaci\u00f3n p\u00fablico-privada como la mejor f\u00f3rmula para afrontar los retos del mercado, reafirmando el compromiso del Gobierno gallego a la hora de acompa\u00f1ar al tejido empresarial en sus planes de expansi\u00f3n y garantizar que Galicia siga siendo el gran referente de excelencia a nivel global.<\/p>\n\n\n\n<p>Fuente: Conseller\u00eda del Mar<\/p>\n\n\n\n<p><a href=\"https:\/\/mar.xunta.gal\/es\/informacion\/noticias\/noticia?time=04272026100720&amp;id=nova_023830.html\">Noticia | Portal da Conseller\u00eda do Mar<\/a><\/p>","protected":false},"excerpt":{"rendered":"<p>El director general de Pesca, Acuicultura e Innovaci\u00f3n Tecnol\u00f3gica, Isaac Ros\u00f3n, se reuni\u00f3 con representantes de la empresa La Ostreira para analizar los proyectos de futuro de la compa\u00f1\u00eda y consolidar las v\u00edas de colaboraci\u00f3n. (\u2026)<\/p>","protected":false},"author":6,"featured_media":0,"comment_status":"open","ping_status":"open","sticky":false,"template":"","format":"standard","meta":{"_acf_changed":false,"saved_in_kubio":false,"content-type":"","osom_blocks_metabox":"","_monsterinsights_skip_tracking":false,"_monsterinsights_sitenote_active":false,"_monsterinsights_sitenote_note":"","_monsterinsights_sitenote_category":0,"_price":"","_stock":"","_tribe_ticket_header":"","_tribe_default_ticket_provider":"","_tribe_ticket_capacity":"0","_ticket_start_date":"","_ticket_end_date":"","_tribe_ticket_show_description":"","_tribe_ticket_show_not_going":false,"_tribe_ticket_use_global_stock":"","_tribe_ticket_global_stock_level":"","_global_stock_mode":"","_global_stock_cap":"","_tribe_rsvp_for_event":"","_tribe_ticket_going_count":"","_tribe_ticket_not_going_count":"","_tribe_tickets_list":"[]","_tribe_ticket_has_attendee_info_fields":false,"_EventAllDay":false,"_EventTimezone":"","_EventStartDate":"","_EventEndDate":"","_EventStartDateUTC":"","_EventEndDateUTC":"","_EventShowMap":false,"_EventShowMapLink":false,"_EventURL":"","_EventCost":"","_EventCostDescription":"","_EventCurrencySymbol":"","_EventCurrencyCode":"","_EventCurrencyPosition":"","_EventDateTimeSeparator":"","_EventTimeRangeSeparator":"","_EventOrganizerID":[],"_EventVenueID":[],"_OrganizerEmail":"","_OrganizerPhone":"","_OrganizerWebsite":"","_VenueAddress":"","_VenueCity":"","_VenueCountry":"","_VenueProvince":"","_VenueState":"","_VenueZip":"","_VenuePhone":"","_VenueURL":"","_VenueStateProvince":"","_VenueLat":"","_VenueLng":"","_VenueShowMap":false,"_VenueShowMapLink":false,"_jetpack_memberships_contains_paid_content":false,"footnotes":""},"categories":[1],"tags":[],"class_list":["post-15824","post","type-post","status-publish","format-standard","hentry","category-actualidade"],"acf":[],"yoast_head":"<!-- This site is optimized with the Yoast SEO plugin v26.1.1 - https:\/\/yoast.com\/wordpress\/plugins\/seo\/ -->\n<title>Mar e &quot;A Ostreira&quot; exploran posibles v\u00edas para impulsar a competitividade do sector mar\u00edtimo-pesqueiro - ES\u00b7MAR<\/title>\n<meta name=\"robots\" content=\"index, follow, max-snippet:-1, max-image-preview:large, max-video-preview:-1\" \/>\n<link rel=\"canonical\" href=\"https:\/\/rede-esmar.gal\/es\/mar-e-a-ostreira-exploran-posibles-vias-para-impulsar-a-competitividade-do-sector-maritimo-pesqueiro\/\" \/>\n<meta property=\"og:locale\" content=\"es_ES\" \/>\n<meta property=\"og:type\" content=\"article\" \/>\n<meta property=\"og:title\" content=\"Mar e &quot;A Ostreira&quot; exploran posibles v\u00edas para impulsar a competitividade do sector mar\u00edtimo-pesqueiro - ES\u00b7MAR\" \/>\n<meta property=\"og:description\" content=\"O director xeneral de Pesca, Acuicultura e Innovaci\u00f3n Tecnol\u00f3xica, Isaac Ros\u00f3n, reuniuse con representantes da empresa A Ostreira para analizar os proxectos de futuro da compa\u00f1\u00eda e consolidar as v\u00edas de colaboraci\u00f3n. (...)\" \/>\n<meta property=\"og:url\" content=\"https:\/\/rede-esmar.gal\/es\/mar-e-a-ostreira-exploran-posibles-vias-para-impulsar-a-competitividade-do-sector-maritimo-pesqueiro\/\" \/>\n<meta property=\"og:site_name\" content=\"ES\u00b7MAR\" \/>\n<meta property=\"article:published_time\" content=\"2026-04-28T07:41:32+00:00\" \/>\n<meta property=\"article:modified_time\" content=\"2026-04-28T07:41:33+00:00\" \/>\n<meta name=\"author\" content=\"Equipo coordinaci\u00f3n\" \/>\n<meta name=\"twitter:card\" content=\"summary_large_image\" \/>\n<meta name=\"twitter:label1\" content=\"Escrito por\" \/>\n\t<meta name=\"twitter:data1\" content=\"Equipo coordinaci\u00f3n\" \/>\n\t<meta name=\"twitter:label2\" content=\"Tiempo de lectura\" \/>\n\t<meta name=\"twitter:data2\" content=\"1 minuto\" \/>\n<script type=\"application\/ld+json\" class=\"yoast-schema-graph\">{\"@context\":\"https:\/\/schema.org\",\"@graph\":[{\"@type\":\"Article\",\"@id\":\"https:\/\/rede-esmar.gal\/mar-e-a-ostreira-exploran-posibles-vias-para-impulsar-a-competitividade-do-sector-maritimo-pesqueiro\/#article\",\"isPartOf\":{\"@id\":\"https:\/\/rede-esmar.gal\/mar-e-a-ostreira-exploran-posibles-vias-para-impulsar-a-competitividade-do-sector-maritimo-pesqueiro\/\"},\"author\":{\"name\":\"Equipo coordinaci\u00f3n\",\"@id\":\"https:\/\/rede-esmar.gal\/#\/schema\/person\/139b8b85b73b930d041c72a3752be3a2\"},\"headline\":\"Mar e &#8220;A Ostreira&#8221; exploran posibles v\u00edas para impulsar a competitividade do sector mar\u00edtimo-pesqueiro\",\"datePublished\":\"2026-04-28T07:41:32+00:00\",\"dateModified\":\"2026-04-28T07:41:33+00:00\",\"mainEntityOfPage\":{\"@id\":\"https:\/\/rede-esmar.gal\/mar-e-a-ostreira-exploran-posibles-vias-para-impulsar-a-competitividade-do-sector-maritimo-pesqueiro\/\"},\"wordCount\":165,\"commentCount\":0,\"publisher\":{\"@id\":\"https:\/\/rede-esmar.gal\/#organization\"},\"articleSection\":[\"Actualidade\"],\"inLanguage\":\"es\",\"potentialAction\":[{\"@type\":\"CommentAction\",\"name\":\"Comment\",\"target\":[\"https:\/\/rede-esmar.gal\/mar-e-a-ostreira-exploran-posibles-vias-para-impulsar-a-competitividade-do-sector-maritimo-pesqueiro\/#respond\"]}]},{\"@type\":\"WebPage\",\"@id\":\"https:\/\/rede-esmar.gal\/mar-e-a-ostreira-exploran-posibles-vias-para-impulsar-a-competitividade-do-sector-maritimo-pesqueiro\/\",\"url\":\"https:\/\/rede-esmar.gal\/mar-e-a-ostreira-exploran-posibles-vias-para-impulsar-a-competitividade-do-sector-maritimo-pesqueiro\/\",\"name\":\"Mar e \\\"A Ostreira\\\" exploran posibles v\u00edas para impulsar a competitividade do sector mar\u00edtimo-pesqueiro - ES\u00b7MAR\",\"isPartOf\":{\"@id\":\"https:\/\/rede-esmar.gal\/#website\"},\"datePublished\":\"2026-04-28T07:41:32+00:00\",\"dateModified\":\"2026-04-28T07:41:33+00:00\",\"breadcrumb\":{\"@id\":\"https:\/\/rede-esmar.gal\/mar-e-a-ostreira-exploran-posibles-vias-para-impulsar-a-competitividade-do-sector-maritimo-pesqueiro\/#breadcrumb\"},\"inLanguage\":\"es\",\"potentialAction\":[{\"@type\":\"ReadAction\",\"target\":[\"https:\/\/rede-esmar.gal\/mar-e-a-ostreira-exploran-posibles-vias-para-impulsar-a-competitividade-do-sector-maritimo-pesqueiro\/\"]}]},{\"@type\":\"BreadcrumbList\",\"@id\":\"https:\/\/rede-esmar.gal\/mar-e-a-ostreira-exploran-posibles-vias-para-impulsar-a-competitividade-do-sector-maritimo-pesqueiro\/#breadcrumb\",\"itemListElement\":[{\"@type\":\"ListItem\",\"position\":1,\"name\":\"Portada\",\"item\":\"https:\/\/rede-esmar.gal\/\"},{\"@type\":\"ListItem\",\"position\":2,\"name\":\"Mar e &#8220;A Ostreira&#8221; exploran posibles v\u00edas para impulsar a competitividade do sector mar\u00edtimo-pesqueiro\"}]},{\"@type\":\"WebSite\",\"@id\":\"https:\/\/rede-esmar.gal\/#website\",\"url\":\"https:\/\/rede-esmar.gal\/\",\"name\":\"ES\u00b7MAR\",\"description\":\"\",\"publisher\":{\"@id\":\"https:\/\/rede-esmar.gal\/#organization\"},\"potentialAction\":[{\"@type\":\"SearchAction\",\"target\":{\"@type\":\"EntryPoint\",\"urlTemplate\":\"https:\/\/rede-esmar.gal\/?s={search_term_string}\"},\"query-input\":{\"@type\":\"PropertyValueSpecification\",\"valueRequired\":true,\"valueName\":\"search_term_string\"}}],\"inLanguage\":\"es\"},{\"@type\":\"Organization\",\"@id\":\"https:\/\/rede-esmar.gal\/#organization\",\"name\":\"ES\u00b7MAR\",\"url\":\"https:\/\/rede-esmar.gal\/\",\"logo\":{\"@type\":\"ImageObject\",\"inLanguage\":\"es\",\"@id\":\"https:\/\/rede-esmar.gal\/#\/schema\/logo\/image\/\",\"url\":\"https:\/\/rede-esmar.gal\/wp-content\/uploads\/2025\/01\/logo-web-blanco-1.png\",\"contentUrl\":\"https:\/\/rede-esmar.gal\/wp-content\/uploads\/2025\/01\/logo-web-blanco-1.png\",\"width\":300,\"height\":99,\"caption\":\"ES\u00b7MAR\"},\"image\":{\"@id\":\"https:\/\/rede-esmar.gal\/#\/schema\/logo\/image\/\"}},{\"@type\":\"Person\",\"@id\":\"https:\/\/rede-esmar.gal\/#\/schema\/person\/139b8b85b73b930d041c72a3752be3a2\",\"name\":\"Equipo coordinaci\u00f3n\",\"image\":{\"@type\":\"ImageObject\",\"inLanguage\":\"es\",\"@id\":\"https:\/\/rede-esmar.gal\/#\/schema\/person\/image\/\",\"url\":\"https:\/\/secure.gravatar.com\/avatar\/489362bff200fce5cfc1d56577a36629?s=96&d=mm&r=g\",\"contentUrl\":\"https:\/\/secure.gravatar.com\/avatar\/489362bff200fce5cfc1d56577a36629?s=96&d=mm&r=g\",\"caption\":\"Equipo coordinaci\u00f3n\"},\"url\":\"https:\/\/rede-esmar.gal\/es\/author\/marta\/\"}]}<\/script>\n<!-- \/ Yoast SEO plugin. -->","yoast_head_json":{"title":"Mar e \"A Ostreira\" exploran posibles v\u00edas para impulsar a competitividade do sector mar\u00edtimo-pesqueiro - ES\u00b7MAR","robots":{"index":"index","follow":"follow","max-snippet":"max-snippet:-1","max-image-preview":"max-image-preview:large","max-video-preview":"max-video-preview:-1"},"canonical":"https:\/\/rede-esmar.gal\/es\/mar-e-a-ostreira-exploran-posibles-vias-para-impulsar-a-competitividade-do-sector-maritimo-pesqueiro\/","og_locale":"es_ES","og_type":"article","og_title":"Mar e \"A Ostreira\" exploran posibles v\u00edas para impulsar a competitividade do sector mar\u00edtimo-pesqueiro - ES\u00b7MAR","og_description":"O director xeneral de Pesca, Acuicultura e Innovaci\u00f3n Tecnol\u00f3xica, Isaac Ros\u00f3n, reuniuse con representantes da empresa A Ostreira para analizar os proxectos de futuro da compa\u00f1\u00eda e consolidar as v\u00edas de colaboraci\u00f3n. (...)","og_url":"https:\/\/rede-esmar.gal\/es\/mar-e-a-ostreira-exploran-posibles-vias-para-impulsar-a-competitividade-do-sector-maritimo-pesqueiro\/","og_site_name":"ES\u00b7MAR","article_published_time":"2026-04-28T07:41:32+00:00","article_modified_time":"2026-04-28T07:41:33+00:00","author":"Equipo coordinaci\u00f3n","twitter_card":"summary_large_image","twitter_misc":{"Escrito por":"Equipo coordinaci\u00f3n","Tiempo de lectura":"1 minuto"},"schema":{"@context":"https:\/\/schema.org","@graph":[{"@type":"Article","@id":"https:\/\/rede-esmar.gal\/mar-e-a-ostreira-exploran-posibles-vias-para-impulsar-a-competitividade-do-sector-maritimo-pesqueiro\/#article","isPartOf":{"@id":"https:\/\/rede-esmar.gal\/mar-e-a-ostreira-exploran-posibles-vias-para-impulsar-a-competitividade-do-sector-maritimo-pesqueiro\/"},"author":{"name":"Equipo coordinaci\u00f3n","@id":"https:\/\/rede-esmar.gal\/#\/schema\/person\/139b8b85b73b930d041c72a3752be3a2"},"headline":"Mar e &#8220;A Ostreira&#8221; exploran posibles v\u00edas para impulsar a competitividade do sector mar\u00edtimo-pesqueiro","datePublished":"2026-04-28T07:41:32+00:00","dateModified":"2026-04-28T07:41:33+00:00","mainEntityOfPage":{"@id":"https:\/\/rede-esmar.gal\/mar-e-a-ostreira-exploran-posibles-vias-para-impulsar-a-competitividade-do-sector-maritimo-pesqueiro\/"},"wordCount":165,"commentCount":0,"publisher":{"@id":"https:\/\/rede-esmar.gal\/#organization"},"articleSection":["Actualidade"],"inLanguage":"es","potentialAction":[{"@type":"CommentAction","name":"Comment","target":["https:\/\/rede-esmar.gal\/mar-e-a-ostreira-exploran-posibles-vias-para-impulsar-a-competitividade-do-sector-maritimo-pesqueiro\/#respond"]}]},{"@type":"WebPage","@id":"https:\/\/rede-esmar.gal\/mar-e-a-ostreira-exploran-posibles-vias-para-impulsar-a-competitividade-do-sector-maritimo-pesqueiro\/","url":"https:\/\/rede-esmar.gal\/mar-e-a-ostreira-exploran-posibles-vias-para-impulsar-a-competitividade-do-sector-maritimo-pesqueiro\/","name":"Mar e \"A Ostreira\" exploran posibles v\u00edas para impulsar a competitividade do sector mar\u00edtimo-pesqueiro - ES\u00b7MAR","isPartOf":{"@id":"https:\/\/rede-esmar.gal\/#website"},"datePublished":"2026-04-28T07:41:32+00:00","dateModified":"2026-04-28T07:41:33+00:00","breadcrumb":{"@id":"https:\/\/rede-esmar.gal\/mar-e-a-ostreira-exploran-posibles-vias-para-impulsar-a-competitividade-do-sector-maritimo-pesqueiro\/#breadcrumb"},"inLanguage":"es","potentialAction":[{"@type":"ReadAction","target":["https:\/\/rede-esmar.gal\/mar-e-a-ostreira-exploran-posibles-vias-para-impulsar-a-competitividade-do-sector-maritimo-pesqueiro\/"]}]},{"@type":"BreadcrumbList","@id":"https:\/\/rede-esmar.gal\/mar-e-a-ostreira-exploran-posibles-vias-para-impulsar-a-competitividade-do-sector-maritimo-pesqueiro\/#breadcrumb","itemListElement":[{"@type":"ListItem","position":1,"name":"Portada","item":"https:\/\/rede-esmar.gal\/"},{"@type":"ListItem","position":2,"name":"Mar e &#8220;A Ostreira&#8221; exploran posibles v\u00edas para impulsar a competitividade do sector mar\u00edtimo-pesqueiro"}]},{"@type":"WebSite","@id":"https:\/\/rede-esmar.gal\/#website","url":"https:\/\/rede-esmar.gal\/","name":"ES\u00b7MAR","description":"","publisher":{"@id":"https:\/\/rede-esmar.gal\/#organization"},"potentialAction":[{"@type":"SearchAction","target":{"@type":"EntryPoint","urlTemplate":"https:\/\/rede-esmar.gal\/?s={search_term_string}"},"query-input":{"@type":"PropertyValueSpecification","valueRequired":true,"valueName":"search_term_string"}}],"inLanguage":"es"},{"@type":"Organization","@id":"https:\/\/rede-esmar.gal\/#organization","name":"ES\u00b7MAR","url":"https:\/\/rede-esmar.gal\/","logo":{"@type":"ImageObject","inLanguage":"es","@id":"https:\/\/rede-esmar.gal\/#\/schema\/logo\/image\/","url":"https:\/\/rede-esmar.gal\/wp-content\/uploads\/2025\/01\/logo-web-blanco-1.png","contentUrl":"https:\/\/rede-esmar.gal\/wp-content\/uploads\/2025\/01\/logo-web-blanco-1.png","width":300,"height":99,"caption":"ES\u00b7MAR"},"image":{"@id":"https:\/\/rede-esmar.gal\/#\/schema\/logo\/image\/"}},{"@type":"Person","@id":"https:\/\/rede-esmar.gal\/#\/schema\/person\/139b8b85b73b930d041c72a3752be3a2","name":"Equipo coordinaci\u00f3n","image":{"@type":"ImageObject","inLanguage":"es","@id":"https:\/\/rede-esmar.gal\/#\/schema\/person\/image\/","url":"https:\/\/secure.gravatar.com\/avatar\/489362bff200fce5cfc1d56577a36629?s=96&d=mm&r=g","contentUrl":"https:\/\/secure.gravatar.com\/avatar\/489362bff200fce5cfc1d56577a36629?s=96&d=mm&r=g","caption":"Equipo coordinaci\u00f3n"},"url":"https:\/\/rede-esmar.gal\/es\/author\/marta\/"}]}},"jetpack_featured_media_url":"","jetpack_sharing_enabled":true,"_links":{"self":[{"href":"https:\/\/rede-esmar.gal\/es\/wp-json\/wp\/v2\/posts\/15824","targetHints":{"allow":["GET"]}}],"collection":[{"href":"https:\/\/rede-esmar.gal\/es\/wp-json\/wp\/v2\/posts"}],"about":[{"href":"https:\/\/rede-esmar.gal\/es\/wp-json\/wp\/v2\/types\/post"}],"author":[{"embeddable":true,"href":"https:\/\/rede-esmar.gal\/es\/wp-json\/wp\/v2\/users\/6"}],"replies":[{"embeddable":true,"href":"https:\/\/rede-esmar.gal\/es\/wp-json\/wp\/v2\/comments?post=15824"}],"version-history":[{"count":1,"href":"https:\/\/rede-esmar.gal\/es\/wp-json\/wp\/v2\/posts\/15824\/revisions"}],"predecessor-version":[{"id":15825,"href":"https:\/\/rede-esmar.gal\/es\/wp-json\/wp\/v2\/posts\/15824\/revisions\/15825"}],"wp:attachment":[{"href":"https:\/\/rede-esmar.gal\/es\/wp-json\/wp\/v2\/media?parent=15824"}],"wp:term":[{"taxonomy":"category","embeddable":true,"href":"https:\/\/rede-esmar.gal\/es\/wp-json\/wp\/v2\/categories?post=15824"},{"taxonomy":"post_tag","embeddable":true,"href":"https:\/\/rede-esmar.gal\/es\/wp-json\/wp\/v2\/tags?post=15824"}],"curies":[{"name":"wp","href":"https:\/\/api.w.org\/{rel}","templated":true}]}}