{"id":15826,"date":"2026-04-28T08:51:26","date_gmt":"2026-04-28T07:51:26","guid":{"rendered":"https:\/\/rede-esmar.gal\/?p=15826"},"modified":"2026-04-28T08:51:29","modified_gmt":"2026-04-28T07:51:29","slug":"a-conselleira-do-mar-visita-as-case-50-empresas-galegas-presentes-en-seafood-expo-global-2026","status":"publish","type":"post","link":"https:\/\/rede-esmar.gal\/es\/a-conselleira-do-mar-visita-as-case-50-empresas-galegas-presentes-en-seafood-expo-global-2026\/","title":{"rendered":"La conselleira del Mar visita a las casi 50 empresas gallegas presentes en Seafood Expo Global 2026"},"content":{"rendered":"<p>La conselleira del Mar de Galicia, Marta Villaverde, estuvo presente en la Seafood Expo Global 2026 de Barcelona para acompa\u00f1ar a la delegaci\u00f3n de empresas gallegas que participan en la feria. La responsable auton\u00f3mica subray\u00f3 que la presencia de Galicia en esta 32\u00aa edici\u00f3n es fundamental para consolidar el liderazgo internacional de la industria transformadora y comercializadora gallega.<\/p>\n\n\n\n<p>El Gobierno gallego estuvo presente en un stand institucional de m\u00e1s de 770 metros cuadrados donde casi 50 empresas y organizaciones del sector desarrollaron encuentros de negocio con compradores de todo el mundo. La conselleira visit\u00f3 todas las empresas gallegas para conocer sus impresiones en los primeros d\u00edas de la cita y destac\u00f3 la importancia de la internacionalizaci\u00f3n de las pymes gallegas en este tipo de cert\u00e1menes.<\/p>\n\n\n\n<p>Fuente: Industrias pesqueras<\/p>\n\n\n\n<p><a href=\"https:\/\/www.industriaspesqueras.com\/noticia-89242-seccion-Ferias%20y%20Exposiciones\">Industrias pesqueras &#8211; Revista Mar\u00edtima<\/a><\/p>","protected":false},"excerpt":{"rendered":"<p>La conselleira del Mar de Galicia, Marta Villaverde, estuvo presente en la Seafood Expo Global 2026 de Barcelona para acompa\u00f1ar a la delegaci\u00f3n de empresas gallegas que participan en la feria. (\u2026)<\/p>","protected":false},"author":6,"featured_media":0,"comment_status":"open","ping_status":"open","sticky":false,"template":"","format":"standard","meta":{"_acf_changed":false,"saved_in_kubio":false,"content-type":"","osom_blocks_metabox":"","_monsterinsights_skip_tracking":false,"_monsterinsights_sitenote_active":false,"_monsterinsights_sitenote_note":"","_monsterinsights_sitenote_category":0,"_price":"","_stock":"","_tribe_ticket_header":"","_tribe_default_ticket_provider":"","_tribe_ticket_capacity":"0","_ticket_start_date":"","_ticket_end_date":"","_tribe_ticket_show_description":"","_tribe_ticket_show_not_going":false,"_tribe_ticket_use_global_stock":"","_tribe_ticket_global_stock_level":"","_global_stock_mode":"","_global_stock_cap":"","_tribe_rsvp_for_event":"","_tribe_ticket_going_count":"","_tribe_ticket_not_going_count":"","_tribe_tickets_list":"[]","_tribe_ticket_has_attendee_info_fields":false,"_EventAllDay":false,"_EventTimezone":"","_EventStartDate":"","_EventEndDate":"","_EventStartDateUTC":"","_EventEndDateUTC":"","_EventShowMap":false,"_EventShowMapLink":false,"_EventURL":"","_EventCost":"","_EventCostDescription":"","_EventCurrencySymbol":"","_EventCurrencyCode":"","_EventCurrencyPosition":"","_EventDateTimeSeparator":"","_EventTimeRangeSeparator":"","_EventOrganizerID":[],"_EventVenueID":[],"_OrganizerEmail":"","_OrganizerPhone":"","_OrganizerWebsite":"","_VenueAddress":"","_VenueCity":"","_VenueCountry":"","_VenueProvince":"","_VenueState":"","_VenueZip":"","_VenuePhone":"","_VenueURL":"","_VenueStateProvince":"","_VenueLat":"","_VenueLng":"","_VenueShowMap":false,"_VenueShowMapLink":false,"_jetpack_memberships_contains_paid_content":false,"footnotes":""},"categories":[1],"tags":[],"class_list":["post-15826","post","type-post","status-publish","format-standard","hentry","category-actualidade"],"acf":[],"yoast_head":"<!-- This site is optimized with the Yoast SEO plugin v26.1.1 - https:\/\/yoast.com\/wordpress\/plugins\/seo\/ -->\n<title>A conselleira do Mar visita \u00e1s case 50 empresas galegas presentes en Seafood Expo Global 2026 - ES\u00b7MAR<\/title>\n<meta name=\"robots\" content=\"index, follow, max-snippet:-1, max-image-preview:large, max-video-preview:-1\" \/>\n<link rel=\"canonical\" href=\"https:\/\/rede-esmar.gal\/es\/a-conselleira-do-mar-visita-as-case-50-empresas-galegas-presentes-en-seafood-expo-global-2026\/\" \/>\n<meta property=\"og:locale\" content=\"es_ES\" \/>\n<meta property=\"og:type\" content=\"article\" \/>\n<meta property=\"og:title\" content=\"A conselleira do Mar visita \u00e1s case 50 empresas galegas presentes en Seafood Expo Global 2026 - ES\u00b7MAR\" \/>\n<meta property=\"og:description\" content=\"A conselleira do Mar de Galicia, Marta Villaverde, estivo presente na Seafood Expo Global 2026 de Barcelona para acompa\u00f1ar \u00e1 delegaci\u00f3n de empresas galegas que participan na feira. (...)\" \/>\n<meta property=\"og:url\" content=\"https:\/\/rede-esmar.gal\/es\/a-conselleira-do-mar-visita-as-case-50-empresas-galegas-presentes-en-seafood-expo-global-2026\/\" \/>\n<meta property=\"og:site_name\" content=\"ES\u00b7MAR\" \/>\n<meta property=\"article:published_time\" content=\"2026-04-28T07:51:26+00:00\" \/>\n<meta property=\"article:modified_time\" content=\"2026-04-28T07:51:29+00:00\" \/>\n<meta name=\"author\" content=\"Equipo coordinaci\u00f3n\" \/>\n<meta name=\"twitter:card\" content=\"summary_large_image\" \/>\n<meta name=\"twitter:label1\" content=\"Escrito por\" \/>\n\t<meta name=\"twitter:data1\" content=\"Equipo coordinaci\u00f3n\" \/>\n\t<meta name=\"twitter:label2\" content=\"Tiempo de lectura\" \/>\n\t<meta name=\"twitter:data2\" content=\"1 minuto\" \/>\n<script type=\"application\/ld+json\" class=\"yoast-schema-graph\">{\"@context\":\"https:\/\/schema.org\",\"@graph\":[{\"@type\":\"Article\",\"@id\":\"https:\/\/rede-esmar.gal\/a-conselleira-do-mar-visita-as-case-50-empresas-galegas-presentes-en-seafood-expo-global-2026\/#article\",\"isPartOf\":{\"@id\":\"https:\/\/rede-esmar.gal\/a-conselleira-do-mar-visita-as-case-50-empresas-galegas-presentes-en-seafood-expo-global-2026\/\"},\"author\":{\"name\":\"Equipo coordinaci\u00f3n\",\"@id\":\"https:\/\/rede-esmar.gal\/#\/schema\/person\/139b8b85b73b930d041c72a3752be3a2\"},\"headline\":\"A conselleira do Mar visita \u00e1s case 50 empresas galegas presentes en Seafood Expo Global 2026\",\"datePublished\":\"2026-04-28T07:51:26+00:00\",\"dateModified\":\"2026-04-28T07:51:29+00:00\",\"mainEntityOfPage\":{\"@id\":\"https:\/\/rede-esmar.gal\/a-conselleira-do-mar-visita-as-case-50-empresas-galegas-presentes-en-seafood-expo-global-2026\/\"},\"wordCount\":144,\"commentCount\":0,\"publisher\":{\"@id\":\"https:\/\/rede-esmar.gal\/#organization\"},\"articleSection\":[\"Actualidade\"],\"inLanguage\":\"es\",\"potentialAction\":[{\"@type\":\"CommentAction\",\"name\":\"Comment\",\"target\":[\"https:\/\/rede-esmar.gal\/a-conselleira-do-mar-visita-as-case-50-empresas-galegas-presentes-en-seafood-expo-global-2026\/#respond\"]}]},{\"@type\":\"WebPage\",\"@id\":\"https:\/\/rede-esmar.gal\/a-conselleira-do-mar-visita-as-case-50-empresas-galegas-presentes-en-seafood-expo-global-2026\/\",\"url\":\"https:\/\/rede-esmar.gal\/a-conselleira-do-mar-visita-as-case-50-empresas-galegas-presentes-en-seafood-expo-global-2026\/\",\"name\":\"A conselleira do Mar visita \u00e1s case 50 empresas galegas presentes en Seafood Expo Global 2026 - ES\u00b7MAR\",\"isPartOf\":{\"@id\":\"https:\/\/rede-esmar.gal\/#website\"},\"datePublished\":\"2026-04-28T07:51:26+00:00\",\"dateModified\":\"2026-04-28T07:51:29+00:00\",\"breadcrumb\":{\"@id\":\"https:\/\/rede-esmar.gal\/a-conselleira-do-mar-visita-as-case-50-empresas-galegas-presentes-en-seafood-expo-global-2026\/#breadcrumb\"},\"inLanguage\":\"es\",\"potentialAction\":[{\"@type\":\"ReadAction\",\"target\":[\"https:\/\/rede-esmar.gal\/a-conselleira-do-mar-visita-as-case-50-empresas-galegas-presentes-en-seafood-expo-global-2026\/\"]}]},{\"@type\":\"BreadcrumbList\",\"@id\":\"https:\/\/rede-esmar.gal\/a-conselleira-do-mar-visita-as-case-50-empresas-galegas-presentes-en-seafood-expo-global-2026\/#breadcrumb\",\"itemListElement\":[{\"@type\":\"ListItem\",\"position\":1,\"name\":\"Portada\",\"item\":\"https:\/\/rede-esmar.gal\/\"},{\"@type\":\"ListItem\",\"position\":2,\"name\":\"A conselleira do Mar visita \u00e1s case 50 empresas galegas presentes en Seafood Expo Global 2026\"}]},{\"@type\":\"WebSite\",\"@id\":\"https:\/\/rede-esmar.gal\/#website\",\"url\":\"https:\/\/rede-esmar.gal\/\",\"name\":\"ES\u00b7MAR\",\"description\":\"\",\"publisher\":{\"@id\":\"https:\/\/rede-esmar.gal\/#organization\"},\"potentialAction\":[{\"@type\":\"SearchAction\",\"target\":{\"@type\":\"EntryPoint\",\"urlTemplate\":\"https:\/\/rede-esmar.gal\/?s={search_term_string}\"},\"query-input\":{\"@type\":\"PropertyValueSpecification\",\"valueRequired\":true,\"valueName\":\"search_term_string\"}}],\"inLanguage\":\"es\"},{\"@type\":\"Organization\",\"@id\":\"https:\/\/rede-esmar.gal\/#organization\",\"name\":\"ES\u00b7MAR\",\"url\":\"https:\/\/rede-esmar.gal\/\",\"logo\":{\"@type\":\"ImageObject\",\"inLanguage\":\"es\",\"@id\":\"https:\/\/rede-esmar.gal\/#\/schema\/logo\/image\/\",\"url\":\"https:\/\/rede-esmar.gal\/wp-content\/uploads\/2025\/01\/logo-web-blanco-1.png\",\"contentUrl\":\"https:\/\/rede-esmar.gal\/wp-content\/uploads\/2025\/01\/logo-web-blanco-1.png\",\"width\":300,\"height\":99,\"caption\":\"ES\u00b7MAR\"},\"image\":{\"@id\":\"https:\/\/rede-esmar.gal\/#\/schema\/logo\/image\/\"}},{\"@type\":\"Person\",\"@id\":\"https:\/\/rede-esmar.gal\/#\/schema\/person\/139b8b85b73b930d041c72a3752be3a2\",\"name\":\"Equipo coordinaci\u00f3n\",\"image\":{\"@type\":\"ImageObject\",\"inLanguage\":\"es\",\"@id\":\"https:\/\/rede-esmar.gal\/#\/schema\/person\/image\/\",\"url\":\"https:\/\/secure.gravatar.com\/avatar\/489362bff200fce5cfc1d56577a36629?s=96&d=mm&r=g\",\"contentUrl\":\"https:\/\/secure.gravatar.com\/avatar\/489362bff200fce5cfc1d56577a36629?s=96&d=mm&r=g\",\"caption\":\"Equipo coordinaci\u00f3n\"},\"url\":\"https:\/\/rede-esmar.gal\/es\/author\/marta\/\"}]}<\/script>\n<!-- \/ Yoast SEO plugin. -->","yoast_head_json":{"title":"A conselleira do Mar visita \u00e1s case 50 empresas galegas presentes en Seafood Expo Global 2026 - ES\u00b7MAR","robots":{"index":"index","follow":"follow","max-snippet":"max-snippet:-1","max-image-preview":"max-image-preview:large","max-video-preview":"max-video-preview:-1"},"canonical":"https:\/\/rede-esmar.gal\/es\/a-conselleira-do-mar-visita-as-case-50-empresas-galegas-presentes-en-seafood-expo-global-2026\/","og_locale":"es_ES","og_type":"article","og_title":"A conselleira do Mar visita \u00e1s case 50 empresas galegas presentes en Seafood Expo Global 2026 - ES\u00b7MAR","og_description":"A conselleira do Mar de Galicia, Marta Villaverde, estivo presente na Seafood Expo Global 2026 de Barcelona para acompa\u00f1ar \u00e1 delegaci\u00f3n de empresas galegas que participan na feira. (...)","og_url":"https:\/\/rede-esmar.gal\/es\/a-conselleira-do-mar-visita-as-case-50-empresas-galegas-presentes-en-seafood-expo-global-2026\/","og_site_name":"ES\u00b7MAR","article_published_time":"2026-04-28T07:51:26+00:00","article_modified_time":"2026-04-28T07:51:29+00:00","author":"Equipo coordinaci\u00f3n","twitter_card":"summary_large_image","twitter_misc":{"Escrito por":"Equipo coordinaci\u00f3n","Tiempo de lectura":"1 minuto"},"schema":{"@context":"https:\/\/schema.org","@graph":[{"@type":"Article","@id":"https:\/\/rede-esmar.gal\/a-conselleira-do-mar-visita-as-case-50-empresas-galegas-presentes-en-seafood-expo-global-2026\/#article","isPartOf":{"@id":"https:\/\/rede-esmar.gal\/a-conselleira-do-mar-visita-as-case-50-empresas-galegas-presentes-en-seafood-expo-global-2026\/"},"author":{"name":"Equipo coordinaci\u00f3n","@id":"https:\/\/rede-esmar.gal\/#\/schema\/person\/139b8b85b73b930d041c72a3752be3a2"},"headline":"A conselleira do Mar visita \u00e1s case 50 empresas galegas presentes en Seafood Expo Global 2026","datePublished":"2026-04-28T07:51:26+00:00","dateModified":"2026-04-28T07:51:29+00:00","mainEntityOfPage":{"@id":"https:\/\/rede-esmar.gal\/a-conselleira-do-mar-visita-as-case-50-empresas-galegas-presentes-en-seafood-expo-global-2026\/"},"wordCount":144,"commentCount":0,"publisher":{"@id":"https:\/\/rede-esmar.gal\/#organization"},"articleSection":["Actualidade"],"inLanguage":"es","potentialAction":[{"@type":"CommentAction","name":"Comment","target":["https:\/\/rede-esmar.gal\/a-conselleira-do-mar-visita-as-case-50-empresas-galegas-presentes-en-seafood-expo-global-2026\/#respond"]}]},{"@type":"WebPage","@id":"https:\/\/rede-esmar.gal\/a-conselleira-do-mar-visita-as-case-50-empresas-galegas-presentes-en-seafood-expo-global-2026\/","url":"https:\/\/rede-esmar.gal\/a-conselleira-do-mar-visita-as-case-50-empresas-galegas-presentes-en-seafood-expo-global-2026\/","name":"A conselleira do Mar visita \u00e1s case 50 empresas galegas presentes en Seafood Expo Global 2026 - ES\u00b7MAR","isPartOf":{"@id":"https:\/\/rede-esmar.gal\/#website"},"datePublished":"2026-04-28T07:51:26+00:00","dateModified":"2026-04-28T07:51:29+00:00","breadcrumb":{"@id":"https:\/\/rede-esmar.gal\/a-conselleira-do-mar-visita-as-case-50-empresas-galegas-presentes-en-seafood-expo-global-2026\/#breadcrumb"},"inLanguage":"es","potentialAction":[{"@type":"ReadAction","target":["https:\/\/rede-esmar.gal\/a-conselleira-do-mar-visita-as-case-50-empresas-galegas-presentes-en-seafood-expo-global-2026\/"]}]},{"@type":"BreadcrumbList","@id":"https:\/\/rede-esmar.gal\/a-conselleira-do-mar-visita-as-case-50-empresas-galegas-presentes-en-seafood-expo-global-2026\/#breadcrumb","itemListElement":[{"@type":"ListItem","position":1,"name":"Portada","item":"https:\/\/rede-esmar.gal\/"},{"@type":"ListItem","position":2,"name":"A conselleira do Mar visita \u00e1s case 50 empresas galegas presentes en Seafood Expo Global 2026"}]},{"@type":"WebSite","@id":"https:\/\/rede-esmar.gal\/#website","url":"https:\/\/rede-esmar.gal\/","name":"ES\u00b7MAR","description":"","publisher":{"@id":"https:\/\/rede-esmar.gal\/#organization"},"potentialAction":[{"@type":"SearchAction","target":{"@type":"EntryPoint","urlTemplate":"https:\/\/rede-esmar.gal\/?s={search_term_string}"},"query-input":{"@type":"PropertyValueSpecification","valueRequired":true,"valueName":"search_term_string"}}],"inLanguage":"es"},{"@type":"Organization","@id":"https:\/\/rede-esmar.gal\/#organization","name":"ES\u00b7MAR","url":"https:\/\/rede-esmar.gal\/","logo":{"@type":"ImageObject","inLanguage":"es","@id":"https:\/\/rede-esmar.gal\/#\/schema\/logo\/image\/","url":"https:\/\/rede-esmar.gal\/wp-content\/uploads\/2025\/01\/logo-web-blanco-1.png","contentUrl":"https:\/\/rede-esmar.gal\/wp-content\/uploads\/2025\/01\/logo-web-blanco-1.png","width":300,"height":99,"caption":"ES\u00b7MAR"},"image":{"@id":"https:\/\/rede-esmar.gal\/#\/schema\/logo\/image\/"}},{"@type":"Person","@id":"https:\/\/rede-esmar.gal\/#\/schema\/person\/139b8b85b73b930d041c72a3752be3a2","name":"Equipo coordinaci\u00f3n","image":{"@type":"ImageObject","inLanguage":"es","@id":"https:\/\/rede-esmar.gal\/#\/schema\/person\/image\/","url":"https:\/\/secure.gravatar.com\/avatar\/489362bff200fce5cfc1d56577a36629?s=96&d=mm&r=g","contentUrl":"https:\/\/secure.gravatar.com\/avatar\/489362bff200fce5cfc1d56577a36629?s=96&d=mm&r=g","caption":"Equipo coordinaci\u00f3n"},"url":"https:\/\/rede-esmar.gal\/es\/author\/marta\/"}]}},"jetpack_featured_media_url":"","jetpack_sharing_enabled":true,"_links":{"self":[{"href":"https:\/\/rede-esmar.gal\/es\/wp-json\/wp\/v2\/posts\/15826","targetHints":{"allow":["GET"]}}],"collection":[{"href":"https:\/\/rede-esmar.gal\/es\/wp-json\/wp\/v2\/posts"}],"about":[{"href":"https:\/\/rede-esmar.gal\/es\/wp-json\/wp\/v2\/types\/post"}],"author":[{"embeddable":true,"href":"https:\/\/rede-esmar.gal\/es\/wp-json\/wp\/v2\/users\/6"}],"replies":[{"embeddable":true,"href":"https:\/\/rede-esmar.gal\/es\/wp-json\/wp\/v2\/comments?post=15826"}],"version-history":[{"count":1,"href":"https:\/\/rede-esmar.gal\/es\/wp-json\/wp\/v2\/posts\/15826\/revisions"}],"predecessor-version":[{"id":15827,"href":"https:\/\/rede-esmar.gal\/es\/wp-json\/wp\/v2\/posts\/15826\/revisions\/15827"}],"wp:attachment":[{"href":"https:\/\/rede-esmar.gal\/es\/wp-json\/wp\/v2\/media?parent=15826"}],"wp:term":[{"taxonomy":"category","embeddable":true,"href":"https:\/\/rede-esmar.gal\/es\/wp-json\/wp\/v2\/categories?post=15826"},{"taxonomy":"post_tag","embeddable":true,"href":"https:\/\/rede-esmar.gal\/es\/wp-json\/wp\/v2\/tags?post=15826"}],"curies":[{"name":"wp","href":"https:\/\/api.w.org\/{rel}","templated":true}]}}