{"id":15828,"date":"2026-04-28T09:02:19","date_gmt":"2026-04-28T08:02:19","guid":{"rendered":"https:\/\/rede-esmar.gal\/?p=15828"},"modified":"2026-04-28T09:02:21","modified_gmt":"2026-04-28T08:02:21","slug":"galicia-reforza-a-sua-seguridade-alimentaria-cun-acordo-entre-as-consellerias-de-sanidade-e-do-mar-para-controlar-o-peixe-das-piscifactorias","status":"publish","type":"post","link":"https:\/\/rede-esmar.gal\/es\/galicia-reforza-a-sua-seguridade-alimentaria-cun-acordo-entre-as-consellerias-de-sanidade-e-do-mar-para-controlar-o-peixe-das-piscifactorias\/","title":{"rendered":"Galicia refuerza su seguridad alimentaria con un acuerdo entre las conseller\u00edas de Sanidad y del Mar para controlar el pescado de las piscifactor\u00edas"},"content":{"rendered":"<p>El conselleiro de Sanidad, Antonio G\u00f3mez Caama\u00f1o, y la conselleira del Mar, Marta Villaverde, firmaron a ma\u00f1ana de 23 de abril un convenio de colaboraci\u00f3n con objeto de analizar las muestras de pescado procedentes de las piscifactor\u00edas gallegas, con el fin de garantizar la seguridad alimentaria de estos productos.<\/p>\n\n\n\n<p>Insertado en el Plan Nacional de Investigaci\u00f3n de Residuos (PNIR), el convenio cumple con las directrices nacionales sobre el control de antibi\u00f3ticos y otras sustancias prohibidas en productos de consumo, por el que se asegura la calidad de los productos con serlo gallego.<\/p>\n\n\n\n<p>Durante el acto de firma, en el que la subdirectora general de Salud Ambiental y Seguridad Alimentaria, In\u00e9s Mato, present\u00f3 el convenio, el titular de Sanidad puso en valor los controles de calidad que la Xunta realiza en el conjunto de la cadena alimentaria, subrayando que este nuevo acuerdo \u201cvelar\u00e1 por la seguridad alimentaria en toda la cadena\u201d, y que \u201casegurar\u00e1 que el pescado, tanto de procedencia marina como continental, llegue a los hogares con los m\u00e1s altos est\u00e1ndares\u201d.<\/p>\n\n\n\n<p>Fuente: Conseller\u00eda del Mar<\/p>\n\n\n\n<p><a href=\"https:\/\/mar.xunta.gal\/es\/informacion\/noticias\/noticia?time=04272026100720&amp;id=nova_023767.html\">Noticia | Portal da Conseller\u00eda do Mar<\/a><\/p>","protected":false},"excerpt":{"rendered":"<p>El conselleiro de Sanidad, Antonio G\u00f3mez Caama\u00f1o, y la conselleira del Mar, Marta Villaverde, firmaron a ma\u00f1ana de 23 de abril un convenio de colaboraci\u00f3n con objeto de analizar las muestras de pescado procedentes de las piscifactor\u00edas gallegas, con el fin de garantizar la seguridad alimentaria de estos productos. (\u2026)<\/p>","protected":false},"author":6,"featured_media":0,"comment_status":"open","ping_status":"open","sticky":false,"template":"","format":"standard","meta":{"_acf_changed":false,"saved_in_kubio":false,"content-type":"","osom_blocks_metabox":"","_monsterinsights_skip_tracking":false,"_monsterinsights_sitenote_active":false,"_monsterinsights_sitenote_note":"","_monsterinsights_sitenote_category":0,"_price":"","_stock":"","_tribe_ticket_header":"","_tribe_default_ticket_provider":"","_tribe_ticket_capacity":"0","_ticket_start_date":"","_ticket_end_date":"","_tribe_ticket_show_description":"","_tribe_ticket_show_not_going":false,"_tribe_ticket_use_global_stock":"","_tribe_ticket_global_stock_level":"","_global_stock_mode":"","_global_stock_cap":"","_tribe_rsvp_for_event":"","_tribe_ticket_going_count":"","_tribe_ticket_not_going_count":"","_tribe_tickets_list":"[]","_tribe_ticket_has_attendee_info_fields":false,"_EventAllDay":false,"_EventTimezone":"","_EventStartDate":"","_EventEndDate":"","_EventStartDateUTC":"","_EventEndDateUTC":"","_EventShowMap":false,"_EventShowMapLink":false,"_EventURL":"","_EventCost":"","_EventCostDescription":"","_EventCurrencySymbol":"","_EventCurrencyCode":"","_EventCurrencyPosition":"","_EventDateTimeSeparator":"","_EventTimeRangeSeparator":"","_EventOrganizerID":[],"_EventVenueID":[],"_OrganizerEmail":"","_OrganizerPhone":"","_OrganizerWebsite":"","_VenueAddress":"","_VenueCity":"","_VenueCountry":"","_VenueProvince":"","_VenueState":"","_VenueZip":"","_VenuePhone":"","_VenueURL":"","_VenueStateProvince":"","_VenueLat":"","_VenueLng":"","_VenueShowMap":false,"_VenueShowMapLink":false,"_jetpack_memberships_contains_paid_content":false,"footnotes":""},"categories":[1],"tags":[],"class_list":["post-15828","post","type-post","status-publish","format-standard","hentry","category-actualidade"],"acf":[],"yoast_head":"<!-- This site is optimized with the Yoast SEO plugin v26.1.1 - https:\/\/yoast.com\/wordpress\/plugins\/seo\/ -->\n<title>Galicia reforza a s\u00faa seguridade alimentaria cun acordo entre as conseller\u00edas de Sanidade e do Mar para controlar o peixe das piscifactor\u00edas - ES\u00b7MAR<\/title>\n<meta name=\"robots\" content=\"index, follow, max-snippet:-1, max-image-preview:large, max-video-preview:-1\" \/>\n<link rel=\"canonical\" href=\"https:\/\/rede-esmar.gal\/es\/galicia-reforza-a-sua-seguridade-alimentaria-cun-acordo-entre-as-consellerias-de-sanidade-e-do-mar-para-controlar-o-peixe-das-piscifactorias\/\" \/>\n<meta property=\"og:locale\" content=\"es_ES\" \/>\n<meta property=\"og:type\" content=\"article\" \/>\n<meta property=\"og:title\" content=\"Galicia reforza a s\u00faa seguridade alimentaria cun acordo entre as conseller\u00edas de Sanidade e do Mar para controlar o peixe das piscifactor\u00edas - ES\u00b7MAR\" \/>\n<meta property=\"og:description\" content=\"O conselleiro de Sanidade, Antonio G\u00f3mez Caama\u00f1o, e a conselleira do Mar, Marta Villaverde, asinaron a ma\u00f1\u00e1 do 23 de abril un convenio de colaboraci\u00f3n co obxecto de analizar as mostras de peixe procedentes das piscifactor\u00edas galegas, co fin de garantir a seguridade alimentaria destes produtos. (...)\" \/>\n<meta property=\"og:url\" content=\"https:\/\/rede-esmar.gal\/es\/galicia-reforza-a-sua-seguridade-alimentaria-cun-acordo-entre-as-consellerias-de-sanidade-e-do-mar-para-controlar-o-peixe-das-piscifactorias\/\" \/>\n<meta property=\"og:site_name\" content=\"ES\u00b7MAR\" \/>\n<meta property=\"article:published_time\" content=\"2026-04-28T08:02:19+00:00\" \/>\n<meta property=\"article:modified_time\" content=\"2026-04-28T08:02:21+00:00\" \/>\n<meta name=\"author\" content=\"Equipo coordinaci\u00f3n\" \/>\n<meta name=\"twitter:card\" content=\"summary_large_image\" \/>\n<meta name=\"twitter:label1\" content=\"Escrito por\" \/>\n\t<meta name=\"twitter:data1\" content=\"Equipo coordinaci\u00f3n\" \/>\n\t<meta name=\"twitter:label2\" content=\"Tiempo de lectura\" \/>\n\t<meta name=\"twitter:data2\" content=\"1 minuto\" \/>\n<script type=\"application\/ld+json\" class=\"yoast-schema-graph\">{\"@context\":\"https:\/\/schema.org\",\"@graph\":[{\"@type\":\"Article\",\"@id\":\"https:\/\/rede-esmar.gal\/galicia-reforza-a-sua-seguridade-alimentaria-cun-acordo-entre-as-consellerias-de-sanidade-e-do-mar-para-controlar-o-peixe-das-piscifactorias\/#article\",\"isPartOf\":{\"@id\":\"https:\/\/rede-esmar.gal\/galicia-reforza-a-sua-seguridade-alimentaria-cun-acordo-entre-as-consellerias-de-sanidade-e-do-mar-para-controlar-o-peixe-das-piscifactorias\/\"},\"author\":{\"name\":\"Equipo coordinaci\u00f3n\",\"@id\":\"https:\/\/rede-esmar.gal\/#\/schema\/person\/139b8b85b73b930d041c72a3752be3a2\"},\"headline\":\"Galicia reforza a s\u00faa seguridade alimentaria cun acordo entre as conseller\u00edas de Sanidade e do Mar para controlar o peixe das piscifactor\u00edas\",\"datePublished\":\"2026-04-28T08:02:19+00:00\",\"dateModified\":\"2026-04-28T08:02:21+00:00\",\"mainEntityOfPage\":{\"@id\":\"https:\/\/rede-esmar.gal\/galicia-reforza-a-sua-seguridade-alimentaria-cun-acordo-entre-as-consellerias-de-sanidade-e-do-mar-para-controlar-o-peixe-das-piscifactorias\/\"},\"wordCount\":206,\"commentCount\":0,\"publisher\":{\"@id\":\"https:\/\/rede-esmar.gal\/#organization\"},\"articleSection\":[\"Actualidade\"],\"inLanguage\":\"es\",\"potentialAction\":[{\"@type\":\"CommentAction\",\"name\":\"Comment\",\"target\":[\"https:\/\/rede-esmar.gal\/galicia-reforza-a-sua-seguridade-alimentaria-cun-acordo-entre-as-consellerias-de-sanidade-e-do-mar-para-controlar-o-peixe-das-piscifactorias\/#respond\"]}]},{\"@type\":\"WebPage\",\"@id\":\"https:\/\/rede-esmar.gal\/galicia-reforza-a-sua-seguridade-alimentaria-cun-acordo-entre-as-consellerias-de-sanidade-e-do-mar-para-controlar-o-peixe-das-piscifactorias\/\",\"url\":\"https:\/\/rede-esmar.gal\/galicia-reforza-a-sua-seguridade-alimentaria-cun-acordo-entre-as-consellerias-de-sanidade-e-do-mar-para-controlar-o-peixe-das-piscifactorias\/\",\"name\":\"Galicia reforza a s\u00faa seguridade alimentaria cun acordo entre as conseller\u00edas de Sanidade e do Mar para controlar o peixe das piscifactor\u00edas - ES\u00b7MAR\",\"isPartOf\":{\"@id\":\"https:\/\/rede-esmar.gal\/#website\"},\"datePublished\":\"2026-04-28T08:02:19+00:00\",\"dateModified\":\"2026-04-28T08:02:21+00:00\",\"breadcrumb\":{\"@id\":\"https:\/\/rede-esmar.gal\/galicia-reforza-a-sua-seguridade-alimentaria-cun-acordo-entre-as-consellerias-de-sanidade-e-do-mar-para-controlar-o-peixe-das-piscifactorias\/#breadcrumb\"},\"inLanguage\":\"es\",\"potentialAction\":[{\"@type\":\"ReadAction\",\"target\":[\"https:\/\/rede-esmar.gal\/galicia-reforza-a-sua-seguridade-alimentaria-cun-acordo-entre-as-consellerias-de-sanidade-e-do-mar-para-controlar-o-peixe-das-piscifactorias\/\"]}]},{\"@type\":\"BreadcrumbList\",\"@id\":\"https:\/\/rede-esmar.gal\/galicia-reforza-a-sua-seguridade-alimentaria-cun-acordo-entre-as-consellerias-de-sanidade-e-do-mar-para-controlar-o-peixe-das-piscifactorias\/#breadcrumb\",\"itemListElement\":[{\"@type\":\"ListItem\",\"position\":1,\"name\":\"Portada\",\"item\":\"https:\/\/rede-esmar.gal\/\"},{\"@type\":\"ListItem\",\"position\":2,\"name\":\"Galicia reforza a s\u00faa seguridade alimentaria cun acordo entre as conseller\u00edas de Sanidade e do Mar para controlar o peixe das piscifactor\u00edas\"}]},{\"@type\":\"WebSite\",\"@id\":\"https:\/\/rede-esmar.gal\/#website\",\"url\":\"https:\/\/rede-esmar.gal\/\",\"name\":\"ES\u00b7MAR\",\"description\":\"\",\"publisher\":{\"@id\":\"https:\/\/rede-esmar.gal\/#organization\"},\"potentialAction\":[{\"@type\":\"SearchAction\",\"target\":{\"@type\":\"EntryPoint\",\"urlTemplate\":\"https:\/\/rede-esmar.gal\/?s={search_term_string}\"},\"query-input\":{\"@type\":\"PropertyValueSpecification\",\"valueRequired\":true,\"valueName\":\"search_term_string\"}}],\"inLanguage\":\"es\"},{\"@type\":\"Organization\",\"@id\":\"https:\/\/rede-esmar.gal\/#organization\",\"name\":\"ES\u00b7MAR\",\"url\":\"https:\/\/rede-esmar.gal\/\",\"logo\":{\"@type\":\"ImageObject\",\"inLanguage\":\"es\",\"@id\":\"https:\/\/rede-esmar.gal\/#\/schema\/logo\/image\/\",\"url\":\"https:\/\/rede-esmar.gal\/wp-content\/uploads\/2025\/01\/logo-web-blanco-1.png\",\"contentUrl\":\"https:\/\/rede-esmar.gal\/wp-content\/uploads\/2025\/01\/logo-web-blanco-1.png\",\"width\":300,\"height\":99,\"caption\":\"ES\u00b7MAR\"},\"image\":{\"@id\":\"https:\/\/rede-esmar.gal\/#\/schema\/logo\/image\/\"}},{\"@type\":\"Person\",\"@id\":\"https:\/\/rede-esmar.gal\/#\/schema\/person\/139b8b85b73b930d041c72a3752be3a2\",\"name\":\"Equipo coordinaci\u00f3n\",\"image\":{\"@type\":\"ImageObject\",\"inLanguage\":\"es\",\"@id\":\"https:\/\/rede-esmar.gal\/#\/schema\/person\/image\/\",\"url\":\"https:\/\/secure.gravatar.com\/avatar\/489362bff200fce5cfc1d56577a36629?s=96&d=mm&r=g\",\"contentUrl\":\"https:\/\/secure.gravatar.com\/avatar\/489362bff200fce5cfc1d56577a36629?s=96&d=mm&r=g\",\"caption\":\"Equipo coordinaci\u00f3n\"},\"url\":\"https:\/\/rede-esmar.gal\/es\/author\/marta\/\"}]}<\/script>\n<!-- \/ Yoast SEO plugin. -->","yoast_head_json":{"title":"Galicia reforza a s\u00faa seguridade alimentaria cun acordo entre as conseller\u00edas de Sanidade e do Mar para controlar o peixe das piscifactor\u00edas - ES\u00b7MAR","robots":{"index":"index","follow":"follow","max-snippet":"max-snippet:-1","max-image-preview":"max-image-preview:large","max-video-preview":"max-video-preview:-1"},"canonical":"https:\/\/rede-esmar.gal\/es\/galicia-reforza-a-sua-seguridade-alimentaria-cun-acordo-entre-as-consellerias-de-sanidade-e-do-mar-para-controlar-o-peixe-das-piscifactorias\/","og_locale":"es_ES","og_type":"article","og_title":"Galicia reforza a s\u00faa seguridade alimentaria cun acordo entre as conseller\u00edas de Sanidade e do Mar para controlar o peixe das piscifactor\u00edas - ES\u00b7MAR","og_description":"O conselleiro de Sanidade, Antonio G\u00f3mez Caama\u00f1o, e a conselleira do Mar, Marta Villaverde, asinaron a ma\u00f1\u00e1 do 23 de abril un convenio de colaboraci\u00f3n co obxecto de analizar as mostras de peixe procedentes das piscifactor\u00edas galegas, co fin de garantir a seguridade alimentaria destes produtos. (...)","og_url":"https:\/\/rede-esmar.gal\/es\/galicia-reforza-a-sua-seguridade-alimentaria-cun-acordo-entre-as-consellerias-de-sanidade-e-do-mar-para-controlar-o-peixe-das-piscifactorias\/","og_site_name":"ES\u00b7MAR","article_published_time":"2026-04-28T08:02:19+00:00","article_modified_time":"2026-04-28T08:02:21+00:00","author":"Equipo coordinaci\u00f3n","twitter_card":"summary_large_image","twitter_misc":{"Escrito por":"Equipo coordinaci\u00f3n","Tiempo de lectura":"1 minuto"},"schema":{"@context":"https:\/\/schema.org","@graph":[{"@type":"Article","@id":"https:\/\/rede-esmar.gal\/galicia-reforza-a-sua-seguridade-alimentaria-cun-acordo-entre-as-consellerias-de-sanidade-e-do-mar-para-controlar-o-peixe-das-piscifactorias\/#article","isPartOf":{"@id":"https:\/\/rede-esmar.gal\/galicia-reforza-a-sua-seguridade-alimentaria-cun-acordo-entre-as-consellerias-de-sanidade-e-do-mar-para-controlar-o-peixe-das-piscifactorias\/"},"author":{"name":"Equipo coordinaci\u00f3n","@id":"https:\/\/rede-esmar.gal\/#\/schema\/person\/139b8b85b73b930d041c72a3752be3a2"},"headline":"Galicia reforza a s\u00faa seguridade alimentaria cun acordo entre as conseller\u00edas de Sanidade e do Mar para controlar o peixe das piscifactor\u00edas","datePublished":"2026-04-28T08:02:19+00:00","dateModified":"2026-04-28T08:02:21+00:00","mainEntityOfPage":{"@id":"https:\/\/rede-esmar.gal\/galicia-reforza-a-sua-seguridade-alimentaria-cun-acordo-entre-as-consellerias-de-sanidade-e-do-mar-para-controlar-o-peixe-das-piscifactorias\/"},"wordCount":206,"commentCount":0,"publisher":{"@id":"https:\/\/rede-esmar.gal\/#organization"},"articleSection":["Actualidade"],"inLanguage":"es","potentialAction":[{"@type":"CommentAction","name":"Comment","target":["https:\/\/rede-esmar.gal\/galicia-reforza-a-sua-seguridade-alimentaria-cun-acordo-entre-as-consellerias-de-sanidade-e-do-mar-para-controlar-o-peixe-das-piscifactorias\/#respond"]}]},{"@type":"WebPage","@id":"https:\/\/rede-esmar.gal\/galicia-reforza-a-sua-seguridade-alimentaria-cun-acordo-entre-as-consellerias-de-sanidade-e-do-mar-para-controlar-o-peixe-das-piscifactorias\/","url":"https:\/\/rede-esmar.gal\/galicia-reforza-a-sua-seguridade-alimentaria-cun-acordo-entre-as-consellerias-de-sanidade-e-do-mar-para-controlar-o-peixe-das-piscifactorias\/","name":"Galicia reforza a s\u00faa seguridade alimentaria cun acordo entre as conseller\u00edas de Sanidade e do Mar para controlar o peixe das piscifactor\u00edas - ES\u00b7MAR","isPartOf":{"@id":"https:\/\/rede-esmar.gal\/#website"},"datePublished":"2026-04-28T08:02:19+00:00","dateModified":"2026-04-28T08:02:21+00:00","breadcrumb":{"@id":"https:\/\/rede-esmar.gal\/galicia-reforza-a-sua-seguridade-alimentaria-cun-acordo-entre-as-consellerias-de-sanidade-e-do-mar-para-controlar-o-peixe-das-piscifactorias\/#breadcrumb"},"inLanguage":"es","potentialAction":[{"@type":"ReadAction","target":["https:\/\/rede-esmar.gal\/galicia-reforza-a-sua-seguridade-alimentaria-cun-acordo-entre-as-consellerias-de-sanidade-e-do-mar-para-controlar-o-peixe-das-piscifactorias\/"]}]},{"@type":"BreadcrumbList","@id":"https:\/\/rede-esmar.gal\/galicia-reforza-a-sua-seguridade-alimentaria-cun-acordo-entre-as-consellerias-de-sanidade-e-do-mar-para-controlar-o-peixe-das-piscifactorias\/#breadcrumb","itemListElement":[{"@type":"ListItem","position":1,"name":"Portada","item":"https:\/\/rede-esmar.gal\/"},{"@type":"ListItem","position":2,"name":"Galicia reforza a s\u00faa seguridade alimentaria cun acordo entre as conseller\u00edas de Sanidade e do Mar para controlar o peixe das piscifactor\u00edas"}]},{"@type":"WebSite","@id":"https:\/\/rede-esmar.gal\/#website","url":"https:\/\/rede-esmar.gal\/","name":"ES\u00b7MAR","description":"","publisher":{"@id":"https:\/\/rede-esmar.gal\/#organization"},"potentialAction":[{"@type":"SearchAction","target":{"@type":"EntryPoint","urlTemplate":"https:\/\/rede-esmar.gal\/?s={search_term_string}"},"query-input":{"@type":"PropertyValueSpecification","valueRequired":true,"valueName":"search_term_string"}}],"inLanguage":"es"},{"@type":"Organization","@id":"https:\/\/rede-esmar.gal\/#organization","name":"ES\u00b7MAR","url":"https:\/\/rede-esmar.gal\/","logo":{"@type":"ImageObject","inLanguage":"es","@id":"https:\/\/rede-esmar.gal\/#\/schema\/logo\/image\/","url":"https:\/\/rede-esmar.gal\/wp-content\/uploads\/2025\/01\/logo-web-blanco-1.png","contentUrl":"https:\/\/rede-esmar.gal\/wp-content\/uploads\/2025\/01\/logo-web-blanco-1.png","width":300,"height":99,"caption":"ES\u00b7MAR"},"image":{"@id":"https:\/\/rede-esmar.gal\/#\/schema\/logo\/image\/"}},{"@type":"Person","@id":"https:\/\/rede-esmar.gal\/#\/schema\/person\/139b8b85b73b930d041c72a3752be3a2","name":"Equipo coordinaci\u00f3n","image":{"@type":"ImageObject","inLanguage":"es","@id":"https:\/\/rede-esmar.gal\/#\/schema\/person\/image\/","url":"https:\/\/secure.gravatar.com\/avatar\/489362bff200fce5cfc1d56577a36629?s=96&d=mm&r=g","contentUrl":"https:\/\/secure.gravatar.com\/avatar\/489362bff200fce5cfc1d56577a36629?s=96&d=mm&r=g","caption":"Equipo coordinaci\u00f3n"},"url":"https:\/\/rede-esmar.gal\/es\/author\/marta\/"}]}},"jetpack_featured_media_url":"","jetpack_sharing_enabled":true,"_links":{"self":[{"href":"https:\/\/rede-esmar.gal\/es\/wp-json\/wp\/v2\/posts\/15828","targetHints":{"allow":["GET"]}}],"collection":[{"href":"https:\/\/rede-esmar.gal\/es\/wp-json\/wp\/v2\/posts"}],"about":[{"href":"https:\/\/rede-esmar.gal\/es\/wp-json\/wp\/v2\/types\/post"}],"author":[{"embeddable":true,"href":"https:\/\/rede-esmar.gal\/es\/wp-json\/wp\/v2\/users\/6"}],"replies":[{"embeddable":true,"href":"https:\/\/rede-esmar.gal\/es\/wp-json\/wp\/v2\/comments?post=15828"}],"version-history":[{"count":1,"href":"https:\/\/rede-esmar.gal\/es\/wp-json\/wp\/v2\/posts\/15828\/revisions"}],"predecessor-version":[{"id":15829,"href":"https:\/\/rede-esmar.gal\/es\/wp-json\/wp\/v2\/posts\/15828\/revisions\/15829"}],"wp:attachment":[{"href":"https:\/\/rede-esmar.gal\/es\/wp-json\/wp\/v2\/media?parent=15828"}],"wp:term":[{"taxonomy":"category","embeddable":true,"href":"https:\/\/rede-esmar.gal\/es\/wp-json\/wp\/v2\/categories?post=15828"},{"taxonomy":"post_tag","embeddable":true,"href":"https:\/\/rede-esmar.gal\/es\/wp-json\/wp\/v2\/tags?post=15828"}],"curies":[{"name":"wp","href":"https:\/\/api.w.org\/{rel}","templated":true}]}}