{"id":15830,"date":"2026-04-28T09:14:11","date_gmt":"2026-04-28T08:14:11","guid":{"rendered":"https:\/\/rede-esmar.gal\/?p=15830"},"modified":"2026-04-28T09:15:02","modified_gmt":"2026-04-28T08:15:02","slug":"villaverde-reafirma-o-compromiso-da-xunta-co-marisqueo-con-preto-de-23-me-para-recuperar-os-bancos-afectados-polos-temporais","status":"publish","type":"post","link":"https:\/\/rede-esmar.gal\/es\/villaverde-reafirma-o-compromiso-da-xunta-co-marisqueo-con-preto-de-23-me-para-recuperar-os-bancos-afectados-polos-temporais\/","title":{"rendered":"Villaverde reafirma el compromiso de la Xunta con el marisqueo con cerca de 23 M\u20ac para recuperar los bancos afectados por los temporales"},"content":{"rendered":"<p>La conselleira del Mar, Marta Villaverde, defendi\u00f3 el 21 de abril en el Pleno del Parlamento de Galicia la gesti\u00f3n de la Xunta ante el episodio de mortalidad derivado de los temporales de comienzos de a\u00f1o. Durante su intervenci\u00f3n, Villaverde reafirm\u00f3 el compromiso \u201creal y con hechos\u201d del Gobierno gallego, que est\u00e1 movilizando un paquete extraordinario de 22,7 millones de euros para ayudar a las personas mariscadoras a recuperar los bancos.<\/p>\n\n\n\n<p>La titular de Mar detall\u00f3 que la mayor parte de este esfuerzo inversor, 19,2 millones de euros, se articula a trav\u00e9s de convenios bilaterales de colaboraci\u00f3n con las cofrad\u00edas. Este modelo de cogesti\u00f3n permite que las propias entidades dise\u00f1en sus planes de regeneraci\u00f3n \u2014incluyendo siembras, limpieza de bancos o acondicionamiento del sustrato, entre otros\u2014 mientras las personas mariscadoras reciben una compensaci\u00f3n de aproximadamente 700 euros mensuales por estos trabajos. A este importe se suman 1,5 millones para repoblaci\u00f3n y otros 2 millones destinados a proyectos de restauraci\u00f3n de la biodiversidad marina.<\/p>\n\n\n\n<p>Fuente: Conseller\u00eda del Mar<\/p>\n\n\n\n<p><a href=\"https:\/\/mar.xunta.gal\/es\/informacion\/noticias\/noticia?time=04272026104720&amp;id=nova_023691.html\">Noticia | Portal da Conseller\u00eda do Mar<\/a><\/p>","protected":false},"excerpt":{"rendered":"<p>La conselleira del Mar, Marta Villaverde, defendi\u00f3 el 21 de abril en el Pleno del Parlamento de Galicia la gesti\u00f3n de la Xunta ante el episodio de mortalidad derivado de los temporales de comienzos de a\u00f1o. (\u2026)<\/p>","protected":false},"author":6,"featured_media":0,"comment_status":"open","ping_status":"open","sticky":false,"template":"","format":"standard","meta":{"_acf_changed":false,"saved_in_kubio":false,"content-type":"","osom_blocks_metabox":"","_monsterinsights_skip_tracking":false,"_monsterinsights_sitenote_active":false,"_monsterinsights_sitenote_note":"","_monsterinsights_sitenote_category":0,"_price":"","_stock":"","_tribe_ticket_header":"","_tribe_default_ticket_provider":"","_tribe_ticket_capacity":"0","_ticket_start_date":"","_ticket_end_date":"","_tribe_ticket_show_description":"","_tribe_ticket_show_not_going":false,"_tribe_ticket_use_global_stock":"","_tribe_ticket_global_stock_level":"","_global_stock_mode":"","_global_stock_cap":"","_tribe_rsvp_for_event":"","_tribe_ticket_going_count":"","_tribe_ticket_not_going_count":"","_tribe_tickets_list":"[]","_tribe_ticket_has_attendee_info_fields":false,"_EventAllDay":false,"_EventTimezone":"","_EventStartDate":"","_EventEndDate":"","_EventStartDateUTC":"","_EventEndDateUTC":"","_EventShowMap":false,"_EventShowMapLink":false,"_EventURL":"","_EventCost":"","_EventCostDescription":"","_EventCurrencySymbol":"","_EventCurrencyCode":"","_EventCurrencyPosition":"","_EventDateTimeSeparator":"","_EventTimeRangeSeparator":"","_EventOrganizerID":[],"_EventVenueID":[],"_OrganizerEmail":"","_OrganizerPhone":"","_OrganizerWebsite":"","_VenueAddress":"","_VenueCity":"","_VenueCountry":"","_VenueProvince":"","_VenueState":"","_VenueZip":"","_VenuePhone":"","_VenueURL":"","_VenueStateProvince":"","_VenueLat":"","_VenueLng":"","_VenueShowMap":false,"_VenueShowMapLink":false,"_jetpack_memberships_contains_paid_content":false,"footnotes":""},"categories":[1],"tags":[],"class_list":["post-15830","post","type-post","status-publish","format-standard","hentry","category-actualidade"],"acf":[],"yoast_head":"<!-- This site is optimized with the Yoast SEO plugin v26.1.1 - https:\/\/yoast.com\/wordpress\/plugins\/seo\/ -->\n<title>Villaverde reafirma o compromiso da Xunta co marisqueo con preto de 23 M\u20ac para recuperar os bancos afectados polos temporais - ES\u00b7MAR<\/title>\n<meta name=\"robots\" content=\"index, follow, max-snippet:-1, max-image-preview:large, max-video-preview:-1\" \/>\n<link rel=\"canonical\" href=\"https:\/\/rede-esmar.gal\/es\/villaverde-reafirma-o-compromiso-da-xunta-co-marisqueo-con-preto-de-23-me-para-recuperar-os-bancos-afectados-polos-temporais\/\" \/>\n<meta property=\"og:locale\" content=\"es_ES\" \/>\n<meta property=\"og:type\" content=\"article\" \/>\n<meta property=\"og:title\" content=\"Villaverde reafirma o compromiso da Xunta co marisqueo con preto de 23 M\u20ac para recuperar os bancos afectados polos temporais - ES\u00b7MAR\" \/>\n<meta property=\"og:description\" content=\"A conselleira do Mar, Marta Villaverde, defendeu o 21 de abril no Pleno do Parlamento de Galicia a xesti\u00f3n da Xunta ante o episodio de mortalidade derivado dos temporais de comezos de ano. (...)\" \/>\n<meta property=\"og:url\" content=\"https:\/\/rede-esmar.gal\/es\/villaverde-reafirma-o-compromiso-da-xunta-co-marisqueo-con-preto-de-23-me-para-recuperar-os-bancos-afectados-polos-temporais\/\" \/>\n<meta property=\"og:site_name\" content=\"ES\u00b7MAR\" \/>\n<meta property=\"article:published_time\" content=\"2026-04-28T08:14:11+00:00\" \/>\n<meta property=\"article:modified_time\" content=\"2026-04-28T08:15:02+00:00\" \/>\n<meta name=\"author\" content=\"Equipo coordinaci\u00f3n\" \/>\n<meta name=\"twitter:card\" content=\"summary_large_image\" \/>\n<meta name=\"twitter:label1\" content=\"Escrito por\" \/>\n\t<meta name=\"twitter:data1\" content=\"Equipo coordinaci\u00f3n\" \/>\n\t<meta name=\"twitter:label2\" content=\"Tiempo de lectura\" \/>\n\t<meta name=\"twitter:data2\" content=\"1 minuto\" \/>\n<script type=\"application\/ld+json\" class=\"yoast-schema-graph\">{\"@context\":\"https:\/\/schema.org\",\"@graph\":[{\"@type\":\"Article\",\"@id\":\"https:\/\/rede-esmar.gal\/villaverde-reafirma-o-compromiso-da-xunta-co-marisqueo-con-preto-de-23-me-para-recuperar-os-bancos-afectados-polos-temporais\/#article\",\"isPartOf\":{\"@id\":\"https:\/\/rede-esmar.gal\/villaverde-reafirma-o-compromiso-da-xunta-co-marisqueo-con-preto-de-23-me-para-recuperar-os-bancos-afectados-polos-temporais\/\"},\"author\":{\"name\":\"Equipo coordinaci\u00f3n\",\"@id\":\"https:\/\/rede-esmar.gal\/#\/schema\/person\/139b8b85b73b930d041c72a3752be3a2\"},\"headline\":\"Villaverde reafirma o compromiso da Xunta co marisqueo con preto de 23 M\u20ac para recuperar os bancos afectados polos temporais\",\"datePublished\":\"2026-04-28T08:14:11+00:00\",\"dateModified\":\"2026-04-28T08:15:02+00:00\",\"mainEntityOfPage\":{\"@id\":\"https:\/\/rede-esmar.gal\/villaverde-reafirma-o-compromiso-da-xunta-co-marisqueo-con-preto-de-23-me-para-recuperar-os-bancos-afectados-polos-temporais\/\"},\"wordCount\":201,\"commentCount\":0,\"publisher\":{\"@id\":\"https:\/\/rede-esmar.gal\/#organization\"},\"articleSection\":[\"Actualidade\"],\"inLanguage\":\"es\",\"potentialAction\":[{\"@type\":\"CommentAction\",\"name\":\"Comment\",\"target\":[\"https:\/\/rede-esmar.gal\/villaverde-reafirma-o-compromiso-da-xunta-co-marisqueo-con-preto-de-23-me-para-recuperar-os-bancos-afectados-polos-temporais\/#respond\"]}]},{\"@type\":\"WebPage\",\"@id\":\"https:\/\/rede-esmar.gal\/villaverde-reafirma-o-compromiso-da-xunta-co-marisqueo-con-preto-de-23-me-para-recuperar-os-bancos-afectados-polos-temporais\/\",\"url\":\"https:\/\/rede-esmar.gal\/villaverde-reafirma-o-compromiso-da-xunta-co-marisqueo-con-preto-de-23-me-para-recuperar-os-bancos-afectados-polos-temporais\/\",\"name\":\"Villaverde reafirma o compromiso da Xunta co marisqueo con preto de 23 M\u20ac para recuperar os bancos afectados polos temporais - ES\u00b7MAR\",\"isPartOf\":{\"@id\":\"https:\/\/rede-esmar.gal\/#website\"},\"datePublished\":\"2026-04-28T08:14:11+00:00\",\"dateModified\":\"2026-04-28T08:15:02+00:00\",\"breadcrumb\":{\"@id\":\"https:\/\/rede-esmar.gal\/villaverde-reafirma-o-compromiso-da-xunta-co-marisqueo-con-preto-de-23-me-para-recuperar-os-bancos-afectados-polos-temporais\/#breadcrumb\"},\"inLanguage\":\"es\",\"potentialAction\":[{\"@type\":\"ReadAction\",\"target\":[\"https:\/\/rede-esmar.gal\/villaverde-reafirma-o-compromiso-da-xunta-co-marisqueo-con-preto-de-23-me-para-recuperar-os-bancos-afectados-polos-temporais\/\"]}]},{\"@type\":\"BreadcrumbList\",\"@id\":\"https:\/\/rede-esmar.gal\/villaverde-reafirma-o-compromiso-da-xunta-co-marisqueo-con-preto-de-23-me-para-recuperar-os-bancos-afectados-polos-temporais\/#breadcrumb\",\"itemListElement\":[{\"@type\":\"ListItem\",\"position\":1,\"name\":\"Portada\",\"item\":\"https:\/\/rede-esmar.gal\/\"},{\"@type\":\"ListItem\",\"position\":2,\"name\":\"Villaverde reafirma o compromiso da Xunta co marisqueo con preto de 23 M\u20ac para recuperar os bancos afectados polos temporais\"}]},{\"@type\":\"WebSite\",\"@id\":\"https:\/\/rede-esmar.gal\/#website\",\"url\":\"https:\/\/rede-esmar.gal\/\",\"name\":\"ES\u00b7MAR\",\"description\":\"\",\"publisher\":{\"@id\":\"https:\/\/rede-esmar.gal\/#organization\"},\"potentialAction\":[{\"@type\":\"SearchAction\",\"target\":{\"@type\":\"EntryPoint\",\"urlTemplate\":\"https:\/\/rede-esmar.gal\/?s={search_term_string}\"},\"query-input\":{\"@type\":\"PropertyValueSpecification\",\"valueRequired\":true,\"valueName\":\"search_term_string\"}}],\"inLanguage\":\"es\"},{\"@type\":\"Organization\",\"@id\":\"https:\/\/rede-esmar.gal\/#organization\",\"name\":\"ES\u00b7MAR\",\"url\":\"https:\/\/rede-esmar.gal\/\",\"logo\":{\"@type\":\"ImageObject\",\"inLanguage\":\"es\",\"@id\":\"https:\/\/rede-esmar.gal\/#\/schema\/logo\/image\/\",\"url\":\"https:\/\/rede-esmar.gal\/wp-content\/uploads\/2025\/01\/logo-web-blanco-1.png\",\"contentUrl\":\"https:\/\/rede-esmar.gal\/wp-content\/uploads\/2025\/01\/logo-web-blanco-1.png\",\"width\":300,\"height\":99,\"caption\":\"ES\u00b7MAR\"},\"image\":{\"@id\":\"https:\/\/rede-esmar.gal\/#\/schema\/logo\/image\/\"}},{\"@type\":\"Person\",\"@id\":\"https:\/\/rede-esmar.gal\/#\/schema\/person\/139b8b85b73b930d041c72a3752be3a2\",\"name\":\"Equipo coordinaci\u00f3n\",\"image\":{\"@type\":\"ImageObject\",\"inLanguage\":\"es\",\"@id\":\"https:\/\/rede-esmar.gal\/#\/schema\/person\/image\/\",\"url\":\"https:\/\/secure.gravatar.com\/avatar\/489362bff200fce5cfc1d56577a36629?s=96&d=mm&r=g\",\"contentUrl\":\"https:\/\/secure.gravatar.com\/avatar\/489362bff200fce5cfc1d56577a36629?s=96&d=mm&r=g\",\"caption\":\"Equipo coordinaci\u00f3n\"},\"url\":\"https:\/\/rede-esmar.gal\/es\/author\/marta\/\"}]}<\/script>\n<!-- \/ Yoast SEO plugin. -->","yoast_head_json":{"title":"Villaverde reafirma o compromiso da Xunta co marisqueo con preto de 23 M\u20ac para recuperar os bancos afectados polos temporais - ES\u00b7MAR","robots":{"index":"index","follow":"follow","max-snippet":"max-snippet:-1","max-image-preview":"max-image-preview:large","max-video-preview":"max-video-preview:-1"},"canonical":"https:\/\/rede-esmar.gal\/es\/villaverde-reafirma-o-compromiso-da-xunta-co-marisqueo-con-preto-de-23-me-para-recuperar-os-bancos-afectados-polos-temporais\/","og_locale":"es_ES","og_type":"article","og_title":"Villaverde reafirma o compromiso da Xunta co marisqueo con preto de 23 M\u20ac para recuperar os bancos afectados polos temporais - ES\u00b7MAR","og_description":"A conselleira do Mar, Marta Villaverde, defendeu o 21 de abril no Pleno do Parlamento de Galicia a xesti\u00f3n da Xunta ante o episodio de mortalidade derivado dos temporais de comezos de ano. (...)","og_url":"https:\/\/rede-esmar.gal\/es\/villaverde-reafirma-o-compromiso-da-xunta-co-marisqueo-con-preto-de-23-me-para-recuperar-os-bancos-afectados-polos-temporais\/","og_site_name":"ES\u00b7MAR","article_published_time":"2026-04-28T08:14:11+00:00","article_modified_time":"2026-04-28T08:15:02+00:00","author":"Equipo coordinaci\u00f3n","twitter_card":"summary_large_image","twitter_misc":{"Escrito por":"Equipo coordinaci\u00f3n","Tiempo de lectura":"1 minuto"},"schema":{"@context":"https:\/\/schema.org","@graph":[{"@type":"Article","@id":"https:\/\/rede-esmar.gal\/villaverde-reafirma-o-compromiso-da-xunta-co-marisqueo-con-preto-de-23-me-para-recuperar-os-bancos-afectados-polos-temporais\/#article","isPartOf":{"@id":"https:\/\/rede-esmar.gal\/villaverde-reafirma-o-compromiso-da-xunta-co-marisqueo-con-preto-de-23-me-para-recuperar-os-bancos-afectados-polos-temporais\/"},"author":{"name":"Equipo coordinaci\u00f3n","@id":"https:\/\/rede-esmar.gal\/#\/schema\/person\/139b8b85b73b930d041c72a3752be3a2"},"headline":"Villaverde reafirma o compromiso da Xunta co marisqueo con preto de 23 M\u20ac para recuperar os bancos afectados polos temporais","datePublished":"2026-04-28T08:14:11+00:00","dateModified":"2026-04-28T08:15:02+00:00","mainEntityOfPage":{"@id":"https:\/\/rede-esmar.gal\/villaverde-reafirma-o-compromiso-da-xunta-co-marisqueo-con-preto-de-23-me-para-recuperar-os-bancos-afectados-polos-temporais\/"},"wordCount":201,"commentCount":0,"publisher":{"@id":"https:\/\/rede-esmar.gal\/#organization"},"articleSection":["Actualidade"],"inLanguage":"es","potentialAction":[{"@type":"CommentAction","name":"Comment","target":["https:\/\/rede-esmar.gal\/villaverde-reafirma-o-compromiso-da-xunta-co-marisqueo-con-preto-de-23-me-para-recuperar-os-bancos-afectados-polos-temporais\/#respond"]}]},{"@type":"WebPage","@id":"https:\/\/rede-esmar.gal\/villaverde-reafirma-o-compromiso-da-xunta-co-marisqueo-con-preto-de-23-me-para-recuperar-os-bancos-afectados-polos-temporais\/","url":"https:\/\/rede-esmar.gal\/villaverde-reafirma-o-compromiso-da-xunta-co-marisqueo-con-preto-de-23-me-para-recuperar-os-bancos-afectados-polos-temporais\/","name":"Villaverde reafirma o compromiso da Xunta co marisqueo con preto de 23 M\u20ac para recuperar os bancos afectados polos temporais - ES\u00b7MAR","isPartOf":{"@id":"https:\/\/rede-esmar.gal\/#website"},"datePublished":"2026-04-28T08:14:11+00:00","dateModified":"2026-04-28T08:15:02+00:00","breadcrumb":{"@id":"https:\/\/rede-esmar.gal\/villaverde-reafirma-o-compromiso-da-xunta-co-marisqueo-con-preto-de-23-me-para-recuperar-os-bancos-afectados-polos-temporais\/#breadcrumb"},"inLanguage":"es","potentialAction":[{"@type":"ReadAction","target":["https:\/\/rede-esmar.gal\/villaverde-reafirma-o-compromiso-da-xunta-co-marisqueo-con-preto-de-23-me-para-recuperar-os-bancos-afectados-polos-temporais\/"]}]},{"@type":"BreadcrumbList","@id":"https:\/\/rede-esmar.gal\/villaverde-reafirma-o-compromiso-da-xunta-co-marisqueo-con-preto-de-23-me-para-recuperar-os-bancos-afectados-polos-temporais\/#breadcrumb","itemListElement":[{"@type":"ListItem","position":1,"name":"Portada","item":"https:\/\/rede-esmar.gal\/"},{"@type":"ListItem","position":2,"name":"Villaverde reafirma o compromiso da Xunta co marisqueo con preto de 23 M\u20ac para recuperar os bancos afectados polos temporais"}]},{"@type":"WebSite","@id":"https:\/\/rede-esmar.gal\/#website","url":"https:\/\/rede-esmar.gal\/","name":"ES\u00b7MAR","description":"","publisher":{"@id":"https:\/\/rede-esmar.gal\/#organization"},"potentialAction":[{"@type":"SearchAction","target":{"@type":"EntryPoint","urlTemplate":"https:\/\/rede-esmar.gal\/?s={search_term_string}"},"query-input":{"@type":"PropertyValueSpecification","valueRequired":true,"valueName":"search_term_string"}}],"inLanguage":"es"},{"@type":"Organization","@id":"https:\/\/rede-esmar.gal\/#organization","name":"ES\u00b7MAR","url":"https:\/\/rede-esmar.gal\/","logo":{"@type":"ImageObject","inLanguage":"es","@id":"https:\/\/rede-esmar.gal\/#\/schema\/logo\/image\/","url":"https:\/\/rede-esmar.gal\/wp-content\/uploads\/2025\/01\/logo-web-blanco-1.png","contentUrl":"https:\/\/rede-esmar.gal\/wp-content\/uploads\/2025\/01\/logo-web-blanco-1.png","width":300,"height":99,"caption":"ES\u00b7MAR"},"image":{"@id":"https:\/\/rede-esmar.gal\/#\/schema\/logo\/image\/"}},{"@type":"Person","@id":"https:\/\/rede-esmar.gal\/#\/schema\/person\/139b8b85b73b930d041c72a3752be3a2","name":"Equipo coordinaci\u00f3n","image":{"@type":"ImageObject","inLanguage":"es","@id":"https:\/\/rede-esmar.gal\/#\/schema\/person\/image\/","url":"https:\/\/secure.gravatar.com\/avatar\/489362bff200fce5cfc1d56577a36629?s=96&d=mm&r=g","contentUrl":"https:\/\/secure.gravatar.com\/avatar\/489362bff200fce5cfc1d56577a36629?s=96&d=mm&r=g","caption":"Equipo coordinaci\u00f3n"},"url":"https:\/\/rede-esmar.gal\/es\/author\/marta\/"}]}},"jetpack_featured_media_url":"","jetpack_sharing_enabled":true,"_links":{"self":[{"href":"https:\/\/rede-esmar.gal\/es\/wp-json\/wp\/v2\/posts\/15830","targetHints":{"allow":["GET"]}}],"collection":[{"href":"https:\/\/rede-esmar.gal\/es\/wp-json\/wp\/v2\/posts"}],"about":[{"href":"https:\/\/rede-esmar.gal\/es\/wp-json\/wp\/v2\/types\/post"}],"author":[{"embeddable":true,"href":"https:\/\/rede-esmar.gal\/es\/wp-json\/wp\/v2\/users\/6"}],"replies":[{"embeddable":true,"href":"https:\/\/rede-esmar.gal\/es\/wp-json\/wp\/v2\/comments?post=15830"}],"version-history":[{"count":1,"href":"https:\/\/rede-esmar.gal\/es\/wp-json\/wp\/v2\/posts\/15830\/revisions"}],"predecessor-version":[{"id":15831,"href":"https:\/\/rede-esmar.gal\/es\/wp-json\/wp\/v2\/posts\/15830\/revisions\/15831"}],"wp:attachment":[{"href":"https:\/\/rede-esmar.gal\/es\/wp-json\/wp\/v2\/media?parent=15830"}],"wp:term":[{"taxonomy":"category","embeddable":true,"href":"https:\/\/rede-esmar.gal\/es\/wp-json\/wp\/v2\/categories?post=15830"},{"taxonomy":"post_tag","embeddable":true,"href":"https:\/\/rede-esmar.gal\/es\/wp-json\/wp\/v2\/tags?post=15830"}],"curies":[{"name":"wp","href":"https:\/\/api.w.org\/{rel}","templated":true}]}}