{"id":16370,"date":"2026-08-31T08:53:18","date_gmt":"2026-08-31T07:53:18","guid":{"rendered":"https:\/\/rede-esmar.gal\/?p=16370"},"modified":"2026-08-31T08:53:19","modified_gmt":"2026-08-31T07:53:19","slug":"jealsa-amplia-a-sua-concesion-no-porto-de-bodion-ata-2067-e-comprometese-con-8-millons-en-investimento","status":"publish","type":"post","link":"https:\/\/rede-esmar.gal\/es\/jealsa-amplia-a-sua-concesion-no-porto-de-bodion-ata-2067-e-comprometese-con-8-millons-en-investimento\/","title":{"rendered":"Jealsa ampl\u00eda su concesi\u00f3n en el puerto de Bodi\u00f3n hasta 2067 y compromete 8 millones en inversi\u00f3n"},"content":{"rendered":"<p class=\"wp-block-paragraph translation-block\">Jealsa Corporaci\u00f3n, una de las empresas conserveras de referencia de Galicia y Espa\u00f1a, recibi\u00f3 en noviembre de 2025 la ampliaci\u00f3n excepcional de su concesi\u00f3n en el puerto de Bodi\u00f3n (Boiro, A Coru\u00f1a) hasta junio de 2067, otorgada por Portos de Galicia. Esta semana, la conselleira do Mar, Marta Villaverde, visit\u00f3 sus instalaciones para conocer los planes de expansi\u00f3n de la compa\u00f1\u00eda. La concesi\u00f3n est\u00e1 vinculada a un compromiso de inversi\u00f3n de 8 millones de euros destinado a la modernizaci\u00f3n de las instalaciones, la mejora energ\u00e9tica, la construcci\u00f3n de una nueva nave y la reconstrucci\u00f3n de una instalaci\u00f3n industrial.\n\nLas instalaciones de Bodi\u00f3n generan alrededor de 1.200 empleos directos y el grupo en su conjunto cuenta con 3.600 profesionales. La empresa cerr\u00f3 2025 con una facturaci\u00f3n r\u00e9cord. La Xunta destac\u00f3 esta actuaci\u00f3n como ejemplo de su apuesta por evitar la deslocalizaci\u00f3n de la industria conservera gallega y por garantizar la continuidad del complejo mar-industria en el territorio.<\/p>\n\n\n\n<p class=\"wp-block-paragraph\">Fuente: Conseller\u00eda do Mar \u2013 Xunta de Galicia<br>Noticia | <a href=\"https:\/\/mar.xunta.gal\/es\/informacion\/noticias\/noticia?id=nova_027892.html&amp;time=08312026051345\">Xunta de Galicia<\/a><\/p>","protected":false},"excerpt":{"rendered":"<p>Jealsa Corporaci\u00f3n, una de las empresas conserveras de referencia de Galicia y Espa\u00f1a, recibi\u00f3 en noviembre de 2025 la ampliaci\u00f3n excepcional de su concesi\u00f3n en el puerto de Bodi\u00f3n (Boiro, A Coru\u00f1a) hasta junio de 2067, otorgada por Portos de Galicia. Esta semana, la conselleira do Mar, Marta Villaverde, visit\u00f3 sus instalaciones para conocer los planes de expansi\u00f3n de la compa\u00f1\u00eda. La concesi\u00f3n est\u00e1 vinculada a un compromiso de inversi\u00f3n de 8 millones de euros destinado a la modernizaci\u00f3n de las instalaciones, la mejora energ\u00e9tica, la construcci\u00f3n de una nueva nave y la reconstrucci\u00f3n de una instalaci\u00f3n industrial.<\/p>","protected":false},"author":6,"featured_media":0,"comment_status":"open","ping_status":"open","sticky":false,"template":"","format":"standard","meta":{"_acf_changed":false,"saved_in_kubio":false,"content-type":"","osom_blocks_metabox":"","_monsterinsights_skip_tracking":false,"_price":"","_stock":"","_tribe_ticket_header":"","_tribe_default_ticket_provider":"","_tribe_ticket_capacity":"0","_ticket_start_date":"","_ticket_end_date":"","_tribe_ticket_show_description":"","_tribe_ticket_show_not_going":false,"_tribe_ticket_use_global_stock":"","_tribe_ticket_global_stock_level":"","_global_stock_mode":"","_global_stock_cap":"","_tribe_rsvp_for_event":"","_tribe_ticket_going_count":"","_tribe_ticket_not_going_count":"","_tribe_tickets_list":"[]","_tribe_ticket_has_attendee_info_fields":false,"_EventAllDay":false,"_EventTimezone":"","_EventStartDate":"","_EventEndDate":"","_EventStartDateUTC":"","_EventEndDateUTC":"","_EventShowMap":false,"_EventShowMapLink":false,"_EventURL":"","_EventCost":"","_EventCostDescription":"","_EventCurrencySymbol":"","_EventCurrencyCode":"","_EventCurrencyPosition":"","_EventDateTimeSeparator":"","_EventTimeRangeSeparator":"","_EventOrganizerID":[],"_EventVenueID":[],"_OrganizerEmail":"","_OrganizerPhone":"","_OrganizerWebsite":"","_VenueAddress":"","_VenueCity":"","_VenueCountry":"","_VenueProvince":"","_VenueState":"","_VenueZip":"","_VenuePhone":"","_VenueURL":"","_VenueStateProvince":"","_VenueLat":"","_VenueLng":"","_VenueShowMap":false,"_VenueShowMapLink":false,"_jetpack_newsletter_access":"","_jetpack_dont_email_post_to_subs":false,"_jetpack_newsletter_tier_id":0,"_jetpack_memberships_contains_paywalled_content":false,"_jetpack_feature_clip_id":0,"_jetpack_memberships_contains_paid_content":false,"footnotes":"","jetpack_post_was_ever_published":false},"categories":[1],"tags":[],"class_list":["post-16370","post","type-post","status-publish","format-standard","hentry","category-actualidade"],"acf":[],"yoast_head":"<!-- This site is optimized with the Yoast SEO plugin v28.3 - https:\/\/yoast.com\/product\/yoast-seo-wordpress\/ -->\n<title>Jealsa ampl\u00eda a s\u00faa concesi\u00f3n no porto de Bodi\u00f3n ata 2067 e comprom\u00e9tese con 8 mill\u00f3ns en investimento - ES\u00b7MAR<\/title>\n<meta name=\"robots\" content=\"index, follow, max-snippet:-1, max-image-preview:large, max-video-preview:-1\" \/>\n<link rel=\"canonical\" href=\"https:\/\/rede-esmar.gal\/es\/jealsa-amplia-a-sua-concesion-no-porto-de-bodion-ata-2067-e-comprometese-con-8-millons-en-investimento\/\" \/>\n<meta property=\"og:locale\" content=\"es_ES\" \/>\n<meta property=\"og:type\" content=\"article\" \/>\n<meta property=\"og:title\" content=\"Jealsa ampl\u00eda a s\u00faa concesi\u00f3n no porto de Bodi\u00f3n ata 2067 e comprom\u00e9tese con 8 mill\u00f3ns en investimento - ES\u00b7MAR\" \/>\n<meta property=\"og:description\" content=\"Jealsa Corporaci\u00f3n, unha das empresas conserveiras de referencia de Galicia e Espa\u00f1a, recibiu en novembro de 2025 a ampliaci\u00f3n excepcional da s\u00faa concesi\u00f3n no porto de Bodi\u00f3n (Boiro, A Coru\u00f1a) ata xu\u00f1o de 2067, outorgada por Portos de Galicia. Esta semana a conselleira do Mar, Marta Villaverde, visitou as s\u00faas instalaci\u00f3ns para co\u00f1ecer os plans de expansi\u00f3n da compa\u00f1\u00eda. A concesi\u00f3n est\u00e1 vinculada a un compromiso de investimento de 8 mill\u00f3ns de euros en modernizaci\u00f3n das instalaci\u00f3ns, mellora enerx\u00e9tica, nova nave e reconstruci\u00f3n dunha instalaci\u00f3n industrial. (...)\" \/>\n<meta property=\"og:url\" content=\"https:\/\/rede-esmar.gal\/es\/jealsa-amplia-a-sua-concesion-no-porto-de-bodion-ata-2067-e-comprometese-con-8-millons-en-investimento\/\" \/>\n<meta property=\"og:site_name\" content=\"ES\u00b7MAR\" \/>\n<meta property=\"article:published_time\" content=\"2026-08-31T07:53:18+00:00\" \/>\n<meta property=\"article:modified_time\" content=\"2026-08-31T07:53:19+00:00\" \/>\n<meta name=\"author\" content=\"Equipo coordinaci\u00f3n\" \/>\n<meta name=\"twitter:card\" content=\"summary_large_image\" \/>\n<meta name=\"twitter:label1\" content=\"Escrito por\" \/>\n\t<meta name=\"twitter:data1\" content=\"Equipo coordinaci\u00f3n\" \/>\n\t<meta name=\"twitter:label2\" content=\"Tiempo de lectura\" \/>\n\t<meta name=\"twitter:data2\" content=\"1 minuto\" \/>\n<script type=\"application\/ld+json\" class=\"yoast-schema-graph\">{\"@context\":\"https:\\\/\\\/schema.org\",\"@graph\":[{\"@type\":\"Article\",\"@id\":\"https:\\\/\\\/rede-esmar.gal\\\/jealsa-amplia-a-sua-concesion-no-porto-de-bodion-ata-2067-e-comprometese-con-8-millons-en-investimento\\\/#article\",\"isPartOf\":{\"@id\":\"https:\\\/\\\/rede-esmar.gal\\\/jealsa-amplia-a-sua-concesion-no-porto-de-bodion-ata-2067-e-comprometese-con-8-millons-en-investimento\\\/\"},\"author\":{\"name\":\"Equipo coordinaci\u00f3n\",\"@id\":\"https:\\\/\\\/rede-esmar.gal\\\/#\\\/schema\\\/person\\\/139b8b85b73b930d041c72a3752be3a2\"},\"headline\":\"Jealsa ampl\u00eda a s\u00faa concesi\u00f3n no porto de Bodi\u00f3n ata 2067 e comprom\u00e9tese con 8 mill\u00f3ns en investimento\",\"datePublished\":\"2026-08-31T07:53:18+00:00\",\"dateModified\":\"2026-08-31T07:53:19+00:00\",\"mainEntityOfPage\":{\"@id\":\"https:\\\/\\\/rede-esmar.gal\\\/jealsa-amplia-a-sua-concesion-no-porto-de-bodion-ata-2067-e-comprometese-con-8-millons-en-investimento\\\/\"},\"wordCount\":196,\"commentCount\":0,\"publisher\":{\"@id\":\"https:\\\/\\\/rede-esmar.gal\\\/#organization\"},\"articleSection\":[\"Actualidade\"],\"inLanguage\":\"es\",\"potentialAction\":[{\"@type\":\"CommentAction\",\"name\":\"Comment\",\"target\":[\"https:\\\/\\\/rede-esmar.gal\\\/jealsa-amplia-a-sua-concesion-no-porto-de-bodion-ata-2067-e-comprometese-con-8-millons-en-investimento\\\/#respond\"]}]},{\"@type\":\"WebPage\",\"@id\":\"https:\\\/\\\/rede-esmar.gal\\\/jealsa-amplia-a-sua-concesion-no-porto-de-bodion-ata-2067-e-comprometese-con-8-millons-en-investimento\\\/\",\"url\":\"https:\\\/\\\/rede-esmar.gal\\\/jealsa-amplia-a-sua-concesion-no-porto-de-bodion-ata-2067-e-comprometese-con-8-millons-en-investimento\\\/\",\"name\":\"Jealsa ampl\u00eda a s\u00faa concesi\u00f3n no porto de Bodi\u00f3n ata 2067 e comprom\u00e9tese con 8 mill\u00f3ns en investimento - ES\u00b7MAR\",\"isPartOf\":{\"@id\":\"https:\\\/\\\/rede-esmar.gal\\\/#website\"},\"datePublished\":\"2026-08-31T07:53:18+00:00\",\"dateModified\":\"2026-08-31T07:53:19+00:00\",\"breadcrumb\":{\"@id\":\"https:\\\/\\\/rede-esmar.gal\\\/jealsa-amplia-a-sua-concesion-no-porto-de-bodion-ata-2067-e-comprometese-con-8-millons-en-investimento\\\/#breadcrumb\"},\"inLanguage\":\"es\",\"potentialAction\":[{\"@type\":\"ReadAction\",\"target\":[\"https:\\\/\\\/rede-esmar.gal\\\/jealsa-amplia-a-sua-concesion-no-porto-de-bodion-ata-2067-e-comprometese-con-8-millons-en-investimento\\\/\"]}]},{\"@type\":\"BreadcrumbList\",\"@id\":\"https:\\\/\\\/rede-esmar.gal\\\/jealsa-amplia-a-sua-concesion-no-porto-de-bodion-ata-2067-e-comprometese-con-8-millons-en-investimento\\\/#breadcrumb\",\"itemListElement\":[{\"@type\":\"ListItem\",\"position\":1,\"name\":\"Portada\",\"item\":\"https:\\\/\\\/rede-esmar.gal\\\/\"},{\"@type\":\"ListItem\",\"position\":2,\"name\":\"Jealsa ampl\u00eda a s\u00faa concesi\u00f3n no porto de Bodi\u00f3n ata 2067 e comprom\u00e9tese con 8 mill\u00f3ns en investimento\"}]},{\"@type\":\"WebSite\",\"@id\":\"https:\\\/\\\/rede-esmar.gal\\\/#website\",\"url\":\"https:\\\/\\\/rede-esmar.gal\\\/\",\"name\":\"ES\u00b7MAR\",\"description\":\"\",\"publisher\":{\"@id\":\"https:\\\/\\\/rede-esmar.gal\\\/#organization\"},\"potentialAction\":[{\"@type\":\"SearchAction\",\"target\":{\"@type\":\"EntryPoint\",\"urlTemplate\":\"https:\\\/\\\/rede-esmar.gal\\\/?s={search_term_string}\"},\"query-input\":{\"@type\":\"PropertyValueSpecification\",\"valueRequired\":true,\"valueName\":\"search_term_string\"}}],\"inLanguage\":\"es\"},{\"@type\":\"Organization\",\"@id\":\"https:\\\/\\\/rede-esmar.gal\\\/#organization\",\"name\":\"ES\u00b7MAR\",\"url\":\"https:\\\/\\\/rede-esmar.gal\\\/\",\"logo\":{\"@type\":\"ImageObject\",\"inLanguage\":\"es\",\"@id\":\"https:\\\/\\\/rede-esmar.gal\\\/#\\\/schema\\\/logo\\\/image\\\/\",\"url\":\"https:\\\/\\\/rede-esmar.gal\\\/wp-content\\\/uploads\\\/2025\\\/01\\\/logo-web-blanco-1.png\",\"contentUrl\":\"https:\\\/\\\/rede-esmar.gal\\\/wp-content\\\/uploads\\\/2025\\\/01\\\/logo-web-blanco-1.png\",\"width\":300,\"height\":99,\"caption\":\"ES\u00b7MAR\"},\"image\":{\"@id\":\"https:\\\/\\\/rede-esmar.gal\\\/#\\\/schema\\\/logo\\\/image\\\/\"}},{\"@type\":\"Person\",\"@id\":\"https:\\\/\\\/rede-esmar.gal\\\/#\\\/schema\\\/person\\\/139b8b85b73b930d041c72a3752be3a2\",\"name\":\"Equipo coordinaci\u00f3n\",\"image\":{\"@type\":\"ImageObject\",\"inLanguage\":\"es\",\"@id\":\"https:\\\/\\\/secure.gravatar.com\\\/avatar\\\/1657796bae48b176549583af5705703e508f48da5381d1fe2483d52d5e348589?s=96&d=mm&r=g\",\"url\":\"https:\\\/\\\/secure.gravatar.com\\\/avatar\\\/1657796bae48b176549583af5705703e508f48da5381d1fe2483d52d5e348589?s=96&d=mm&r=g\",\"contentUrl\":\"https:\\\/\\\/secure.gravatar.com\\\/avatar\\\/1657796bae48b176549583af5705703e508f48da5381d1fe2483d52d5e348589?s=96&d=mm&r=g\",\"caption\":\"Equipo coordinaci\u00f3n\"},\"url\":\"https:\\\/\\\/rede-esmar.gal\\\/es\\\/author\\\/marta\\\/\"}]}<\/script>\n<!-- \/ Yoast SEO plugin. -->","yoast_head_json":{"title":"Jealsa ampl\u00eda a s\u00faa concesi\u00f3n no porto de Bodi\u00f3n ata 2067 e comprom\u00e9tese con 8 mill\u00f3ns en investimento - ES\u00b7MAR","robots":{"index":"index","follow":"follow","max-snippet":"max-snippet:-1","max-image-preview":"max-image-preview:large","max-video-preview":"max-video-preview:-1"},"canonical":"https:\/\/rede-esmar.gal\/es\/jealsa-amplia-a-sua-concesion-no-porto-de-bodion-ata-2067-e-comprometese-con-8-millons-en-investimento\/","og_locale":"es_ES","og_type":"article","og_title":"Jealsa ampl\u00eda a s\u00faa concesi\u00f3n no porto de Bodi\u00f3n ata 2067 e comprom\u00e9tese con 8 mill\u00f3ns en investimento - ES\u00b7MAR","og_description":"Jealsa Corporaci\u00f3n, unha das empresas conserveiras de referencia de Galicia e Espa\u00f1a, recibiu en novembro de 2025 a ampliaci\u00f3n excepcional da s\u00faa concesi\u00f3n no porto de Bodi\u00f3n (Boiro, A Coru\u00f1a) ata xu\u00f1o de 2067, outorgada por Portos de Galicia. Esta semana a conselleira do Mar, Marta Villaverde, visitou as s\u00faas instalaci\u00f3ns para co\u00f1ecer os plans de expansi\u00f3n da compa\u00f1\u00eda. A concesi\u00f3n est\u00e1 vinculada a un compromiso de investimento de 8 mill\u00f3ns de euros en modernizaci\u00f3n das instalaci\u00f3ns, mellora enerx\u00e9tica, nova nave e reconstruci\u00f3n dunha instalaci\u00f3n industrial. (...)","og_url":"https:\/\/rede-esmar.gal\/es\/jealsa-amplia-a-sua-concesion-no-porto-de-bodion-ata-2067-e-comprometese-con-8-millons-en-investimento\/","og_site_name":"ES\u00b7MAR","article_published_time":"2026-08-31T07:53:18+00:00","article_modified_time":"2026-08-31T07:53:19+00:00","author":"Equipo coordinaci\u00f3n","twitter_card":"summary_large_image","twitter_misc":{"Escrito por":"Equipo coordinaci\u00f3n","Tiempo de lectura":"1 minuto"},"schema":{"@context":"https:\/\/schema.org","@graph":[{"@type":"Article","@id":"https:\/\/rede-esmar.gal\/jealsa-amplia-a-sua-concesion-no-porto-de-bodion-ata-2067-e-comprometese-con-8-millons-en-investimento\/#article","isPartOf":{"@id":"https:\/\/rede-esmar.gal\/jealsa-amplia-a-sua-concesion-no-porto-de-bodion-ata-2067-e-comprometese-con-8-millons-en-investimento\/"},"author":{"name":"Equipo coordinaci\u00f3n","@id":"https:\/\/rede-esmar.gal\/#\/schema\/person\/139b8b85b73b930d041c72a3752be3a2"},"headline":"Jealsa ampl\u00eda a s\u00faa concesi\u00f3n no porto de Bodi\u00f3n ata 2067 e comprom\u00e9tese con 8 mill\u00f3ns en investimento","datePublished":"2026-08-31T07:53:18+00:00","dateModified":"2026-08-31T07:53:19+00:00","mainEntityOfPage":{"@id":"https:\/\/rede-esmar.gal\/jealsa-amplia-a-sua-concesion-no-porto-de-bodion-ata-2067-e-comprometese-con-8-millons-en-investimento\/"},"wordCount":196,"commentCount":0,"publisher":{"@id":"https:\/\/rede-esmar.gal\/#organization"},"articleSection":["Actualidade"],"inLanguage":"es","potentialAction":[{"@type":"CommentAction","name":"Comment","target":["https:\/\/rede-esmar.gal\/jealsa-amplia-a-sua-concesion-no-porto-de-bodion-ata-2067-e-comprometese-con-8-millons-en-investimento\/#respond"]}]},{"@type":"WebPage","@id":"https:\/\/rede-esmar.gal\/jealsa-amplia-a-sua-concesion-no-porto-de-bodion-ata-2067-e-comprometese-con-8-millons-en-investimento\/","url":"https:\/\/rede-esmar.gal\/jealsa-amplia-a-sua-concesion-no-porto-de-bodion-ata-2067-e-comprometese-con-8-millons-en-investimento\/","name":"Jealsa ampl\u00eda a s\u00faa concesi\u00f3n no porto de Bodi\u00f3n ata 2067 e comprom\u00e9tese con 8 mill\u00f3ns en investimento - ES\u00b7MAR","isPartOf":{"@id":"https:\/\/rede-esmar.gal\/#website"},"datePublished":"2026-08-31T07:53:18+00:00","dateModified":"2026-08-31T07:53:19+00:00","breadcrumb":{"@id":"https:\/\/rede-esmar.gal\/jealsa-amplia-a-sua-concesion-no-porto-de-bodion-ata-2067-e-comprometese-con-8-millons-en-investimento\/#breadcrumb"},"inLanguage":"es","potentialAction":[{"@type":"ReadAction","target":["https:\/\/rede-esmar.gal\/jealsa-amplia-a-sua-concesion-no-porto-de-bodion-ata-2067-e-comprometese-con-8-millons-en-investimento\/"]}]},{"@type":"BreadcrumbList","@id":"https:\/\/rede-esmar.gal\/jealsa-amplia-a-sua-concesion-no-porto-de-bodion-ata-2067-e-comprometese-con-8-millons-en-investimento\/#breadcrumb","itemListElement":[{"@type":"ListItem","position":1,"name":"Portada","item":"https:\/\/rede-esmar.gal\/"},{"@type":"ListItem","position":2,"name":"Jealsa ampl\u00eda a s\u00faa concesi\u00f3n no porto de Bodi\u00f3n ata 2067 e comprom\u00e9tese con 8 mill\u00f3ns en investimento"}]},{"@type":"WebSite","@id":"https:\/\/rede-esmar.gal\/#website","url":"https:\/\/rede-esmar.gal\/","name":"ES\u00b7MAR","description":"","publisher":{"@id":"https:\/\/rede-esmar.gal\/#organization"},"potentialAction":[{"@type":"SearchAction","target":{"@type":"EntryPoint","urlTemplate":"https:\/\/rede-esmar.gal\/?s={search_term_string}"},"query-input":{"@type":"PropertyValueSpecification","valueRequired":true,"valueName":"search_term_string"}}],"inLanguage":"es"},{"@type":"Organization","@id":"https:\/\/rede-esmar.gal\/#organization","name":"ES\u00b7MAR","url":"https:\/\/rede-esmar.gal\/","logo":{"@type":"ImageObject","inLanguage":"es","@id":"https:\/\/rede-esmar.gal\/#\/schema\/logo\/image\/","url":"https:\/\/rede-esmar.gal\/wp-content\/uploads\/2025\/01\/logo-web-blanco-1.png","contentUrl":"https:\/\/rede-esmar.gal\/wp-content\/uploads\/2025\/01\/logo-web-blanco-1.png","width":300,"height":99,"caption":"ES\u00b7MAR"},"image":{"@id":"https:\/\/rede-esmar.gal\/#\/schema\/logo\/image\/"}},{"@type":"Person","@id":"https:\/\/rede-esmar.gal\/#\/schema\/person\/139b8b85b73b930d041c72a3752be3a2","name":"Equipo coordinaci\u00f3n","image":{"@type":"ImageObject","inLanguage":"es","@id":"https:\/\/secure.gravatar.com\/avatar\/1657796bae48b176549583af5705703e508f48da5381d1fe2483d52d5e348589?s=96&d=mm&r=g","url":"https:\/\/secure.gravatar.com\/avatar\/1657796bae48b176549583af5705703e508f48da5381d1fe2483d52d5e348589?s=96&d=mm&r=g","contentUrl":"https:\/\/secure.gravatar.com\/avatar\/1657796bae48b176549583af5705703e508f48da5381d1fe2483d52d5e348589?s=96&d=mm&r=g","caption":"Equipo coordinaci\u00f3n"},"url":"https:\/\/rede-esmar.gal\/es\/author\/marta\/"}]}},"jetpack_sharing_enabled":true,"jetpack_featured_media_url":"","_links":{"self":[{"href":"https:\/\/rede-esmar.gal\/es\/wp-json\/wp\/v2\/posts\/16370","targetHints":{"allow":["GET"]}}],"collection":[{"href":"https:\/\/rede-esmar.gal\/es\/wp-json\/wp\/v2\/posts"}],"about":[{"href":"https:\/\/rede-esmar.gal\/es\/wp-json\/wp\/v2\/types\/post"}],"author":[{"embeddable":true,"href":"https:\/\/rede-esmar.gal\/es\/wp-json\/wp\/v2\/users\/6"}],"replies":[{"embeddable":true,"href":"https:\/\/rede-esmar.gal\/es\/wp-json\/wp\/v2\/comments?post=16370"}],"version-history":[{"count":2,"href":"https:\/\/rede-esmar.gal\/es\/wp-json\/wp\/v2\/posts\/16370\/revisions"}],"predecessor-version":[{"id":16372,"href":"https:\/\/rede-esmar.gal\/es\/wp-json\/wp\/v2\/posts\/16370\/revisions\/16372"}],"wp:attachment":[{"href":"https:\/\/rede-esmar.gal\/es\/wp-json\/wp\/v2\/media?parent=16370"}],"wp:term":[{"taxonomy":"category","embeddable":true,"href":"https:\/\/rede-esmar.gal\/es\/wp-json\/wp\/v2\/categories?post=16370"},{"taxonomy":"post_tag","embeddable":true,"href":"https:\/\/rede-esmar.gal\/es\/wp-json\/wp\/v2\/tags?post=16370"}],"curies":[{"name":"wp","href":"https:\/\/api.w.org\/{rel}","templated":true}]}}