{"id":16373,"date":"2026-08-31T08:53:08","date_gmt":"2026-08-31T07:53:08","guid":{"rendered":"https:\/\/rede-esmar.gal\/?p=16373"},"modified":"2026-08-31T08:53:09","modified_gmt":"2026-08-31T07:53:09","slug":"a-xunta-apoia-as-mariscadoras-do-anllons-cun-convenio-de-60-000-e-tras-os-danos-dos-temporais","status":"publish","type":"post","link":"https:\/\/rede-esmar.gal\/es\/a-xunta-apoia-as-mariscadoras-do-anllons-cun-convenio-de-60-000-e-tras-os-danos-dos-temporais\/","title":{"rendered":"La Xunta apoya a las mariscadoras del Anll\u00f3ns con un convenio de 60.000 \u20ac tras los da\u00f1os de los temporales"},"content":{"rendered":"<p class=\"wp-block-paragraph translation-block\">La Conseller\u00eda do Mar mantiene con la Agrupaci\u00f3n de Mariscadoras do R\u00edo Anll\u00f3ns (Cabana de Berganti\u00f1os, A Coru\u00f1a) un convenio de 60.254,80 euros, cofinanciado por el FEMPA, para regenerar 118.254 metros cuadrados de zonas productivas afectadas por las intensas borrascas de principios de 2026. La actividad extractiva en la zona permanece suspendida desde finales de febrero para permitir la recuperaci\u00f3n de los recursos de berberecho y almeja.\n\nLas actuaciones incluyen remoci\u00f3n del sustrato, retirada de basura marina y macroalgas, traslados de bivalvos entre bancos y control de depredadores. El convenio permite incorporar progresivamente entre 5 y 11 mariscadoras a las tareas de regeneraci\u00f3n, con una compensaci\u00f3n de hasta 700 euros mensuales. Adem\u00e1s, la agrupaci\u00f3n desarroll\u00f3 un proyecto de trazabilidad e innovaci\u00f3n digital por valor de 55.094 euros (ayuda p\u00fablica de 51.997,72 \u20ac), seleccionado como buena pr\u00e1ctica por la Red Espa\u00f1ola de Grupos de Pesca.<\/p>\n\n\n\n<p class=\"wp-block-paragraph\">Fuente: Conseller\u00eda do Mar \u2013 Xunta de Galicia<br>Noticia | <a href=\"https:\/\/mar.xunta.gal\/es\/informacion\/noticias\/noticia?id=nova_027866.html&amp;time=08312026051345\">Xunta de Galicia<\/a><\/p>","protected":false},"excerpt":{"rendered":"<p>La Conseller\u00eda do Mar mantiene con la Agrupaci\u00f3n de Mariscadoras do R\u00edo Anll\u00f3ns (Cabana de Berganti\u00f1os, A Coru\u00f1a) un convenio de 60.254,80 euros, cofinanciado por el FEMPA, para regenerar 118.254 metros cuadrados de zonas productivas afectadas por las intensas borrascas de principios de 2026. La actividad extractiva en la zona permanece suspendida desde finales de febrero para permitir la recuperaci\u00f3n de los recursos de berberecho y almeja. Las actuaciones incluyen remoci\u00f3n del sustrato, retirada de basura marina y macroalgas, traslados de bivalvos entre bancos y control de depredadores.<\/p>","protected":false},"author":6,"featured_media":0,"comment_status":"open","ping_status":"open","sticky":false,"template":"","format":"standard","meta":{"_acf_changed":false,"saved_in_kubio":false,"content-type":"","osom_blocks_metabox":"","_monsterinsights_skip_tracking":false,"_price":"","_stock":"","_tribe_ticket_header":"","_tribe_default_ticket_provider":"","_tribe_ticket_capacity":"0","_ticket_start_date":"","_ticket_end_date":"","_tribe_ticket_show_description":"","_tribe_ticket_show_not_going":false,"_tribe_ticket_use_global_stock":"","_tribe_ticket_global_stock_level":"","_global_stock_mode":"","_global_stock_cap":"","_tribe_rsvp_for_event":"","_tribe_ticket_going_count":"","_tribe_ticket_not_going_count":"","_tribe_tickets_list":"[]","_tribe_ticket_has_attendee_info_fields":false,"_EventAllDay":false,"_EventTimezone":"","_EventStartDate":"","_EventEndDate":"","_EventStartDateUTC":"","_EventEndDateUTC":"","_EventShowMap":false,"_EventShowMapLink":false,"_EventURL":"","_EventCost":"","_EventCostDescription":"","_EventCurrencySymbol":"","_EventCurrencyCode":"","_EventCurrencyPosition":"","_EventDateTimeSeparator":"","_EventTimeRangeSeparator":"","_EventOrganizerID":[],"_EventVenueID":[],"_OrganizerEmail":"","_OrganizerPhone":"","_OrganizerWebsite":"","_VenueAddress":"","_VenueCity":"","_VenueCountry":"","_VenueProvince":"","_VenueState":"","_VenueZip":"","_VenuePhone":"","_VenueURL":"","_VenueStateProvince":"","_VenueLat":"","_VenueLng":"","_VenueShowMap":false,"_VenueShowMapLink":false,"_jetpack_newsletter_access":"","_jetpack_dont_email_post_to_subs":false,"_jetpack_newsletter_tier_id":0,"_jetpack_memberships_contains_paywalled_content":false,"_jetpack_feature_clip_id":0,"_jetpack_memberships_contains_paid_content":false,"footnotes":"","jetpack_post_was_ever_published":false},"categories":[1],"tags":[],"class_list":["post-16373","post","type-post","status-publish","format-standard","hentry","category-actualidade"],"acf":[],"yoast_head":"<!-- This site is optimized with the Yoast SEO plugin v28.3 - https:\/\/yoast.com\/product\/yoast-seo-wordpress\/ -->\n<title>A Xunta apoia as mariscadoras do Anll\u00f3ns cun convenio de 60.000 \u20ac tras os danos dos temporais - ES\u00b7MAR<\/title>\n<meta name=\"robots\" content=\"index, follow, max-snippet:-1, max-image-preview:large, max-video-preview:-1\" \/>\n<link rel=\"canonical\" href=\"https:\/\/rede-esmar.gal\/es\/a-xunta-apoia-as-mariscadoras-do-anllons-cun-convenio-de-60-000-e-tras-os-danos-dos-temporais\/\" \/>\n<meta property=\"og:locale\" content=\"es_ES\" \/>\n<meta property=\"og:type\" content=\"article\" \/>\n<meta property=\"og:title\" content=\"A Xunta apoia as mariscadoras do Anll\u00f3ns cun convenio de 60.000 \u20ac tras os danos dos temporais - ES\u00b7MAR\" \/>\n<meta property=\"og:description\" content=\"A Conseller\u00eda do Mar mant\u00e9n coa Agrupaci\u00f3n de Mariscadoras do R\u00edo Anll\u00f3ns (Cabana de Berganti\u00f1os, A Coru\u00f1a) un convenio de 60.254,80 euros, cofinanciado polo Fondo Europeo Mar\u00edtimo, de Pesca e de Acuicultura (FEMPA), para rexenerar 118.254 metros cadrados de zonas produtivas afectadas polas intensas borrascas de principios de 2026. A actividade extractiva na zona permanece suspendida desde finais de febreiro para permitir a recuperaci\u00f3n dos recursos de berberecho e ameixa. (...)\" \/>\n<meta property=\"og:url\" content=\"https:\/\/rede-esmar.gal\/es\/a-xunta-apoia-as-mariscadoras-do-anllons-cun-convenio-de-60-000-e-tras-os-danos-dos-temporais\/\" \/>\n<meta property=\"og:site_name\" content=\"ES\u00b7MAR\" \/>\n<meta property=\"article:published_time\" content=\"2026-08-31T07:53:08+00:00\" \/>\n<meta property=\"article:modified_time\" content=\"2026-08-31T07:53:09+00:00\" \/>\n<meta name=\"author\" content=\"Equipo coordinaci\u00f3n\" \/>\n<meta name=\"twitter:card\" content=\"summary_large_image\" \/>\n<meta name=\"twitter:label1\" content=\"Escrito por\" \/>\n\t<meta name=\"twitter:data1\" content=\"Equipo coordinaci\u00f3n\" \/>\n\t<meta name=\"twitter:label2\" content=\"Tiempo de lectura\" \/>\n\t<meta name=\"twitter:data2\" content=\"1 minuto\" \/>\n<script type=\"application\/ld+json\" class=\"yoast-schema-graph\">{\"@context\":\"https:\\\/\\\/schema.org\",\"@graph\":[{\"@type\":\"Article\",\"@id\":\"https:\\\/\\\/rede-esmar.gal\\\/a-xunta-apoia-as-mariscadoras-do-anllons-cun-convenio-de-60-000-e-tras-os-danos-dos-temporais\\\/#article\",\"isPartOf\":{\"@id\":\"https:\\\/\\\/rede-esmar.gal\\\/a-xunta-apoia-as-mariscadoras-do-anllons-cun-convenio-de-60-000-e-tras-os-danos-dos-temporais\\\/\"},\"author\":{\"name\":\"Equipo coordinaci\u00f3n\",\"@id\":\"https:\\\/\\\/rede-esmar.gal\\\/#\\\/schema\\\/person\\\/139b8b85b73b930d041c72a3752be3a2\"},\"headline\":\"A Xunta apoia as mariscadoras do Anll\u00f3ns cun convenio de 60.000 \u20ac tras os danos dos temporais\",\"datePublished\":\"2026-08-31T07:53:08+00:00\",\"dateModified\":\"2026-08-31T07:53:09+00:00\",\"mainEntityOfPage\":{\"@id\":\"https:\\\/\\\/rede-esmar.gal\\\/a-xunta-apoia-as-mariscadoras-do-anllons-cun-convenio-de-60-000-e-tras-os-danos-dos-temporais\\\/\"},\"wordCount\":188,\"commentCount\":0,\"publisher\":{\"@id\":\"https:\\\/\\\/rede-esmar.gal\\\/#organization\"},\"articleSection\":[\"Actualidade\"],\"inLanguage\":\"es\",\"potentialAction\":[{\"@type\":\"CommentAction\",\"name\":\"Comment\",\"target\":[\"https:\\\/\\\/rede-esmar.gal\\\/a-xunta-apoia-as-mariscadoras-do-anllons-cun-convenio-de-60-000-e-tras-os-danos-dos-temporais\\\/#respond\"]}]},{\"@type\":\"WebPage\",\"@id\":\"https:\\\/\\\/rede-esmar.gal\\\/a-xunta-apoia-as-mariscadoras-do-anllons-cun-convenio-de-60-000-e-tras-os-danos-dos-temporais\\\/\",\"url\":\"https:\\\/\\\/rede-esmar.gal\\\/a-xunta-apoia-as-mariscadoras-do-anllons-cun-convenio-de-60-000-e-tras-os-danos-dos-temporais\\\/\",\"name\":\"A Xunta apoia as mariscadoras do Anll\u00f3ns cun convenio de 60.000 \u20ac tras os danos dos temporais - ES\u00b7MAR\",\"isPartOf\":{\"@id\":\"https:\\\/\\\/rede-esmar.gal\\\/#website\"},\"datePublished\":\"2026-08-31T07:53:08+00:00\",\"dateModified\":\"2026-08-31T07:53:09+00:00\",\"breadcrumb\":{\"@id\":\"https:\\\/\\\/rede-esmar.gal\\\/a-xunta-apoia-as-mariscadoras-do-anllons-cun-convenio-de-60-000-e-tras-os-danos-dos-temporais\\\/#breadcrumb\"},\"inLanguage\":\"es\",\"potentialAction\":[{\"@type\":\"ReadAction\",\"target\":[\"https:\\\/\\\/rede-esmar.gal\\\/a-xunta-apoia-as-mariscadoras-do-anllons-cun-convenio-de-60-000-e-tras-os-danos-dos-temporais\\\/\"]}]},{\"@type\":\"BreadcrumbList\",\"@id\":\"https:\\\/\\\/rede-esmar.gal\\\/a-xunta-apoia-as-mariscadoras-do-anllons-cun-convenio-de-60-000-e-tras-os-danos-dos-temporais\\\/#breadcrumb\",\"itemListElement\":[{\"@type\":\"ListItem\",\"position\":1,\"name\":\"Portada\",\"item\":\"https:\\\/\\\/rede-esmar.gal\\\/\"},{\"@type\":\"ListItem\",\"position\":2,\"name\":\"A Xunta apoia as mariscadoras do Anll\u00f3ns cun convenio de 60.000 \u20ac tras os danos dos temporais\"}]},{\"@type\":\"WebSite\",\"@id\":\"https:\\\/\\\/rede-esmar.gal\\\/#website\",\"url\":\"https:\\\/\\\/rede-esmar.gal\\\/\",\"name\":\"ES\u00b7MAR\",\"description\":\"\",\"publisher\":{\"@id\":\"https:\\\/\\\/rede-esmar.gal\\\/#organization\"},\"potentialAction\":[{\"@type\":\"SearchAction\",\"target\":{\"@type\":\"EntryPoint\",\"urlTemplate\":\"https:\\\/\\\/rede-esmar.gal\\\/?s={search_term_string}\"},\"query-input\":{\"@type\":\"PropertyValueSpecification\",\"valueRequired\":true,\"valueName\":\"search_term_string\"}}],\"inLanguage\":\"es\"},{\"@type\":\"Organization\",\"@id\":\"https:\\\/\\\/rede-esmar.gal\\\/#organization\",\"name\":\"ES\u00b7MAR\",\"url\":\"https:\\\/\\\/rede-esmar.gal\\\/\",\"logo\":{\"@type\":\"ImageObject\",\"inLanguage\":\"es\",\"@id\":\"https:\\\/\\\/rede-esmar.gal\\\/#\\\/schema\\\/logo\\\/image\\\/\",\"url\":\"https:\\\/\\\/rede-esmar.gal\\\/wp-content\\\/uploads\\\/2025\\\/01\\\/logo-web-blanco-1.png\",\"contentUrl\":\"https:\\\/\\\/rede-esmar.gal\\\/wp-content\\\/uploads\\\/2025\\\/01\\\/logo-web-blanco-1.png\",\"width\":300,\"height\":99,\"caption\":\"ES\u00b7MAR\"},\"image\":{\"@id\":\"https:\\\/\\\/rede-esmar.gal\\\/#\\\/schema\\\/logo\\\/image\\\/\"}},{\"@type\":\"Person\",\"@id\":\"https:\\\/\\\/rede-esmar.gal\\\/#\\\/schema\\\/person\\\/139b8b85b73b930d041c72a3752be3a2\",\"name\":\"Equipo coordinaci\u00f3n\",\"image\":{\"@type\":\"ImageObject\",\"inLanguage\":\"es\",\"@id\":\"https:\\\/\\\/secure.gravatar.com\\\/avatar\\\/1657796bae48b176549583af5705703e508f48da5381d1fe2483d52d5e348589?s=96&d=mm&r=g\",\"url\":\"https:\\\/\\\/secure.gravatar.com\\\/avatar\\\/1657796bae48b176549583af5705703e508f48da5381d1fe2483d52d5e348589?s=96&d=mm&r=g\",\"contentUrl\":\"https:\\\/\\\/secure.gravatar.com\\\/avatar\\\/1657796bae48b176549583af5705703e508f48da5381d1fe2483d52d5e348589?s=96&d=mm&r=g\",\"caption\":\"Equipo coordinaci\u00f3n\"},\"url\":\"https:\\\/\\\/rede-esmar.gal\\\/es\\\/author\\\/marta\\\/\"}]}<\/script>\n<!-- \/ Yoast SEO plugin. -->","yoast_head_json":{"title":"A Xunta apoia as mariscadoras do Anll\u00f3ns cun convenio de 60.000 \u20ac tras os danos dos temporais - ES\u00b7MAR","robots":{"index":"index","follow":"follow","max-snippet":"max-snippet:-1","max-image-preview":"max-image-preview:large","max-video-preview":"max-video-preview:-1"},"canonical":"https:\/\/rede-esmar.gal\/es\/a-xunta-apoia-as-mariscadoras-do-anllons-cun-convenio-de-60-000-e-tras-os-danos-dos-temporais\/","og_locale":"es_ES","og_type":"article","og_title":"A Xunta apoia as mariscadoras do Anll\u00f3ns cun convenio de 60.000 \u20ac tras os danos dos temporais - ES\u00b7MAR","og_description":"A Conseller\u00eda do Mar mant\u00e9n coa Agrupaci\u00f3n de Mariscadoras do R\u00edo Anll\u00f3ns (Cabana de Berganti\u00f1os, A Coru\u00f1a) un convenio de 60.254,80 euros, cofinanciado polo Fondo Europeo Mar\u00edtimo, de Pesca e de Acuicultura (FEMPA), para rexenerar 118.254 metros cadrados de zonas produtivas afectadas polas intensas borrascas de principios de 2026. A actividade extractiva na zona permanece suspendida desde finais de febreiro para permitir a recuperaci\u00f3n dos recursos de berberecho e ameixa. (...)","og_url":"https:\/\/rede-esmar.gal\/es\/a-xunta-apoia-as-mariscadoras-do-anllons-cun-convenio-de-60-000-e-tras-os-danos-dos-temporais\/","og_site_name":"ES\u00b7MAR","article_published_time":"2026-08-31T07:53:08+00:00","article_modified_time":"2026-08-31T07:53:09+00:00","author":"Equipo coordinaci\u00f3n","twitter_card":"summary_large_image","twitter_misc":{"Escrito por":"Equipo coordinaci\u00f3n","Tiempo de lectura":"1 minuto"},"schema":{"@context":"https:\/\/schema.org","@graph":[{"@type":"Article","@id":"https:\/\/rede-esmar.gal\/a-xunta-apoia-as-mariscadoras-do-anllons-cun-convenio-de-60-000-e-tras-os-danos-dos-temporais\/#article","isPartOf":{"@id":"https:\/\/rede-esmar.gal\/a-xunta-apoia-as-mariscadoras-do-anllons-cun-convenio-de-60-000-e-tras-os-danos-dos-temporais\/"},"author":{"name":"Equipo coordinaci\u00f3n","@id":"https:\/\/rede-esmar.gal\/#\/schema\/person\/139b8b85b73b930d041c72a3752be3a2"},"headline":"A Xunta apoia as mariscadoras do Anll\u00f3ns cun convenio de 60.000 \u20ac tras os danos dos temporais","datePublished":"2026-08-31T07:53:08+00:00","dateModified":"2026-08-31T07:53:09+00:00","mainEntityOfPage":{"@id":"https:\/\/rede-esmar.gal\/a-xunta-apoia-as-mariscadoras-do-anllons-cun-convenio-de-60-000-e-tras-os-danos-dos-temporais\/"},"wordCount":188,"commentCount":0,"publisher":{"@id":"https:\/\/rede-esmar.gal\/#organization"},"articleSection":["Actualidade"],"inLanguage":"es","potentialAction":[{"@type":"CommentAction","name":"Comment","target":["https:\/\/rede-esmar.gal\/a-xunta-apoia-as-mariscadoras-do-anllons-cun-convenio-de-60-000-e-tras-os-danos-dos-temporais\/#respond"]}]},{"@type":"WebPage","@id":"https:\/\/rede-esmar.gal\/a-xunta-apoia-as-mariscadoras-do-anllons-cun-convenio-de-60-000-e-tras-os-danos-dos-temporais\/","url":"https:\/\/rede-esmar.gal\/a-xunta-apoia-as-mariscadoras-do-anllons-cun-convenio-de-60-000-e-tras-os-danos-dos-temporais\/","name":"A Xunta apoia as mariscadoras do Anll\u00f3ns cun convenio de 60.000 \u20ac tras os danos dos temporais - ES\u00b7MAR","isPartOf":{"@id":"https:\/\/rede-esmar.gal\/#website"},"datePublished":"2026-08-31T07:53:08+00:00","dateModified":"2026-08-31T07:53:09+00:00","breadcrumb":{"@id":"https:\/\/rede-esmar.gal\/a-xunta-apoia-as-mariscadoras-do-anllons-cun-convenio-de-60-000-e-tras-os-danos-dos-temporais\/#breadcrumb"},"inLanguage":"es","potentialAction":[{"@type":"ReadAction","target":["https:\/\/rede-esmar.gal\/a-xunta-apoia-as-mariscadoras-do-anllons-cun-convenio-de-60-000-e-tras-os-danos-dos-temporais\/"]}]},{"@type":"BreadcrumbList","@id":"https:\/\/rede-esmar.gal\/a-xunta-apoia-as-mariscadoras-do-anllons-cun-convenio-de-60-000-e-tras-os-danos-dos-temporais\/#breadcrumb","itemListElement":[{"@type":"ListItem","position":1,"name":"Portada","item":"https:\/\/rede-esmar.gal\/"},{"@type":"ListItem","position":2,"name":"A Xunta apoia as mariscadoras do Anll\u00f3ns cun convenio de 60.000 \u20ac tras os danos dos temporais"}]},{"@type":"WebSite","@id":"https:\/\/rede-esmar.gal\/#website","url":"https:\/\/rede-esmar.gal\/","name":"ES\u00b7MAR","description":"","publisher":{"@id":"https:\/\/rede-esmar.gal\/#organization"},"potentialAction":[{"@type":"SearchAction","target":{"@type":"EntryPoint","urlTemplate":"https:\/\/rede-esmar.gal\/?s={search_term_string}"},"query-input":{"@type":"PropertyValueSpecification","valueRequired":true,"valueName":"search_term_string"}}],"inLanguage":"es"},{"@type":"Organization","@id":"https:\/\/rede-esmar.gal\/#organization","name":"ES\u00b7MAR","url":"https:\/\/rede-esmar.gal\/","logo":{"@type":"ImageObject","inLanguage":"es","@id":"https:\/\/rede-esmar.gal\/#\/schema\/logo\/image\/","url":"https:\/\/rede-esmar.gal\/wp-content\/uploads\/2025\/01\/logo-web-blanco-1.png","contentUrl":"https:\/\/rede-esmar.gal\/wp-content\/uploads\/2025\/01\/logo-web-blanco-1.png","width":300,"height":99,"caption":"ES\u00b7MAR"},"image":{"@id":"https:\/\/rede-esmar.gal\/#\/schema\/logo\/image\/"}},{"@type":"Person","@id":"https:\/\/rede-esmar.gal\/#\/schema\/person\/139b8b85b73b930d041c72a3752be3a2","name":"Equipo coordinaci\u00f3n","image":{"@type":"ImageObject","inLanguage":"es","@id":"https:\/\/secure.gravatar.com\/avatar\/1657796bae48b176549583af5705703e508f48da5381d1fe2483d52d5e348589?s=96&d=mm&r=g","url":"https:\/\/secure.gravatar.com\/avatar\/1657796bae48b176549583af5705703e508f48da5381d1fe2483d52d5e348589?s=96&d=mm&r=g","contentUrl":"https:\/\/secure.gravatar.com\/avatar\/1657796bae48b176549583af5705703e508f48da5381d1fe2483d52d5e348589?s=96&d=mm&r=g","caption":"Equipo coordinaci\u00f3n"},"url":"https:\/\/rede-esmar.gal\/es\/author\/marta\/"}]}},"jetpack_sharing_enabled":true,"jetpack_featured_media_url":"","_links":{"self":[{"href":"https:\/\/rede-esmar.gal\/es\/wp-json\/wp\/v2\/posts\/16373","targetHints":{"allow":["GET"]}}],"collection":[{"href":"https:\/\/rede-esmar.gal\/es\/wp-json\/wp\/v2\/posts"}],"about":[{"href":"https:\/\/rede-esmar.gal\/es\/wp-json\/wp\/v2\/types\/post"}],"author":[{"embeddable":true,"href":"https:\/\/rede-esmar.gal\/es\/wp-json\/wp\/v2\/users\/6"}],"replies":[{"embeddable":true,"href":"https:\/\/rede-esmar.gal\/es\/wp-json\/wp\/v2\/comments?post=16373"}],"version-history":[{"count":1,"href":"https:\/\/rede-esmar.gal\/es\/wp-json\/wp\/v2\/posts\/16373\/revisions"}],"predecessor-version":[{"id":16374,"href":"https:\/\/rede-esmar.gal\/es\/wp-json\/wp\/v2\/posts\/16373\/revisions\/16374"}],"wp:attachment":[{"href":"https:\/\/rede-esmar.gal\/es\/wp-json\/wp\/v2\/media?parent=16373"}],"wp:term":[{"taxonomy":"category","embeddable":true,"href":"https:\/\/rede-esmar.gal\/es\/wp-json\/wp\/v2\/categories?post=16373"},{"taxonomy":"post_tag","embeddable":true,"href":"https:\/\/rede-esmar.gal\/es\/wp-json\/wp\/v2\/tags?post=16373"}],"curies":[{"name":"wp","href":"https:\/\/api.w.org\/{rel}","templated":true}]}}