{"id":16382,"date":"2026-08-31T09:08:25","date_gmt":"2026-08-31T08:08:25","guid":{"rendered":"https:\/\/rede-esmar.gal\/?p=16382"},"modified":"2026-08-31T09:36:01","modified_gmt":"2026-08-31T08:36:01","slug":"axudas-para-a-consolidacion-das-organizacions-profesionais-do-sector-dos-produtos-da-pesca-e-da-acuicultura-fempa-2026","status":"publish","type":"post","link":"https:\/\/rede-esmar.gal\/es\/axudas-para-a-consolidacion-das-organizacions-profesionais-do-sector-dos-produtos-da-pesca-e-da-acuicultura-fempa-2026\/","title":{"rendered":"Ayudas para la consolidaci\u00f3n de las organizaciones profesionales del sector de los productos de la pesca y de la acuicultura (FEMPA) 2026."},"content":{"rendered":"<p class=\"wp-block-paragraph\"><strong>Plazo:<\/strong> 10 d\u00edas h\u00e1biles contados desde o d\u00eda seguinte \u00e1 publicaci\u00f3n do extracto da convocatoria no Bolet\u00edn Oficial do Estado (publicado o 27\/08\/2026).<\/p>\n\n\n\n<h3 class=\"wp-block-heading\">Descripci\u00f3n<\/h3>\n\n\n\n<p class=\"wp-block-paragraph\">El Ministerio de Agricultura, Pesca y Alimentaci\u00f3n convoca para el ejercicio 2026 las ayudas destinadas a la consolidaci\u00f3n de las organizaciones profesionales del sector de los productos de la pesca y de la acuicultura. Estas ayudas est\u00e1n cofinanciadas por el Fondo Europeo Mar\u00edtimo, de Pesca y Acuicultura (FEMPA) y se tramitan en r\u00e9gimen de concurrencia competitiva.<\/p>\n\n\n\n<h3 class=\"wp-block-heading\">Beneficiarios:<\/h3>\n\n\n\n<p class=\"wp-block-paragraph\">Podr\u00e1n solicitar estas ayudas las organizaciones profesionales de los sectores de la pesca y de la acuicultura de \u00e1mbito nacional o transnacional que est\u00e9n incluidas en el art\u00edculo 4 de la orden de convocatoria y que cumplan los requisitos establecidos en la normativa estatal y de la Uni\u00f3n Europea aplicable, as\u00ed como los requisitos espec\u00edficos previstos para la l\u00ednea de consolidaci\u00f3n.<\/p>\n\n\n\n<h3 class=\"wp-block-heading\">Requisitos principales<\/h3>\n\n\n\n<p class=\"wp-block-paragraph translation-block\">Cumplir con lo dispuesto en los art\u00edculos 3 y 34 del Real Decreto 956\/2017, de 3 de noviembre.\nReunir los requisitos espec\u00edficos recogidos en el cap\u00edtulo IV para las ayudas a la consolidaci\u00f3n.\nAjustarse a la normativa nacional y comunitaria aplicable a las organizaciones profesionales del sector pesquero y acu\u00edcola.<\/p>\n\n\n\n<h3 class=\"wp-block-heading\">Presupuesto<\/h3>\n\n\n\n<p class=\"wp-block-paragraph\">La dotaci\u00f3n m\u00e1xima destinada a esta convocatoria asciende a 200.000 euros.<\/p>\n\n\n\n<h3 class=\"wp-block-heading\">Caracter\u00edsticas de la ayuda<\/h3>\n\n\n\n<p class=\"wp-block-paragraph translation-block\">Tipo de procedimiento: concurrencia competitiva.\n Finalidad: apoyo a la consolidaci\u00f3n de las organizaciones profesionales del sector pesquero y acu\u00edcola.\n \u00c1mbito: organizaciones profesionales de \u00e1mbito nacional o transnacional.\n Cofinanciaci\u00f3n: Fondo Europeo Mar\u00edtimo, de Pesca y Acuicultura (FEMPA).\n Bases reguladoras: Real Decreto 956\/2017, de 3 de noviembre.<\/p>\n\n\n\n<h3 class=\"wp-block-heading\">Justificaci\u00f3n y pago<\/h3>\n\n\n\n<p class=\"wp-block-paragraph\">La solicitud deber\u00e1 presentarse mediante la cumplimentaci\u00f3n del anexo A de la convocatoria. La informaci\u00f3n relativa a la justificaci\u00f3n de las actuaciones y al pago de las ayudas se regir\u00e1 por lo establecido en las bases reguladoras y en la orden de convocatoria.<\/p>\n\n\n\n<h3 class=\"wp-block-heading\">Fuente oficial<\/h3>\n\n\n\n<p class=\"wp-block-paragraph\"><a href=\"https:\/\/www.boe.es\/diario_boe\/txt.php?id=BOE-B-2026-27921\">https:\/\/www.boe.es\/diario_boe\/txt.php?id=BOE-B-2026-27921<\/a><\/p>","protected":false},"excerpt":{"rendered":"<p><span style=\"color: green;\">Plazo abierto <\/span> Ayudas para la consolidaci\u00f3n de las organizaciones profesionales del sector de los productos de la pesca y de la acuicultura (FEMPA) 2026 (\u2026).<\/p>","protected":false},"author":6,"featured_media":0,"comment_status":"open","ping_status":"open","sticky":false,"template":"","format":"standard","meta":{"_acf_changed":false,"saved_in_kubio":false,"content-type":"","osom_blocks_metabox":"","_monsterinsights_skip_tracking":false,"_price":"","_stock":"","_tribe_ticket_header":"","_tribe_default_ticket_provider":"","_tribe_ticket_capacity":"0","_ticket_start_date":"","_ticket_end_date":"","_tribe_ticket_show_description":"","_tribe_ticket_show_not_going":false,"_tribe_ticket_use_global_stock":"","_tribe_ticket_global_stock_level":"","_global_stock_mode":"","_global_stock_cap":"","_tribe_rsvp_for_event":"","_tribe_ticket_going_count":"","_tribe_ticket_not_going_count":"","_tribe_tickets_list":"[]","_tribe_ticket_has_attendee_info_fields":false,"_EventAllDay":false,"_EventTimezone":"","_EventStartDate":"","_EventEndDate":"","_EventStartDateUTC":"","_EventEndDateUTC":"","_EventShowMap":false,"_EventShowMapLink":false,"_EventURL":"","_EventCost":"","_EventCostDescription":"","_EventCurrencySymbol":"","_EventCurrencyCode":"","_EventCurrencyPosition":"","_EventDateTimeSeparator":"","_EventTimeRangeSeparator":"","_EventOrganizerID":[],"_EventVenueID":[],"_OrganizerEmail":"","_OrganizerPhone":"","_OrganizerWebsite":"","_VenueAddress":"","_VenueCity":"","_VenueCountry":"","_VenueProvince":"","_VenueState":"","_VenueZip":"","_VenuePhone":"","_VenueURL":"","_VenueStateProvince":"","_VenueLat":"","_VenueLng":"","_VenueShowMap":false,"_VenueShowMapLink":false,"_jetpack_newsletter_access":"","_jetpack_dont_email_post_to_subs":false,"_jetpack_newsletter_tier_id":0,"_jetpack_memberships_contains_paywalled_content":false,"_jetpack_feature_clip_id":0,"_jetpack_memberships_contains_paid_content":false,"footnotes":"","jetpack_post_was_ever_published":false},"categories":[14],"tags":[],"class_list":["post-16382","post","type-post","status-publish","format-standard","hentry","category-axudas"],"acf":[],"yoast_head":"<!-- This site is optimized with the Yoast SEO plugin v28.3 - https:\/\/yoast.com\/product\/yoast-seo-wordpress\/ -->\n<title>Axudas para a consolidaci\u00f3n das organizaci\u00f3ns profesionais do sector dos produtos da pesca e da acuicultura (FEMPA) 2026 - ES\u00b7MAR<\/title>\n<meta name=\"robots\" content=\"index, follow, max-snippet:-1, max-image-preview:large, max-video-preview:-1\" \/>\n<link rel=\"canonical\" href=\"https:\/\/rede-esmar.gal\/es\/axudas-para-a-consolidacion-das-organizacions-profesionais-do-sector-dos-produtos-da-pesca-e-da-acuicultura-fempa-2026\/\" \/>\n<meta property=\"og:locale\" content=\"es_ES\" \/>\n<meta property=\"og:type\" content=\"article\" \/>\n<meta property=\"og:title\" content=\"Axudas para a consolidaci\u00f3n das organizaci\u00f3ns profesionais do sector dos produtos da pesca e da acuicultura (FEMPA) 2026 - ES\u00b7MAR\" \/>\n<meta property=\"og:description\" content=\"Prazo aberto. Axudas para a consolidaci\u00f3n das organizaci\u00f3ns profesionais do sector dos produtos da pesca e da acuicultura (FEMPA) 2026 (...)\" \/>\n<meta property=\"og:url\" content=\"https:\/\/rede-esmar.gal\/es\/axudas-para-a-consolidacion-das-organizacions-profesionais-do-sector-dos-produtos-da-pesca-e-da-acuicultura-fempa-2026\/\" \/>\n<meta property=\"og:site_name\" content=\"ES\u00b7MAR\" \/>\n<meta property=\"article:published_time\" content=\"2026-08-31T08:08:25+00:00\" \/>\n<meta property=\"article:modified_time\" content=\"2026-08-31T08:36:01+00:00\" \/>\n<meta name=\"author\" content=\"Equipo coordinaci\u00f3n\" \/>\n<meta name=\"twitter:card\" content=\"summary_large_image\" \/>\n<meta name=\"twitter:label1\" content=\"Escrito por\" \/>\n\t<meta name=\"twitter:data1\" content=\"Equipo coordinaci\u00f3n\" \/>\n\t<meta name=\"twitter:label2\" content=\"Tiempo de lectura\" \/>\n\t<meta name=\"twitter:data2\" content=\"2 minutos\" \/>\n<script type=\"application\/ld+json\" class=\"yoast-schema-graph\">{\"@context\":\"https:\\\/\\\/schema.org\",\"@graph\":[{\"@type\":\"Article\",\"@id\":\"https:\\\/\\\/rede-esmar.gal\\\/axudas-para-a-consolidacion-das-organizacions-profesionais-do-sector-dos-produtos-da-pesca-e-da-acuicultura-fempa-2026\\\/#article\",\"isPartOf\":{\"@id\":\"https:\\\/\\\/rede-esmar.gal\\\/axudas-para-a-consolidacion-das-organizacions-profesionais-do-sector-dos-produtos-da-pesca-e-da-acuicultura-fempa-2026\\\/\"},\"author\":{\"name\":\"Equipo coordinaci\u00f3n\",\"@id\":\"https:\\\/\\\/rede-esmar.gal\\\/#\\\/schema\\\/person\\\/139b8b85b73b930d041c72a3752be3a2\"},\"headline\":\"Axudas para a consolidaci\u00f3n das organizaci\u00f3ns profesionais do sector dos produtos da pesca e da acuicultura (FEMPA) 2026\",\"datePublished\":\"2026-08-31T08:08:25+00:00\",\"dateModified\":\"2026-08-31T08:36:01+00:00\",\"mainEntityOfPage\":{\"@id\":\"https:\\\/\\\/rede-esmar.gal\\\/axudas-para-a-consolidacion-das-organizacions-profesionais-do-sector-dos-produtos-da-pesca-e-da-acuicultura-fempa-2026\\\/\"},\"wordCount\":324,\"commentCount\":0,\"publisher\":{\"@id\":\"https:\\\/\\\/rede-esmar.gal\\\/#organization\"},\"articleSection\":[\"Axudas\"],\"inLanguage\":\"es\",\"potentialAction\":[{\"@type\":\"CommentAction\",\"name\":\"Comment\",\"target\":[\"https:\\\/\\\/rede-esmar.gal\\\/axudas-para-a-consolidacion-das-organizacions-profesionais-do-sector-dos-produtos-da-pesca-e-da-acuicultura-fempa-2026\\\/#respond\"]}]},{\"@type\":\"WebPage\",\"@id\":\"https:\\\/\\\/rede-esmar.gal\\\/axudas-para-a-consolidacion-das-organizacions-profesionais-do-sector-dos-produtos-da-pesca-e-da-acuicultura-fempa-2026\\\/\",\"url\":\"https:\\\/\\\/rede-esmar.gal\\\/axudas-para-a-consolidacion-das-organizacions-profesionais-do-sector-dos-produtos-da-pesca-e-da-acuicultura-fempa-2026\\\/\",\"name\":\"Axudas para a consolidaci\u00f3n das organizaci\u00f3ns profesionais do sector dos produtos da pesca e da acuicultura (FEMPA) 2026 - ES\u00b7MAR\",\"isPartOf\":{\"@id\":\"https:\\\/\\\/rede-esmar.gal\\\/#website\"},\"datePublished\":\"2026-08-31T08:08:25+00:00\",\"dateModified\":\"2026-08-31T08:36:01+00:00\",\"breadcrumb\":{\"@id\":\"https:\\\/\\\/rede-esmar.gal\\\/axudas-para-a-consolidacion-das-organizacions-profesionais-do-sector-dos-produtos-da-pesca-e-da-acuicultura-fempa-2026\\\/#breadcrumb\"},\"inLanguage\":\"es\",\"potentialAction\":[{\"@type\":\"ReadAction\",\"target\":[\"https:\\\/\\\/rede-esmar.gal\\\/axudas-para-a-consolidacion-das-organizacions-profesionais-do-sector-dos-produtos-da-pesca-e-da-acuicultura-fempa-2026\\\/\"]}]},{\"@type\":\"BreadcrumbList\",\"@id\":\"https:\\\/\\\/rede-esmar.gal\\\/axudas-para-a-consolidacion-das-organizacions-profesionais-do-sector-dos-produtos-da-pesca-e-da-acuicultura-fempa-2026\\\/#breadcrumb\",\"itemListElement\":[{\"@type\":\"ListItem\",\"position\":1,\"name\":\"Portada\",\"item\":\"https:\\\/\\\/rede-esmar.gal\\\/\"},{\"@type\":\"ListItem\",\"position\":2,\"name\":\"Axudas para a consolidaci\u00f3n das organizaci\u00f3ns profesionais do sector dos produtos da pesca e da acuicultura (FEMPA) 2026\"}]},{\"@type\":\"WebSite\",\"@id\":\"https:\\\/\\\/rede-esmar.gal\\\/#website\",\"url\":\"https:\\\/\\\/rede-esmar.gal\\\/\",\"name\":\"ES\u00b7MAR\",\"description\":\"\",\"publisher\":{\"@id\":\"https:\\\/\\\/rede-esmar.gal\\\/#organization\"},\"potentialAction\":[{\"@type\":\"SearchAction\",\"target\":{\"@type\":\"EntryPoint\",\"urlTemplate\":\"https:\\\/\\\/rede-esmar.gal\\\/?s={search_term_string}\"},\"query-input\":{\"@type\":\"PropertyValueSpecification\",\"valueRequired\":true,\"valueName\":\"search_term_string\"}}],\"inLanguage\":\"es\"},{\"@type\":\"Organization\",\"@id\":\"https:\\\/\\\/rede-esmar.gal\\\/#organization\",\"name\":\"ES\u00b7MAR\",\"url\":\"https:\\\/\\\/rede-esmar.gal\\\/\",\"logo\":{\"@type\":\"ImageObject\",\"inLanguage\":\"es\",\"@id\":\"https:\\\/\\\/rede-esmar.gal\\\/#\\\/schema\\\/logo\\\/image\\\/\",\"url\":\"https:\\\/\\\/rede-esmar.gal\\\/wp-content\\\/uploads\\\/2025\\\/01\\\/logo-web-blanco-1.png\",\"contentUrl\":\"https:\\\/\\\/rede-esmar.gal\\\/wp-content\\\/uploads\\\/2025\\\/01\\\/logo-web-blanco-1.png\",\"width\":300,\"height\":99,\"caption\":\"ES\u00b7MAR\"},\"image\":{\"@id\":\"https:\\\/\\\/rede-esmar.gal\\\/#\\\/schema\\\/logo\\\/image\\\/\"}},{\"@type\":\"Person\",\"@id\":\"https:\\\/\\\/rede-esmar.gal\\\/#\\\/schema\\\/person\\\/139b8b85b73b930d041c72a3752be3a2\",\"name\":\"Equipo coordinaci\u00f3n\",\"image\":{\"@type\":\"ImageObject\",\"inLanguage\":\"es\",\"@id\":\"https:\\\/\\\/secure.gravatar.com\\\/avatar\\\/1657796bae48b176549583af5705703e508f48da5381d1fe2483d52d5e348589?s=96&d=mm&r=g\",\"url\":\"https:\\\/\\\/secure.gravatar.com\\\/avatar\\\/1657796bae48b176549583af5705703e508f48da5381d1fe2483d52d5e348589?s=96&d=mm&r=g\",\"contentUrl\":\"https:\\\/\\\/secure.gravatar.com\\\/avatar\\\/1657796bae48b176549583af5705703e508f48da5381d1fe2483d52d5e348589?s=96&d=mm&r=g\",\"caption\":\"Equipo coordinaci\u00f3n\"},\"url\":\"https:\\\/\\\/rede-esmar.gal\\\/es\\\/author\\\/marta\\\/\"}]}<\/script>\n<!-- \/ Yoast SEO plugin. -->","yoast_head_json":{"title":"Axudas para a consolidaci\u00f3n das organizaci\u00f3ns profesionais do sector dos produtos da pesca e da acuicultura (FEMPA) 2026 - ES\u00b7MAR","robots":{"index":"index","follow":"follow","max-snippet":"max-snippet:-1","max-image-preview":"max-image-preview:large","max-video-preview":"max-video-preview:-1"},"canonical":"https:\/\/rede-esmar.gal\/es\/axudas-para-a-consolidacion-das-organizacions-profesionais-do-sector-dos-produtos-da-pesca-e-da-acuicultura-fempa-2026\/","og_locale":"es_ES","og_type":"article","og_title":"Axudas para a consolidaci\u00f3n das organizaci\u00f3ns profesionais do sector dos produtos da pesca e da acuicultura (FEMPA) 2026 - ES\u00b7MAR","og_description":"Prazo aberto. Axudas para a consolidaci\u00f3n das organizaci\u00f3ns profesionais do sector dos produtos da pesca e da acuicultura (FEMPA) 2026 (...)","og_url":"https:\/\/rede-esmar.gal\/es\/axudas-para-a-consolidacion-das-organizacions-profesionais-do-sector-dos-produtos-da-pesca-e-da-acuicultura-fempa-2026\/","og_site_name":"ES\u00b7MAR","article_published_time":"2026-08-31T08:08:25+00:00","article_modified_time":"2026-08-31T08:36:01+00:00","author":"Equipo coordinaci\u00f3n","twitter_card":"summary_large_image","twitter_misc":{"Escrito por":"Equipo coordinaci\u00f3n","Tiempo de lectura":"2 minutos"},"schema":{"@context":"https:\/\/schema.org","@graph":[{"@type":"Article","@id":"https:\/\/rede-esmar.gal\/axudas-para-a-consolidacion-das-organizacions-profesionais-do-sector-dos-produtos-da-pesca-e-da-acuicultura-fempa-2026\/#article","isPartOf":{"@id":"https:\/\/rede-esmar.gal\/axudas-para-a-consolidacion-das-organizacions-profesionais-do-sector-dos-produtos-da-pesca-e-da-acuicultura-fempa-2026\/"},"author":{"name":"Equipo coordinaci\u00f3n","@id":"https:\/\/rede-esmar.gal\/#\/schema\/person\/139b8b85b73b930d041c72a3752be3a2"},"headline":"Axudas para a consolidaci\u00f3n das organizaci\u00f3ns profesionais do sector dos produtos da pesca e da acuicultura (FEMPA) 2026","datePublished":"2026-08-31T08:08:25+00:00","dateModified":"2026-08-31T08:36:01+00:00","mainEntityOfPage":{"@id":"https:\/\/rede-esmar.gal\/axudas-para-a-consolidacion-das-organizacions-profesionais-do-sector-dos-produtos-da-pesca-e-da-acuicultura-fempa-2026\/"},"wordCount":324,"commentCount":0,"publisher":{"@id":"https:\/\/rede-esmar.gal\/#organization"},"articleSection":["Axudas"],"inLanguage":"es","potentialAction":[{"@type":"CommentAction","name":"Comment","target":["https:\/\/rede-esmar.gal\/axudas-para-a-consolidacion-das-organizacions-profesionais-do-sector-dos-produtos-da-pesca-e-da-acuicultura-fempa-2026\/#respond"]}]},{"@type":"WebPage","@id":"https:\/\/rede-esmar.gal\/axudas-para-a-consolidacion-das-organizacions-profesionais-do-sector-dos-produtos-da-pesca-e-da-acuicultura-fempa-2026\/","url":"https:\/\/rede-esmar.gal\/axudas-para-a-consolidacion-das-organizacions-profesionais-do-sector-dos-produtos-da-pesca-e-da-acuicultura-fempa-2026\/","name":"Axudas para a consolidaci\u00f3n das organizaci\u00f3ns profesionais do sector dos produtos da pesca e da acuicultura (FEMPA) 2026 - ES\u00b7MAR","isPartOf":{"@id":"https:\/\/rede-esmar.gal\/#website"},"datePublished":"2026-08-31T08:08:25+00:00","dateModified":"2026-08-31T08:36:01+00:00","breadcrumb":{"@id":"https:\/\/rede-esmar.gal\/axudas-para-a-consolidacion-das-organizacions-profesionais-do-sector-dos-produtos-da-pesca-e-da-acuicultura-fempa-2026\/#breadcrumb"},"inLanguage":"es","potentialAction":[{"@type":"ReadAction","target":["https:\/\/rede-esmar.gal\/axudas-para-a-consolidacion-das-organizacions-profesionais-do-sector-dos-produtos-da-pesca-e-da-acuicultura-fempa-2026\/"]}]},{"@type":"BreadcrumbList","@id":"https:\/\/rede-esmar.gal\/axudas-para-a-consolidacion-das-organizacions-profesionais-do-sector-dos-produtos-da-pesca-e-da-acuicultura-fempa-2026\/#breadcrumb","itemListElement":[{"@type":"ListItem","position":1,"name":"Portada","item":"https:\/\/rede-esmar.gal\/"},{"@type":"ListItem","position":2,"name":"Axudas para a consolidaci\u00f3n das organizaci\u00f3ns profesionais do sector dos produtos da pesca e da acuicultura (FEMPA) 2026"}]},{"@type":"WebSite","@id":"https:\/\/rede-esmar.gal\/#website","url":"https:\/\/rede-esmar.gal\/","name":"ES\u00b7MAR","description":"","publisher":{"@id":"https:\/\/rede-esmar.gal\/#organization"},"potentialAction":[{"@type":"SearchAction","target":{"@type":"EntryPoint","urlTemplate":"https:\/\/rede-esmar.gal\/?s={search_term_string}"},"query-input":{"@type":"PropertyValueSpecification","valueRequired":true,"valueName":"search_term_string"}}],"inLanguage":"es"},{"@type":"Organization","@id":"https:\/\/rede-esmar.gal\/#organization","name":"ES\u00b7MAR","url":"https:\/\/rede-esmar.gal\/","logo":{"@type":"ImageObject","inLanguage":"es","@id":"https:\/\/rede-esmar.gal\/#\/schema\/logo\/image\/","url":"https:\/\/rede-esmar.gal\/wp-content\/uploads\/2025\/01\/logo-web-blanco-1.png","contentUrl":"https:\/\/rede-esmar.gal\/wp-content\/uploads\/2025\/01\/logo-web-blanco-1.png","width":300,"height":99,"caption":"ES\u00b7MAR"},"image":{"@id":"https:\/\/rede-esmar.gal\/#\/schema\/logo\/image\/"}},{"@type":"Person","@id":"https:\/\/rede-esmar.gal\/#\/schema\/person\/139b8b85b73b930d041c72a3752be3a2","name":"Equipo coordinaci\u00f3n","image":{"@type":"ImageObject","inLanguage":"es","@id":"https:\/\/secure.gravatar.com\/avatar\/1657796bae48b176549583af5705703e508f48da5381d1fe2483d52d5e348589?s=96&d=mm&r=g","url":"https:\/\/secure.gravatar.com\/avatar\/1657796bae48b176549583af5705703e508f48da5381d1fe2483d52d5e348589?s=96&d=mm&r=g","contentUrl":"https:\/\/secure.gravatar.com\/avatar\/1657796bae48b176549583af5705703e508f48da5381d1fe2483d52d5e348589?s=96&d=mm&r=g","caption":"Equipo coordinaci\u00f3n"},"url":"https:\/\/rede-esmar.gal\/es\/author\/marta\/"}]}},"jetpack_sharing_enabled":true,"jetpack_featured_media_url":"","_links":{"self":[{"href":"https:\/\/rede-esmar.gal\/es\/wp-json\/wp\/v2\/posts\/16382","targetHints":{"allow":["GET"]}}],"collection":[{"href":"https:\/\/rede-esmar.gal\/es\/wp-json\/wp\/v2\/posts"}],"about":[{"href":"https:\/\/rede-esmar.gal\/es\/wp-json\/wp\/v2\/types\/post"}],"author":[{"embeddable":true,"href":"https:\/\/rede-esmar.gal\/es\/wp-json\/wp\/v2\/users\/6"}],"replies":[{"embeddable":true,"href":"https:\/\/rede-esmar.gal\/es\/wp-json\/wp\/v2\/comments?post=16382"}],"version-history":[{"count":1,"href":"https:\/\/rede-esmar.gal\/es\/wp-json\/wp\/v2\/posts\/16382\/revisions"}],"predecessor-version":[{"id":16383,"href":"https:\/\/rede-esmar.gal\/es\/wp-json\/wp\/v2\/posts\/16382\/revisions\/16383"}],"wp:attachment":[{"href":"https:\/\/rede-esmar.gal\/es\/wp-json\/wp\/v2\/media?parent=16382"}],"wp:term":[{"taxonomy":"category","embeddable":true,"href":"https:\/\/rede-esmar.gal\/es\/wp-json\/wp\/v2\/categories?post=16382"},{"taxonomy":"post_tag","embeddable":true,"href":"https:\/\/rede-esmar.gal\/es\/wp-json\/wp\/v2\/tags?post=16382"}],"curies":[{"name":"wp","href":"https:\/\/api.w.org\/{rel}","templated":true}]}}