{"id":16384,"date":"2026-08-31T09:12:53","date_gmt":"2026-08-31T08:12:53","guid":{"rendered":"https:\/\/rede-esmar.gal\/?p=16384"},"modified":"2026-08-31T09:12:55","modified_gmt":"2026-08-31T08:12:55","slug":"axudas-para-a-consolidacion-de-organizacions-de-produtores-pesqueiros-e-asociacions-de-organizacions-de-produtores-pesqueiros-pe155d","status":"publish","type":"post","link":"https:\/\/rede-esmar.gal\/es\/axudas-para-a-consolidacion-de-organizacions-de-produtores-pesqueiros-e-asociacions-de-organizacions-de-produtores-pesqueiros-pe155d\/","title":{"rendered":"Ayudas para la consolidaci\u00f3n de organizaciones de productores pesqueros y asociaciones de organizaciones de productores pesqueros (PE155D)."},"content":{"rendered":"<h3 class=\"wp-block-heading\">Descripci\u00f3n<\/h3>\n\n\n\n<p class=\"wp-block-paragraph\">La Conseller\u00eda del Mar convoca para el ejercicio 2026 las ayudas destinadas a la consolidaci\u00f3n de las organizaciones de productores pesqueros (OPP) y de las asociaciones de organizaciones de productores pesqueros (AOP) reconocidas en el \u00e1mbito de la Comunidad Aut\u00f3noma de Galicia. Estas subvenciones est\u00e1n cofinanciadas por el Fondo Europeo Mar\u00edtimo, de Pesca y de Acuicultura (FEMPA) y tienen como objetivo reforzar estas entidades como instrumentos de aplicaci\u00f3n de la Pol\u00edtica Pesquera Com\u00fan, favoreciendo su actividad, estructura y consolidaci\u00f3n.<\/p>\n\n\n\n<h3 class=\"wp-block-heading\">Beneficiarios:<\/h3>\n\n\n\n<p class=\"wp-block-paragraph\">Poder\u00e1n acceder \u00e1s axudas:<\/p>\n\n\n\n<p class=\"wp-block-paragraph translation-block\">Podr\u00e1n acceder a las ayudas:\n\nLas organizaciones de productores pesqueros (OPP) reconocidas en el \u00e1mbito de la Comunidad Aut\u00f3noma de Galicia.\nLas asociaciones de organizaciones de productores pesqueros (AOP) reconocidas en el \u00e1mbito de la Comunidad Aut\u00f3noma de Galicia.<\/p>\n\n\n\n<h3 class=\"wp-block-heading\">Requisitos principales<\/h3>\n\n\n\n<p class=\"wp-block-paragraph translation-block\">Haber sido reconocidas a partir del 1 de enero de 2014.\n\nEstar inscritas en el Registro de Organizaciones de Productores Pesqueros o en el Registro de Asociaciones de Organizaciones de Productores Pesqueros, regulados por el Real Decreto 277\/2016, modificado por el Real Decreto 664\/2023.\n\nNo haber acumulado m\u00e1s de cinco anualidades de estas ayudas entre las destinadas a la creaci\u00f3n y a la consolidaci\u00f3n.\n\nCumplir los requisitos generales y espec\u00edficos establecidos en las bases reguladoras aprobadas por la Orden de 26 de septiembre de 2024.<\/p>\n\n\n\n<h3 class=\"wp-block-heading\">Presupuesto<\/h3>\n\n\n\n<p class=\"wp-block-paragraph translation-block\">Cuant\u00eda m\u00e1xima total de la convocatoria: 200.000,00 \u20ac.\n\nCofinanciaci\u00f3n: 70 % a cargo del FEMPA y 30 % a cargo de la Comunidad Aut\u00f3noma de Galicia.\n\nAplicaci\u00f3n presupuestaria: 2026.16.02.723B.780.0.\n\nDestinadas a organizaciones sin \u00e1nimo de lucro.<\/p>\n\n\n\n<h3 class=\"wp-block-heading\">Caracter\u00edsticas de la ayuda<\/h3>\n\n\n\n<p class=\"wp-block-paragraph translation-block\">C\u00f3digo de procedimiento: PE155D.\n R\u00e9gimen de concurrencia competitiva.\n Dirigida a la consolidaci\u00f3n de las OPP y AOP con \u00e1mbito de actuaci\u00f3n en Galicia.\n Enmarcada en el Programa Operativo FEMPA 2021-2027.\n Las ayudas podr\u00e1n percibirse como m\u00e1ximo durante los cinco a\u00f1os posteriores al reconocimiento de la entidad beneficiaria.<\/p>\n\n\n\n<h3 class=\"wp-block-heading\">Justificaci\u00f3n y pago<\/h3>\n\n\n\n<p class=\"wp-block-paragraph\">Las entidades beneficiarias deber\u00e1n cumplir los requisitos y obligaciones establecidos en las bases reguladoras de la Orden de 26 de septiembre de 2024. La concesi\u00f3n de las ayudas queda condicionada a la existencia de cr\u00e9dito adecuado y suficiente en el momento de la resoluci\u00f3n.<\/p>\n\n\n\n<h3 class=\"wp-block-heading\">Fuente oficial<\/h3>\n\n\n\n<p class=\"wp-block-paragraph\"><a href=\"https:\/\/www.xunta.gal\/dog\/Publicados\/2026\/20260820\/AnuncioG0427-050826-0004_gl.pdf\">https:\/\/www.xunta.gal\/dog\/Publicados\/2026\/20260820\/AnuncioG0427-050826-0004_gl.pdf<\/a><\/p>","protected":false},"excerpt":{"rendered":"<p><span style=\"color: green;\">Plazo abierto <\/span> Ayudas para la consolidaci\u00f3n de organizaciones de productores pesqueros y asociaciones de organizaciones de productores pesqueros (PE155D) (\u2026).<\/p>","protected":false},"author":6,"featured_media":0,"comment_status":"open","ping_status":"open","sticky":false,"template":"","format":"standard","meta":{"_acf_changed":false,"saved_in_kubio":false,"content-type":"","osom_blocks_metabox":"","_monsterinsights_skip_tracking":false,"_price":"","_stock":"","_tribe_ticket_header":"","_tribe_default_ticket_provider":"","_tribe_ticket_capacity":"0","_ticket_start_date":"","_ticket_end_date":"","_tribe_ticket_show_description":"","_tribe_ticket_show_not_going":false,"_tribe_ticket_use_global_stock":"","_tribe_ticket_global_stock_level":"","_global_stock_mode":"","_global_stock_cap":"","_tribe_rsvp_for_event":"","_tribe_ticket_going_count":"","_tribe_ticket_not_going_count":"","_tribe_tickets_list":"[]","_tribe_ticket_has_attendee_info_fields":false,"_EventAllDay":false,"_EventTimezone":"","_EventStartDate":"","_EventEndDate":"","_EventStartDateUTC":"","_EventEndDateUTC":"","_EventShowMap":false,"_EventShowMapLink":false,"_EventURL":"","_EventCost":"","_EventCostDescription":"","_EventCurrencySymbol":"","_EventCurrencyCode":"","_EventCurrencyPosition":"","_EventDateTimeSeparator":"","_EventTimeRangeSeparator":"","_EventOrganizerID":[],"_EventVenueID":[],"_OrganizerEmail":"","_OrganizerPhone":"","_OrganizerWebsite":"","_VenueAddress":"","_VenueCity":"","_VenueCountry":"","_VenueProvince":"","_VenueState":"","_VenueZip":"","_VenuePhone":"","_VenueURL":"","_VenueStateProvince":"","_VenueLat":"","_VenueLng":"","_VenueShowMap":false,"_VenueShowMapLink":false,"_jetpack_newsletter_access":"","_jetpack_dont_email_post_to_subs":false,"_jetpack_newsletter_tier_id":0,"_jetpack_memberships_contains_paywalled_content":false,"_jetpack_feature_clip_id":0,"_jetpack_memberships_contains_paid_content":false,"footnotes":"","jetpack_post_was_ever_published":false},"categories":[14],"tags":[],"class_list":["post-16384","post","type-post","status-publish","format-standard","hentry","category-axudas"],"acf":[],"yoast_head":"<!-- This site is optimized with the Yoast SEO plugin v28.3 - https:\/\/yoast.com\/product\/yoast-seo-wordpress\/ -->\n<title>Axudas para a consolidaci\u00f3n de organizaci\u00f3ns de produtores pesqueiros e asociaci\u00f3ns de organizaci\u00f3ns de produtores pesqueiros (PE155D) - ES\u00b7MAR<\/title>\n<meta name=\"robots\" content=\"index, follow, max-snippet:-1, max-image-preview:large, max-video-preview:-1\" \/>\n<link rel=\"canonical\" href=\"https:\/\/rede-esmar.gal\/es\/axudas-para-a-consolidacion-de-organizacions-de-produtores-pesqueiros-e-asociacions-de-organizacions-de-produtores-pesqueiros-pe155d\/\" \/>\n<meta property=\"og:locale\" content=\"es_ES\" \/>\n<meta property=\"og:type\" content=\"article\" \/>\n<meta property=\"og:title\" content=\"Axudas para a consolidaci\u00f3n de organizaci\u00f3ns de produtores pesqueiros e asociaci\u00f3ns de organizaci\u00f3ns de produtores pesqueiros (PE155D) - ES\u00b7MAR\" \/>\n<meta property=\"og:description\" content=\"Prazo aberto. Axudas para a consolidaci\u00f3n de organizaci\u00f3ns de produtores pesqueiros e asociaci\u00f3ns de organizaci\u00f3ns de produtores pesqueiros (PE155D) (...)\" \/>\n<meta property=\"og:url\" content=\"https:\/\/rede-esmar.gal\/es\/axudas-para-a-consolidacion-de-organizacions-de-produtores-pesqueiros-e-asociacions-de-organizacions-de-produtores-pesqueiros-pe155d\/\" \/>\n<meta property=\"og:site_name\" content=\"ES\u00b7MAR\" \/>\n<meta property=\"article:published_time\" content=\"2026-08-31T08:12:53+00:00\" \/>\n<meta property=\"article:modified_time\" content=\"2026-08-31T08:12:55+00:00\" \/>\n<meta name=\"author\" content=\"Equipo coordinaci\u00f3n\" \/>\n<meta name=\"twitter:card\" content=\"summary_large_image\" \/>\n<meta name=\"twitter:label1\" content=\"Escrito por\" \/>\n\t<meta name=\"twitter:data1\" content=\"Equipo coordinaci\u00f3n\" \/>\n\t<meta name=\"twitter:label2\" content=\"Tiempo de lectura\" \/>\n\t<meta name=\"twitter:data2\" content=\"2 minutos\" \/>\n<script type=\"application\/ld+json\" class=\"yoast-schema-graph\">{\"@context\":\"https:\\\/\\\/schema.org\",\"@graph\":[{\"@type\":\"Article\",\"@id\":\"https:\\\/\\\/rede-esmar.gal\\\/axudas-para-a-consolidacion-de-organizacions-de-produtores-pesqueiros-e-asociacions-de-organizacions-de-produtores-pesqueiros-pe155d\\\/#article\",\"isPartOf\":{\"@id\":\"https:\\\/\\\/rede-esmar.gal\\\/axudas-para-a-consolidacion-de-organizacions-de-produtores-pesqueiros-e-asociacions-de-organizacions-de-produtores-pesqueiros-pe155d\\\/\"},\"author\":{\"name\":\"Equipo coordinaci\u00f3n\",\"@id\":\"https:\\\/\\\/rede-esmar.gal\\\/#\\\/schema\\\/person\\\/139b8b85b73b930d041c72a3752be3a2\"},\"headline\":\"Axudas para a consolidaci\u00f3n de organizaci\u00f3ns de produtores pesqueiros e asociaci\u00f3ns de organizaci\u00f3ns de produtores pesqueiros (PE155D)\",\"datePublished\":\"2026-08-31T08:12:53+00:00\",\"dateModified\":\"2026-08-31T08:12:55+00:00\",\"mainEntityOfPage\":{\"@id\":\"https:\\\/\\\/rede-esmar.gal\\\/axudas-para-a-consolidacion-de-organizacions-de-produtores-pesqueiros-e-asociacions-de-organizacions-de-produtores-pesqueiros-pe155d\\\/\"},\"wordCount\":376,\"commentCount\":0,\"publisher\":{\"@id\":\"https:\\\/\\\/rede-esmar.gal\\\/#organization\"},\"articleSection\":[\"Axudas\"],\"inLanguage\":\"es\",\"potentialAction\":[{\"@type\":\"CommentAction\",\"name\":\"Comment\",\"target\":[\"https:\\\/\\\/rede-esmar.gal\\\/axudas-para-a-consolidacion-de-organizacions-de-produtores-pesqueiros-e-asociacions-de-organizacions-de-produtores-pesqueiros-pe155d\\\/#respond\"]}]},{\"@type\":\"WebPage\",\"@id\":\"https:\\\/\\\/rede-esmar.gal\\\/axudas-para-a-consolidacion-de-organizacions-de-produtores-pesqueiros-e-asociacions-de-organizacions-de-produtores-pesqueiros-pe155d\\\/\",\"url\":\"https:\\\/\\\/rede-esmar.gal\\\/axudas-para-a-consolidacion-de-organizacions-de-produtores-pesqueiros-e-asociacions-de-organizacions-de-produtores-pesqueiros-pe155d\\\/\",\"name\":\"Axudas para a consolidaci\u00f3n de organizaci\u00f3ns de produtores pesqueiros e asociaci\u00f3ns de organizaci\u00f3ns de produtores pesqueiros (PE155D) - ES\u00b7MAR\",\"isPartOf\":{\"@id\":\"https:\\\/\\\/rede-esmar.gal\\\/#website\"},\"datePublished\":\"2026-08-31T08:12:53+00:00\",\"dateModified\":\"2026-08-31T08:12:55+00:00\",\"breadcrumb\":{\"@id\":\"https:\\\/\\\/rede-esmar.gal\\\/axudas-para-a-consolidacion-de-organizacions-de-produtores-pesqueiros-e-asociacions-de-organizacions-de-produtores-pesqueiros-pe155d\\\/#breadcrumb\"},\"inLanguage\":\"es\",\"potentialAction\":[{\"@type\":\"ReadAction\",\"target\":[\"https:\\\/\\\/rede-esmar.gal\\\/axudas-para-a-consolidacion-de-organizacions-de-produtores-pesqueiros-e-asociacions-de-organizacions-de-produtores-pesqueiros-pe155d\\\/\"]}]},{\"@type\":\"BreadcrumbList\",\"@id\":\"https:\\\/\\\/rede-esmar.gal\\\/axudas-para-a-consolidacion-de-organizacions-de-produtores-pesqueiros-e-asociacions-de-organizacions-de-produtores-pesqueiros-pe155d\\\/#breadcrumb\",\"itemListElement\":[{\"@type\":\"ListItem\",\"position\":1,\"name\":\"Portada\",\"item\":\"https:\\\/\\\/rede-esmar.gal\\\/\"},{\"@type\":\"ListItem\",\"position\":2,\"name\":\"Axudas para a consolidaci\u00f3n de organizaci\u00f3ns de produtores pesqueiros e asociaci\u00f3ns de organizaci\u00f3ns de produtores pesqueiros (PE155D)\"}]},{\"@type\":\"WebSite\",\"@id\":\"https:\\\/\\\/rede-esmar.gal\\\/#website\",\"url\":\"https:\\\/\\\/rede-esmar.gal\\\/\",\"name\":\"ES\u00b7MAR\",\"description\":\"\",\"publisher\":{\"@id\":\"https:\\\/\\\/rede-esmar.gal\\\/#organization\"},\"potentialAction\":[{\"@type\":\"SearchAction\",\"target\":{\"@type\":\"EntryPoint\",\"urlTemplate\":\"https:\\\/\\\/rede-esmar.gal\\\/?s={search_term_string}\"},\"query-input\":{\"@type\":\"PropertyValueSpecification\",\"valueRequired\":true,\"valueName\":\"search_term_string\"}}],\"inLanguage\":\"es\"},{\"@type\":\"Organization\",\"@id\":\"https:\\\/\\\/rede-esmar.gal\\\/#organization\",\"name\":\"ES\u00b7MAR\",\"url\":\"https:\\\/\\\/rede-esmar.gal\\\/\",\"logo\":{\"@type\":\"ImageObject\",\"inLanguage\":\"es\",\"@id\":\"https:\\\/\\\/rede-esmar.gal\\\/#\\\/schema\\\/logo\\\/image\\\/\",\"url\":\"https:\\\/\\\/rede-esmar.gal\\\/wp-content\\\/uploads\\\/2025\\\/01\\\/logo-web-blanco-1.png\",\"contentUrl\":\"https:\\\/\\\/rede-esmar.gal\\\/wp-content\\\/uploads\\\/2025\\\/01\\\/logo-web-blanco-1.png\",\"width\":300,\"height\":99,\"caption\":\"ES\u00b7MAR\"},\"image\":{\"@id\":\"https:\\\/\\\/rede-esmar.gal\\\/#\\\/schema\\\/logo\\\/image\\\/\"}},{\"@type\":\"Person\",\"@id\":\"https:\\\/\\\/rede-esmar.gal\\\/#\\\/schema\\\/person\\\/139b8b85b73b930d041c72a3752be3a2\",\"name\":\"Equipo coordinaci\u00f3n\",\"image\":{\"@type\":\"ImageObject\",\"inLanguage\":\"es\",\"@id\":\"https:\\\/\\\/secure.gravatar.com\\\/avatar\\\/1657796bae48b176549583af5705703e508f48da5381d1fe2483d52d5e348589?s=96&d=mm&r=g\",\"url\":\"https:\\\/\\\/secure.gravatar.com\\\/avatar\\\/1657796bae48b176549583af5705703e508f48da5381d1fe2483d52d5e348589?s=96&d=mm&r=g\",\"contentUrl\":\"https:\\\/\\\/secure.gravatar.com\\\/avatar\\\/1657796bae48b176549583af5705703e508f48da5381d1fe2483d52d5e348589?s=96&d=mm&r=g\",\"caption\":\"Equipo coordinaci\u00f3n\"},\"url\":\"https:\\\/\\\/rede-esmar.gal\\\/es\\\/author\\\/marta\\\/\"}]}<\/script>\n<!-- \/ Yoast SEO plugin. -->","yoast_head_json":{"title":"Axudas para a consolidaci\u00f3n de organizaci\u00f3ns de produtores pesqueiros e asociaci\u00f3ns de organizaci\u00f3ns de produtores pesqueiros (PE155D) - ES\u00b7MAR","robots":{"index":"index","follow":"follow","max-snippet":"max-snippet:-1","max-image-preview":"max-image-preview:large","max-video-preview":"max-video-preview:-1"},"canonical":"https:\/\/rede-esmar.gal\/es\/axudas-para-a-consolidacion-de-organizacions-de-produtores-pesqueiros-e-asociacions-de-organizacions-de-produtores-pesqueiros-pe155d\/","og_locale":"es_ES","og_type":"article","og_title":"Axudas para a consolidaci\u00f3n de organizaci\u00f3ns de produtores pesqueiros e asociaci\u00f3ns de organizaci\u00f3ns de produtores pesqueiros (PE155D) - ES\u00b7MAR","og_description":"Prazo aberto. Axudas para a consolidaci\u00f3n de organizaci\u00f3ns de produtores pesqueiros e asociaci\u00f3ns de organizaci\u00f3ns de produtores pesqueiros (PE155D) (...)","og_url":"https:\/\/rede-esmar.gal\/es\/axudas-para-a-consolidacion-de-organizacions-de-produtores-pesqueiros-e-asociacions-de-organizacions-de-produtores-pesqueiros-pe155d\/","og_site_name":"ES\u00b7MAR","article_published_time":"2026-08-31T08:12:53+00:00","article_modified_time":"2026-08-31T08:12:55+00:00","author":"Equipo coordinaci\u00f3n","twitter_card":"summary_large_image","twitter_misc":{"Escrito por":"Equipo coordinaci\u00f3n","Tiempo de lectura":"2 minutos"},"schema":{"@context":"https:\/\/schema.org","@graph":[{"@type":"Article","@id":"https:\/\/rede-esmar.gal\/axudas-para-a-consolidacion-de-organizacions-de-produtores-pesqueiros-e-asociacions-de-organizacions-de-produtores-pesqueiros-pe155d\/#article","isPartOf":{"@id":"https:\/\/rede-esmar.gal\/axudas-para-a-consolidacion-de-organizacions-de-produtores-pesqueiros-e-asociacions-de-organizacions-de-produtores-pesqueiros-pe155d\/"},"author":{"name":"Equipo coordinaci\u00f3n","@id":"https:\/\/rede-esmar.gal\/#\/schema\/person\/139b8b85b73b930d041c72a3752be3a2"},"headline":"Axudas para a consolidaci\u00f3n de organizaci\u00f3ns de produtores pesqueiros e asociaci\u00f3ns de organizaci\u00f3ns de produtores pesqueiros (PE155D)","datePublished":"2026-08-31T08:12:53+00:00","dateModified":"2026-08-31T08:12:55+00:00","mainEntityOfPage":{"@id":"https:\/\/rede-esmar.gal\/axudas-para-a-consolidacion-de-organizacions-de-produtores-pesqueiros-e-asociacions-de-organizacions-de-produtores-pesqueiros-pe155d\/"},"wordCount":376,"commentCount":0,"publisher":{"@id":"https:\/\/rede-esmar.gal\/#organization"},"articleSection":["Axudas"],"inLanguage":"es","potentialAction":[{"@type":"CommentAction","name":"Comment","target":["https:\/\/rede-esmar.gal\/axudas-para-a-consolidacion-de-organizacions-de-produtores-pesqueiros-e-asociacions-de-organizacions-de-produtores-pesqueiros-pe155d\/#respond"]}]},{"@type":"WebPage","@id":"https:\/\/rede-esmar.gal\/axudas-para-a-consolidacion-de-organizacions-de-produtores-pesqueiros-e-asociacions-de-organizacions-de-produtores-pesqueiros-pe155d\/","url":"https:\/\/rede-esmar.gal\/axudas-para-a-consolidacion-de-organizacions-de-produtores-pesqueiros-e-asociacions-de-organizacions-de-produtores-pesqueiros-pe155d\/","name":"Axudas para a consolidaci\u00f3n de organizaci\u00f3ns de produtores pesqueiros e asociaci\u00f3ns de organizaci\u00f3ns de produtores pesqueiros (PE155D) - ES\u00b7MAR","isPartOf":{"@id":"https:\/\/rede-esmar.gal\/#website"},"datePublished":"2026-08-31T08:12:53+00:00","dateModified":"2026-08-31T08:12:55+00:00","breadcrumb":{"@id":"https:\/\/rede-esmar.gal\/axudas-para-a-consolidacion-de-organizacions-de-produtores-pesqueiros-e-asociacions-de-organizacions-de-produtores-pesqueiros-pe155d\/#breadcrumb"},"inLanguage":"es","potentialAction":[{"@type":"ReadAction","target":["https:\/\/rede-esmar.gal\/axudas-para-a-consolidacion-de-organizacions-de-produtores-pesqueiros-e-asociacions-de-organizacions-de-produtores-pesqueiros-pe155d\/"]}]},{"@type":"BreadcrumbList","@id":"https:\/\/rede-esmar.gal\/axudas-para-a-consolidacion-de-organizacions-de-produtores-pesqueiros-e-asociacions-de-organizacions-de-produtores-pesqueiros-pe155d\/#breadcrumb","itemListElement":[{"@type":"ListItem","position":1,"name":"Portada","item":"https:\/\/rede-esmar.gal\/"},{"@type":"ListItem","position":2,"name":"Axudas para a consolidaci\u00f3n de organizaci\u00f3ns de produtores pesqueiros e asociaci\u00f3ns de organizaci\u00f3ns de produtores pesqueiros (PE155D)"}]},{"@type":"WebSite","@id":"https:\/\/rede-esmar.gal\/#website","url":"https:\/\/rede-esmar.gal\/","name":"ES\u00b7MAR","description":"","publisher":{"@id":"https:\/\/rede-esmar.gal\/#organization"},"potentialAction":[{"@type":"SearchAction","target":{"@type":"EntryPoint","urlTemplate":"https:\/\/rede-esmar.gal\/?s={search_term_string}"},"query-input":{"@type":"PropertyValueSpecification","valueRequired":true,"valueName":"search_term_string"}}],"inLanguage":"es"},{"@type":"Organization","@id":"https:\/\/rede-esmar.gal\/#organization","name":"ES\u00b7MAR","url":"https:\/\/rede-esmar.gal\/","logo":{"@type":"ImageObject","inLanguage":"es","@id":"https:\/\/rede-esmar.gal\/#\/schema\/logo\/image\/","url":"https:\/\/rede-esmar.gal\/wp-content\/uploads\/2025\/01\/logo-web-blanco-1.png","contentUrl":"https:\/\/rede-esmar.gal\/wp-content\/uploads\/2025\/01\/logo-web-blanco-1.png","width":300,"height":99,"caption":"ES\u00b7MAR"},"image":{"@id":"https:\/\/rede-esmar.gal\/#\/schema\/logo\/image\/"}},{"@type":"Person","@id":"https:\/\/rede-esmar.gal\/#\/schema\/person\/139b8b85b73b930d041c72a3752be3a2","name":"Equipo coordinaci\u00f3n","image":{"@type":"ImageObject","inLanguage":"es","@id":"https:\/\/secure.gravatar.com\/avatar\/1657796bae48b176549583af5705703e508f48da5381d1fe2483d52d5e348589?s=96&d=mm&r=g","url":"https:\/\/secure.gravatar.com\/avatar\/1657796bae48b176549583af5705703e508f48da5381d1fe2483d52d5e348589?s=96&d=mm&r=g","contentUrl":"https:\/\/secure.gravatar.com\/avatar\/1657796bae48b176549583af5705703e508f48da5381d1fe2483d52d5e348589?s=96&d=mm&r=g","caption":"Equipo coordinaci\u00f3n"},"url":"https:\/\/rede-esmar.gal\/es\/author\/marta\/"}]}},"jetpack_sharing_enabled":true,"jetpack_featured_media_url":"","_links":{"self":[{"href":"https:\/\/rede-esmar.gal\/es\/wp-json\/wp\/v2\/posts\/16384","targetHints":{"allow":["GET"]}}],"collection":[{"href":"https:\/\/rede-esmar.gal\/es\/wp-json\/wp\/v2\/posts"}],"about":[{"href":"https:\/\/rede-esmar.gal\/es\/wp-json\/wp\/v2\/types\/post"}],"author":[{"embeddable":true,"href":"https:\/\/rede-esmar.gal\/es\/wp-json\/wp\/v2\/users\/6"}],"replies":[{"embeddable":true,"href":"https:\/\/rede-esmar.gal\/es\/wp-json\/wp\/v2\/comments?post=16384"}],"version-history":[{"count":1,"href":"https:\/\/rede-esmar.gal\/es\/wp-json\/wp\/v2\/posts\/16384\/revisions"}],"predecessor-version":[{"id":16385,"href":"https:\/\/rede-esmar.gal\/es\/wp-json\/wp\/v2\/posts\/16384\/revisions\/16385"}],"wp:attachment":[{"href":"https:\/\/rede-esmar.gal\/es\/wp-json\/wp\/v2\/media?parent=16384"}],"wp:term":[{"taxonomy":"category","embeddable":true,"href":"https:\/\/rede-esmar.gal\/es\/wp-json\/wp\/v2\/categories?post=16384"},{"taxonomy":"post_tag","embeddable":true,"href":"https:\/\/rede-esmar.gal\/es\/wp-json\/wp\/v2\/tags?post=16384"}],"curies":[{"name":"wp","href":"https:\/\/api.w.org\/{rel}","templated":true}]}}