{"id":16395,"date":"2026-09-04T09:35:52","date_gmt":"2026-09-04T08:35:52","guid":{"rendered":"https:\/\/rede-esmar.gal\/?p=16395"},"modified":"2026-09-04T09:35:55","modified_gmt":"2026-09-04T08:35:55","slug":"axudas-para-persoas-armadoras-pola-paralizacion-temporal-da-actividade-pesqueira-no-golfo-de-biscaia-pe406i","status":"publish","type":"post","link":"https:\/\/rede-esmar.gal\/es\/axudas-para-persoas-armadoras-pola-paralizacion-temporal-da-actividade-pesqueira-no-golfo-de-biscaia-pe406i\/","title":{"rendered":"Ayudas para personas armadoras por la paralizaci\u00f3n temporal de la actividad pesquera en el Golfo de Vizcaya (PE406I)."},"content":{"rendered":"<p class=\"wp-block-paragraph\"><strong>Plazo de presentaci\u00f3n:<\/strong> 05\/09\/2026 00:00 \u2013 05\/10\/2026 23:59 (un mes contado desde el d\u00eda siguiente al de la publicaci\u00f3n de la orden en el DOG).<\/p>\n\n\n\n<p class=\"wp-block-paragraph translation-block\">La Conseller\u00eda del Mar convoca para el a\u00f1o 2026 las ayudas destinadas a las personas armadoras de embarcaciones afectadas por la paralizaci\u00f3n temporal de la actividad pesquera derivada de la prohibici\u00f3n de pesca aplicada entre el 22 de enero y el 20 de febrero de 2026 en determinadas aguas del Golfo de Vizcaya. Esta medida tiene como objetivo compensar econ\u00f3micamente los efectos de la parada obligatoria establecida para reducir las capturas accidentales de delf\u00edn com\u00fan (Delphinus delphis) y otros peque\u00f1os cet\u00e1ceos.<\/p>\n\n\n\n<h3 class=\"wp-block-heading\">Personas beneficiarias<\/h3>\n\n\n\n<p class=\"wp-block-paragraph\">Podr\u00e1n ser beneficiarias las personas armadoras de embarcaciones que:<\/p>\n\n\n\n<p class=\"wp-block-paragraph translation-block\">Est\u00e9n registradas como activas en el Registro General de la Flota Pesquera y en el Registro de Buques Pesqueros de la Comunidad Aut\u00f3noma de Galicia.\nHayan realizado actividad pesquera durante, al menos, 120 d\u00edas en los a\u00f1os 2024 y 2025.\nTengan puerto base en Galicia.\nDispongan de autorizaci\u00f3n para alguna de las modalidades afectadas por la prohibici\u00f3n.<\/p>\n\n\n\n<h3 class=\"wp-block-heading\">Requisitos principales<\/h3>\n\n\n\n<p class=\"wp-block-paragraph\">Las embarcaciones deber\u00e1n cumplir, entre otros, los siguientes requisitos:<\/p>\n\n\n\n<p class=\"wp-block-paragraph translation-block\">Pertenecer a la 3.\u00aa lista del Registro de Buques y Empresas Navieras.\nTener licencia o permiso de explotaci\u00f3n vigente en alguna de las modalidades afectadas.\nParalizar totalmente la actividad pesquera durante el per\u00edodo subvencionable.\nPermanecer en puerto durante la parada, salvo excepciones debidamente justificadas por motivos de seguridad, reparaci\u00f3n o participaci\u00f3n en eventos marineros tradicionales.\nPresentar la comunicaci\u00f3n del procedimiento de suspensi\u00f3n de los contratos de trabajo de la tripulaci\u00f3n, cuando corresponda.\nEstar al corriente de las obligaciones tributarias, con la Seguridad Social y con la Administraci\u00f3n auton\u00f3mica.<\/p>\n\n\n\n<h3 class=\"wp-block-heading\">Presupuesto<\/h3>\n\n\n\n<p class=\"wp-block-paragraph\">El cr\u00e9dito destinado a esta convocatoria asciende a&nbsp;<strong>376.330,46 euros<\/strong>.<\/p>\n\n\n\n<p class=\"wp-block-paragraph\">La financiaci\u00f3n se distribuir\u00e1 de la siguiente manera:<\/p>\n\n\n\n<p class=\"wp-block-paragraph translation-block\">70 % con cargo al Fondo Europeo Mar\u00edtimo, de Pesca y de Acuicultura (FEMPA).\n 30 % con cargo a la Administraci\u00f3n General del Estado.<\/p>\n\n\n\n<h3 class=\"wp-block-heading\">Caracter\u00edsticas de la ayuda<\/h3>\n\n\n\n<p class=\"wp-block-paragraph\">Se trata de una subvenci\u00f3n en r\u00e9gimen de concurrencia competitiva, dirigida a las embarcaciones de m\u00e1s de 8 metros que desarrollen su actividad mediante las siguientes artes:<\/p>\n\n\n\n<p class=\"wp-block-paragraph translation-block\">Arrastre pel\u00e1gico (PTM, OTM).\nArrastre de fondo en pareja (PTB).\nCerco con jareta (PS).\nRedes de enmalle de fondo (GNS).\nTrasmallos (GTR).\nRedes de enmalle y trasmallo combinadas (GTN).<\/p>\n\n\n\n<p class=\"wp-block-paragraph\">La parada subvencionable corresponde a 22 d\u00edas h\u00e1biles de actividad pesquera comprendidos entre el 22 de enero y el 20 de febrero de 2026.<\/p>\n\n\n\n<h3 class=\"wp-block-heading\">Criterios de valoraci\u00f3n<\/h3>\n\n\n\n<p class=\"wp-block-paragraph\">En caso de que las solicitudes superen la disponibilidad presupuestaria, se valorar\u00e1 principalmente:<\/p>\n\n\n\n<p class=\"wp-block-paragraph translation-block\">El nivel de actividad de la embarcaci\u00f3n en la pesquer\u00eda afectada durante los a\u00f1os 2024 y 2025.\nLa dependencia econ\u00f3mica de las capturas procedentes de la pesquer\u00eda del Golfo de Vizcaya durante el per\u00edodo 2021-2025.<\/p>\n\n\n\n<p class=\"wp-block-paragraph\">Fuente: <a href=\"https:\/\/www.xunta.gal\/dog\/Publicados\/2026\/20260904\/AnuncioG0427-240826-0003_gl.pdf\">Orde DOG Venres, 4 de setembro de 2026<\/a><\/p>","protected":false},"excerpt":{"rendered":"<p><span style=\"color: green;\">Plazo abierto<\/span>.<br \/>\nAxudas para persoas armadoras pola paralizaci\u00f3n temporal da actividade pesqueira no Golfo de Biscaia (PE406I) (&#8230;)<\/p>","protected":false},"author":6,"featured_media":0,"comment_status":"open","ping_status":"open","sticky":false,"template":"","format":"standard","meta":{"_acf_changed":false,"saved_in_kubio":false,"content-type":"","osom_blocks_metabox":"","_monsterinsights_skip_tracking":false,"_price":"","_stock":"","_tribe_ticket_header":"","_tribe_default_ticket_provider":"","_tribe_ticket_capacity":"0","_ticket_start_date":"","_ticket_end_date":"","_tribe_ticket_show_description":"","_tribe_ticket_show_not_going":false,"_tribe_ticket_use_global_stock":"","_tribe_ticket_global_stock_level":"","_global_stock_mode":"","_global_stock_cap":"","_tribe_rsvp_for_event":"","_tribe_ticket_going_count":"","_tribe_ticket_not_going_count":"","_tribe_tickets_list":"[]","_tribe_ticket_has_attendee_info_fields":false,"_EventAllDay":false,"_EventTimezone":"","_EventStartDate":"","_EventEndDate":"","_EventStartDateUTC":"","_EventEndDateUTC":"","_EventShowMap":false,"_EventShowMapLink":false,"_EventURL":"","_EventCost":"","_EventCostDescription":"","_EventCurrencySymbol":"","_EventCurrencyCode":"","_EventCurrencyPosition":"","_EventDateTimeSeparator":"","_EventTimeRangeSeparator":"","_EventOrganizerID":[],"_EventVenueID":[],"_OrganizerEmail":"","_OrganizerPhone":"","_OrganizerWebsite":"","_VenueAddress":"","_VenueCity":"","_VenueCountry":"","_VenueProvince":"","_VenueState":"","_VenueZip":"","_VenuePhone":"","_VenueURL":"","_VenueStateProvince":"","_VenueLat":"","_VenueLng":"","_VenueShowMap":false,"_VenueShowMapLink":false,"_jetpack_newsletter_access":"","_jetpack_dont_email_post_to_subs":false,"_jetpack_newsletter_tier_id":0,"_jetpack_memberships_contains_paywalled_content":false,"_jetpack_feature_clip_id":0,"_jetpack_memberships_contains_paid_content":false,"footnotes":"","jetpack_post_was_ever_published":false},"categories":[14],"tags":[],"class_list":["post-16395","post","type-post","status-publish","format-standard","hentry","category-axudas"],"acf":[],"yoast_head":"<!-- This site is optimized with the Yoast SEO plugin v28.3 - https:\/\/yoast.com\/product\/yoast-seo-wordpress\/ -->\n<title>Axudas para persoas armadoras pola paralizaci\u00f3n temporal da actividade pesqueira no Golfo de Biscaia (PE406I) - ES\u00b7MAR<\/title>\n<meta name=\"robots\" content=\"index, follow, max-snippet:-1, max-image-preview:large, max-video-preview:-1\" \/>\n<link rel=\"canonical\" href=\"https:\/\/rede-esmar.gal\/es\/axudas-para-persoas-armadoras-pola-paralizacion-temporal-da-actividade-pesqueira-no-golfo-de-biscaia-pe406i\/\" \/>\n<meta property=\"og:locale\" content=\"es_ES\" \/>\n<meta property=\"og:type\" content=\"article\" \/>\n<meta property=\"og:title\" content=\"Axudas para persoas armadoras pola paralizaci\u00f3n temporal da actividade pesqueira no Golfo de Biscaia (PE406I) - ES\u00b7MAR\" \/>\n<meta property=\"og:description\" content=\"Prazo aberto. Axudas para persoas armadoras pola paralizaci\u00f3n temporal da actividade pesqueira no Golfo de Biscaia (PE406I) (...)\" \/>\n<meta property=\"og:url\" content=\"https:\/\/rede-esmar.gal\/es\/axudas-para-persoas-armadoras-pola-paralizacion-temporal-da-actividade-pesqueira-no-golfo-de-biscaia-pe406i\/\" \/>\n<meta property=\"og:site_name\" content=\"ES\u00b7MAR\" \/>\n<meta property=\"article:published_time\" content=\"2026-09-04T08:35:52+00:00\" \/>\n<meta property=\"article:modified_time\" content=\"2026-09-04T08:35:55+00:00\" \/>\n<meta name=\"author\" content=\"Equipo coordinaci\u00f3n\" \/>\n<meta name=\"twitter:card\" content=\"summary_large_image\" \/>\n<meta name=\"twitter:label1\" content=\"Escrito por\" \/>\n\t<meta name=\"twitter:data1\" content=\"Equipo coordinaci\u00f3n\" \/>\n\t<meta name=\"twitter:label2\" content=\"Tiempo de lectura\" \/>\n\t<meta name=\"twitter:data2\" content=\"2 minutos\" \/>\n<script type=\"application\/ld+json\" class=\"yoast-schema-graph\">{\"@context\":\"https:\\\/\\\/schema.org\",\"@graph\":[{\"@type\":\"Article\",\"@id\":\"https:\\\/\\\/rede-esmar.gal\\\/axudas-para-persoas-armadoras-pola-paralizacion-temporal-da-actividade-pesqueira-no-golfo-de-biscaia-pe406i\\\/#article\",\"isPartOf\":{\"@id\":\"https:\\\/\\\/rede-esmar.gal\\\/axudas-para-persoas-armadoras-pola-paralizacion-temporal-da-actividade-pesqueira-no-golfo-de-biscaia-pe406i\\\/\"},\"author\":{\"name\":\"Equipo coordinaci\u00f3n\",\"@id\":\"https:\\\/\\\/rede-esmar.gal\\\/#\\\/schema\\\/person\\\/139b8b85b73b930d041c72a3752be3a2\"},\"headline\":\"Axudas para persoas armadoras pola paralizaci\u00f3n temporal da actividade pesqueira no Golfo de Biscaia (PE406I)\",\"datePublished\":\"2026-09-04T08:35:52+00:00\",\"dateModified\":\"2026-09-04T08:35:55+00:00\",\"mainEntityOfPage\":{\"@id\":\"https:\\\/\\\/rede-esmar.gal\\\/axudas-para-persoas-armadoras-pola-paralizacion-temporal-da-actividade-pesqueira-no-golfo-de-biscaia-pe406i\\\/\"},\"wordCount\":462,\"commentCount\":0,\"publisher\":{\"@id\":\"https:\\\/\\\/rede-esmar.gal\\\/#organization\"},\"articleSection\":[\"Axudas\"],\"inLanguage\":\"es\",\"potentialAction\":[{\"@type\":\"CommentAction\",\"name\":\"Comment\",\"target\":[\"https:\\\/\\\/rede-esmar.gal\\\/axudas-para-persoas-armadoras-pola-paralizacion-temporal-da-actividade-pesqueira-no-golfo-de-biscaia-pe406i\\\/#respond\"]}]},{\"@type\":\"WebPage\",\"@id\":\"https:\\\/\\\/rede-esmar.gal\\\/axudas-para-persoas-armadoras-pola-paralizacion-temporal-da-actividade-pesqueira-no-golfo-de-biscaia-pe406i\\\/\",\"url\":\"https:\\\/\\\/rede-esmar.gal\\\/axudas-para-persoas-armadoras-pola-paralizacion-temporal-da-actividade-pesqueira-no-golfo-de-biscaia-pe406i\\\/\",\"name\":\"Axudas para persoas armadoras pola paralizaci\u00f3n temporal da actividade pesqueira no Golfo de Biscaia (PE406I) - ES\u00b7MAR\",\"isPartOf\":{\"@id\":\"https:\\\/\\\/rede-esmar.gal\\\/#website\"},\"datePublished\":\"2026-09-04T08:35:52+00:00\",\"dateModified\":\"2026-09-04T08:35:55+00:00\",\"breadcrumb\":{\"@id\":\"https:\\\/\\\/rede-esmar.gal\\\/axudas-para-persoas-armadoras-pola-paralizacion-temporal-da-actividade-pesqueira-no-golfo-de-biscaia-pe406i\\\/#breadcrumb\"},\"inLanguage\":\"es\",\"potentialAction\":[{\"@type\":\"ReadAction\",\"target\":[\"https:\\\/\\\/rede-esmar.gal\\\/axudas-para-persoas-armadoras-pola-paralizacion-temporal-da-actividade-pesqueira-no-golfo-de-biscaia-pe406i\\\/\"]}]},{\"@type\":\"BreadcrumbList\",\"@id\":\"https:\\\/\\\/rede-esmar.gal\\\/axudas-para-persoas-armadoras-pola-paralizacion-temporal-da-actividade-pesqueira-no-golfo-de-biscaia-pe406i\\\/#breadcrumb\",\"itemListElement\":[{\"@type\":\"ListItem\",\"position\":1,\"name\":\"Portada\",\"item\":\"https:\\\/\\\/rede-esmar.gal\\\/\"},{\"@type\":\"ListItem\",\"position\":2,\"name\":\"Axudas para persoas armadoras pola paralizaci\u00f3n temporal da actividade pesqueira no Golfo de Biscaia (PE406I)\"}]},{\"@type\":\"WebSite\",\"@id\":\"https:\\\/\\\/rede-esmar.gal\\\/#website\",\"url\":\"https:\\\/\\\/rede-esmar.gal\\\/\",\"name\":\"ES\u00b7MAR\",\"description\":\"\",\"publisher\":{\"@id\":\"https:\\\/\\\/rede-esmar.gal\\\/#organization\"},\"potentialAction\":[{\"@type\":\"SearchAction\",\"target\":{\"@type\":\"EntryPoint\",\"urlTemplate\":\"https:\\\/\\\/rede-esmar.gal\\\/?s={search_term_string}\"},\"query-input\":{\"@type\":\"PropertyValueSpecification\",\"valueRequired\":true,\"valueName\":\"search_term_string\"}}],\"inLanguage\":\"es\"},{\"@type\":\"Organization\",\"@id\":\"https:\\\/\\\/rede-esmar.gal\\\/#organization\",\"name\":\"ES\u00b7MAR\",\"url\":\"https:\\\/\\\/rede-esmar.gal\\\/\",\"logo\":{\"@type\":\"ImageObject\",\"inLanguage\":\"es\",\"@id\":\"https:\\\/\\\/rede-esmar.gal\\\/#\\\/schema\\\/logo\\\/image\\\/\",\"url\":\"https:\\\/\\\/rede-esmar.gal\\\/wp-content\\\/uploads\\\/2025\\\/01\\\/logo-web-blanco-1.png\",\"contentUrl\":\"https:\\\/\\\/rede-esmar.gal\\\/wp-content\\\/uploads\\\/2025\\\/01\\\/logo-web-blanco-1.png\",\"width\":300,\"height\":99,\"caption\":\"ES\u00b7MAR\"},\"image\":{\"@id\":\"https:\\\/\\\/rede-esmar.gal\\\/#\\\/schema\\\/logo\\\/image\\\/\"}},{\"@type\":\"Person\",\"@id\":\"https:\\\/\\\/rede-esmar.gal\\\/#\\\/schema\\\/person\\\/139b8b85b73b930d041c72a3752be3a2\",\"name\":\"Equipo coordinaci\u00f3n\",\"image\":{\"@type\":\"ImageObject\",\"inLanguage\":\"es\",\"@id\":\"https:\\\/\\\/secure.gravatar.com\\\/avatar\\\/1657796bae48b176549583af5705703e508f48da5381d1fe2483d52d5e348589?s=96&d=mm&r=g\",\"url\":\"https:\\\/\\\/secure.gravatar.com\\\/avatar\\\/1657796bae48b176549583af5705703e508f48da5381d1fe2483d52d5e348589?s=96&d=mm&r=g\",\"contentUrl\":\"https:\\\/\\\/secure.gravatar.com\\\/avatar\\\/1657796bae48b176549583af5705703e508f48da5381d1fe2483d52d5e348589?s=96&d=mm&r=g\",\"caption\":\"Equipo coordinaci\u00f3n\"},\"url\":\"https:\\\/\\\/rede-esmar.gal\\\/es\\\/author\\\/marta\\\/\"}]}<\/script>\n<!-- \/ Yoast SEO plugin. -->","yoast_head_json":{"title":"Axudas para persoas armadoras pola paralizaci\u00f3n temporal da actividade pesqueira no Golfo de Biscaia (PE406I) - ES\u00b7MAR","robots":{"index":"index","follow":"follow","max-snippet":"max-snippet:-1","max-image-preview":"max-image-preview:large","max-video-preview":"max-video-preview:-1"},"canonical":"https:\/\/rede-esmar.gal\/es\/axudas-para-persoas-armadoras-pola-paralizacion-temporal-da-actividade-pesqueira-no-golfo-de-biscaia-pe406i\/","og_locale":"es_ES","og_type":"article","og_title":"Axudas para persoas armadoras pola paralizaci\u00f3n temporal da actividade pesqueira no Golfo de Biscaia (PE406I) - ES\u00b7MAR","og_description":"Prazo aberto. Axudas para persoas armadoras pola paralizaci\u00f3n temporal da actividade pesqueira no Golfo de Biscaia (PE406I) (...)","og_url":"https:\/\/rede-esmar.gal\/es\/axudas-para-persoas-armadoras-pola-paralizacion-temporal-da-actividade-pesqueira-no-golfo-de-biscaia-pe406i\/","og_site_name":"ES\u00b7MAR","article_published_time":"2026-09-04T08:35:52+00:00","article_modified_time":"2026-09-04T08:35:55+00:00","author":"Equipo coordinaci\u00f3n","twitter_card":"summary_large_image","twitter_misc":{"Escrito por":"Equipo coordinaci\u00f3n","Tiempo de lectura":"2 minutos"},"schema":{"@context":"https:\/\/schema.org","@graph":[{"@type":"Article","@id":"https:\/\/rede-esmar.gal\/axudas-para-persoas-armadoras-pola-paralizacion-temporal-da-actividade-pesqueira-no-golfo-de-biscaia-pe406i\/#article","isPartOf":{"@id":"https:\/\/rede-esmar.gal\/axudas-para-persoas-armadoras-pola-paralizacion-temporal-da-actividade-pesqueira-no-golfo-de-biscaia-pe406i\/"},"author":{"name":"Equipo coordinaci\u00f3n","@id":"https:\/\/rede-esmar.gal\/#\/schema\/person\/139b8b85b73b930d041c72a3752be3a2"},"headline":"Axudas para persoas armadoras pola paralizaci\u00f3n temporal da actividade pesqueira no Golfo de Biscaia (PE406I)","datePublished":"2026-09-04T08:35:52+00:00","dateModified":"2026-09-04T08:35:55+00:00","mainEntityOfPage":{"@id":"https:\/\/rede-esmar.gal\/axudas-para-persoas-armadoras-pola-paralizacion-temporal-da-actividade-pesqueira-no-golfo-de-biscaia-pe406i\/"},"wordCount":462,"commentCount":0,"publisher":{"@id":"https:\/\/rede-esmar.gal\/#organization"},"articleSection":["Axudas"],"inLanguage":"es","potentialAction":[{"@type":"CommentAction","name":"Comment","target":["https:\/\/rede-esmar.gal\/axudas-para-persoas-armadoras-pola-paralizacion-temporal-da-actividade-pesqueira-no-golfo-de-biscaia-pe406i\/#respond"]}]},{"@type":"WebPage","@id":"https:\/\/rede-esmar.gal\/axudas-para-persoas-armadoras-pola-paralizacion-temporal-da-actividade-pesqueira-no-golfo-de-biscaia-pe406i\/","url":"https:\/\/rede-esmar.gal\/axudas-para-persoas-armadoras-pola-paralizacion-temporal-da-actividade-pesqueira-no-golfo-de-biscaia-pe406i\/","name":"Axudas para persoas armadoras pola paralizaci\u00f3n temporal da actividade pesqueira no Golfo de Biscaia (PE406I) - ES\u00b7MAR","isPartOf":{"@id":"https:\/\/rede-esmar.gal\/#website"},"datePublished":"2026-09-04T08:35:52+00:00","dateModified":"2026-09-04T08:35:55+00:00","breadcrumb":{"@id":"https:\/\/rede-esmar.gal\/axudas-para-persoas-armadoras-pola-paralizacion-temporal-da-actividade-pesqueira-no-golfo-de-biscaia-pe406i\/#breadcrumb"},"inLanguage":"es","potentialAction":[{"@type":"ReadAction","target":["https:\/\/rede-esmar.gal\/axudas-para-persoas-armadoras-pola-paralizacion-temporal-da-actividade-pesqueira-no-golfo-de-biscaia-pe406i\/"]}]},{"@type":"BreadcrumbList","@id":"https:\/\/rede-esmar.gal\/axudas-para-persoas-armadoras-pola-paralizacion-temporal-da-actividade-pesqueira-no-golfo-de-biscaia-pe406i\/#breadcrumb","itemListElement":[{"@type":"ListItem","position":1,"name":"Portada","item":"https:\/\/rede-esmar.gal\/"},{"@type":"ListItem","position":2,"name":"Axudas para persoas armadoras pola paralizaci\u00f3n temporal da actividade pesqueira no Golfo de Biscaia (PE406I)"}]},{"@type":"WebSite","@id":"https:\/\/rede-esmar.gal\/#website","url":"https:\/\/rede-esmar.gal\/","name":"ES\u00b7MAR","description":"","publisher":{"@id":"https:\/\/rede-esmar.gal\/#organization"},"potentialAction":[{"@type":"SearchAction","target":{"@type":"EntryPoint","urlTemplate":"https:\/\/rede-esmar.gal\/?s={search_term_string}"},"query-input":{"@type":"PropertyValueSpecification","valueRequired":true,"valueName":"search_term_string"}}],"inLanguage":"es"},{"@type":"Organization","@id":"https:\/\/rede-esmar.gal\/#organization","name":"ES\u00b7MAR","url":"https:\/\/rede-esmar.gal\/","logo":{"@type":"ImageObject","inLanguage":"es","@id":"https:\/\/rede-esmar.gal\/#\/schema\/logo\/image\/","url":"https:\/\/rede-esmar.gal\/wp-content\/uploads\/2025\/01\/logo-web-blanco-1.png","contentUrl":"https:\/\/rede-esmar.gal\/wp-content\/uploads\/2025\/01\/logo-web-blanco-1.png","width":300,"height":99,"caption":"ES\u00b7MAR"},"image":{"@id":"https:\/\/rede-esmar.gal\/#\/schema\/logo\/image\/"}},{"@type":"Person","@id":"https:\/\/rede-esmar.gal\/#\/schema\/person\/139b8b85b73b930d041c72a3752be3a2","name":"Equipo coordinaci\u00f3n","image":{"@type":"ImageObject","inLanguage":"es","@id":"https:\/\/secure.gravatar.com\/avatar\/1657796bae48b176549583af5705703e508f48da5381d1fe2483d52d5e348589?s=96&d=mm&r=g","url":"https:\/\/secure.gravatar.com\/avatar\/1657796bae48b176549583af5705703e508f48da5381d1fe2483d52d5e348589?s=96&d=mm&r=g","contentUrl":"https:\/\/secure.gravatar.com\/avatar\/1657796bae48b176549583af5705703e508f48da5381d1fe2483d52d5e348589?s=96&d=mm&r=g","caption":"Equipo coordinaci\u00f3n"},"url":"https:\/\/rede-esmar.gal\/es\/author\/marta\/"}]}},"jetpack_sharing_enabled":true,"jetpack_featured_media_url":"","_links":{"self":[{"href":"https:\/\/rede-esmar.gal\/es\/wp-json\/wp\/v2\/posts\/16395","targetHints":{"allow":["GET"]}}],"collection":[{"href":"https:\/\/rede-esmar.gal\/es\/wp-json\/wp\/v2\/posts"}],"about":[{"href":"https:\/\/rede-esmar.gal\/es\/wp-json\/wp\/v2\/types\/post"}],"author":[{"embeddable":true,"href":"https:\/\/rede-esmar.gal\/es\/wp-json\/wp\/v2\/users\/6"}],"replies":[{"embeddable":true,"href":"https:\/\/rede-esmar.gal\/es\/wp-json\/wp\/v2\/comments?post=16395"}],"version-history":[{"count":2,"href":"https:\/\/rede-esmar.gal\/es\/wp-json\/wp\/v2\/posts\/16395\/revisions"}],"predecessor-version":[{"id":16397,"href":"https:\/\/rede-esmar.gal\/es\/wp-json\/wp\/v2\/posts\/16395\/revisions\/16397"}],"wp:attachment":[{"href":"https:\/\/rede-esmar.gal\/es\/wp-json\/wp\/v2\/media?parent=16395"}],"wp:term":[{"taxonomy":"category","embeddable":true,"href":"https:\/\/rede-esmar.gal\/es\/wp-json\/wp\/v2\/categories?post=16395"},{"taxonomy":"post_tag","embeddable":true,"href":"https:\/\/rede-esmar.gal\/es\/wp-json\/wp\/v2\/tags?post=16395"}],"curies":[{"name":"wp","href":"https:\/\/api.w.org\/{rel}","templated":true}]}}