{"id":2065,"date":"2025-03-31T08:02:08","date_gmt":"2025-03-31T08:02:08","guid":{"rendered":"https:\/\/rede-esmar.gal\/?p=2065"},"modified":"2025-03-31T08:02:08","modified_gmt":"2025-03-31T08:02:08","slug":"o-cima-conclue-o-estudo-preliminar-sobre-a-presenza-da-ouxa-no-litoral-galego-e-senta-as-bases-dun-futuro-proxecto-redemar","status":"publish","type":"post","link":"https:\/\/rede-esmar.gal\/es\/o-cima-conclue-o-estudo-preliminar-sobre-a-presenza-da-ouxa-no-litoral-galego-e-senta-as-bases-dun-futuro-proxecto-redemar\/","title":{"rendered":"La CIMA concluye el estudio preliminar sobre la presencia de la otra en el litoral gallego y senta las bases de un futuro proyecto Redemar"},"content":{"rendered":"<p>La Centro de Investigaciones Marinas (CIMA) concluye el estudio preliminar sobre la presencia de la oua en el litoral gallego. De esta forma, con este documento, el ente, dependiente de la Conseller\u00eda del Mar, sienta las bases de la hoja de ruta a continuaci\u00f3n en este campo para la puesta en marcha de un futuro proyecto Redemar. La directora general de Desarrollo Pesquero, Marta Villaverde, acompa\u00f1ada por la directora del Cetmar, Rosa Chapela, asisti\u00f3 al acto en el que se dio cuenta de esta iniciativa, en la que, seg\u00fan apunt\u00f3 el director del CIMA, Carlos Gab\u00edn, se lleva trabajando siete meses, en colaboraci\u00f3n con la Federaci\u00f3n Gallega de Cofrad\u00edas de Pescadores, la Unidad T\u00e9cnica de Pesca de Bajura (UTPB) y el Centro Tecnol\u00f3gico del Mar (Cetmar),  adem\u00e1s de contar con las aportaciones de las cofrad\u00edas de pescadores.<\/p>\n\n\n\n<p>Conseller\u00eda do Mar<\/p>\n\n\n\n<p><a href=\"https:\/\/mar.xunta.gal\/gl\/informacion\/novas\/nova?time=03312025093025&#038;id=nova_011023.html\"><a href=\"https:\/\/mar.xunta.gal\/gl\/informacion\/novas\/nova?time=03312025093025&#038;id=nova_011023.html\">O CIMA concl\u00fae o estudo preliminar sobre a presenza da ouxa no litoral galego<\/a><\/a><\/p>\n\n\n\n<p><\/p>","protected":false},"excerpt":{"rendered":"<p>La Centro de Investigaciones Marinas (CIMA) concluye el estudio preliminar sobre la presencia de la oua en el litoral (...)<\/p>","protected":false},"author":6,"featured_media":0,"comment_status":"open","ping_status":"open","sticky":false,"template":"","format":"standard","meta":{"_acf_changed":false,"saved_in_kubio":false,"content-type":"","osom_blocks_metabox":"","_monsterinsights_skip_tracking":false,"_monsterinsights_sitenote_active":false,"_monsterinsights_sitenote_note":"","_monsterinsights_sitenote_category":0,"_price":"","_stock":"","_tribe_ticket_header":"","_tribe_default_ticket_provider":"","_tribe_ticket_capacity":"0","_ticket_start_date":"","_ticket_end_date":"","_tribe_ticket_show_description":"","_tribe_ticket_show_not_going":false,"_tribe_ticket_use_global_stock":"","_tribe_ticket_global_stock_level":"","_global_stock_mode":"","_global_stock_cap":"","_tribe_rsvp_for_event":"","_tribe_ticket_going_count":"","_tribe_ticket_not_going_count":"","_tribe_tickets_list":"[]","_tribe_ticket_has_attendee_info_fields":false,"_EventAllDay":false,"_EventTimezone":"","_EventStartDate":"","_EventEndDate":"","_EventStartDateUTC":"","_EventEndDateUTC":"","_EventShowMap":false,"_EventShowMapLink":false,"_EventURL":"","_EventCost":"","_EventCostDescription":"","_EventCurrencySymbol":"","_EventCurrencyCode":"","_EventCurrencyPosition":"","_EventDateTimeSeparator":"","_EventTimeRangeSeparator":"","_EventOrganizerID":[],"_EventVenueID":[],"_OrganizerEmail":"","_OrganizerPhone":"","_OrganizerWebsite":"","_VenueAddress":"","_VenueCity":"","_VenueCountry":"","_VenueProvince":"","_VenueState":"","_VenueZip":"","_VenuePhone":"","_VenueURL":"","_VenueStateProvince":"","_VenueLat":"","_VenueLng":"","_VenueShowMap":false,"_VenueShowMapLink":false,"_jetpack_memberships_contains_paid_content":false,"footnotes":""},"categories":[1],"tags":[],"class_list":["post-2065","post","type-post","status-publish","format-standard","hentry","category-actualidade"],"acf":[],"yoast_head":"<!-- This site is optimized with the Yoast SEO plugin v26.1.1 - https:\/\/yoast.com\/wordpress\/plugins\/seo\/ -->\n<title>O CIMA concl\u00fae o estudo preliminar sobre a presenza da ouxa no litoral galego e senta as bases dun futuro proxecto Redemar - ES\u00b7MAR<\/title>\n<meta name=\"robots\" content=\"index, follow, max-snippet:-1, max-image-preview:large, max-video-preview:-1\" \/>\n<link rel=\"canonical\" href=\"https:\/\/rede-esmar.gal\/es\/o-cima-conclue-o-estudo-preliminar-sobre-a-presenza-da-ouxa-no-litoral-galego-e-senta-as-bases-dun-futuro-proxecto-redemar\/\" \/>\n<meta property=\"og:locale\" content=\"es_ES\" \/>\n<meta property=\"og:type\" content=\"article\" \/>\n<meta property=\"og:title\" content=\"O CIMA concl\u00fae o estudo preliminar sobre a presenza da ouxa no litoral galego e senta as bases dun futuro proxecto Redemar - ES\u00b7MAR\" \/>\n<meta property=\"og:description\" content=\"A Centro de Investigaci\u00f3ns Mari\u00f1as (CIMA) concl\u00fae o estudo preliminar sobre a presenza da ouxa no litoral (...)\" \/>\n<meta property=\"og:url\" content=\"https:\/\/rede-esmar.gal\/es\/o-cima-conclue-o-estudo-preliminar-sobre-a-presenza-da-ouxa-no-litoral-galego-e-senta-as-bases-dun-futuro-proxecto-redemar\/\" \/>\n<meta property=\"og:site_name\" content=\"ES\u00b7MAR\" \/>\n<meta property=\"article:published_time\" content=\"2025-03-31T08:02:08+00:00\" \/>\n<meta name=\"author\" content=\"Equipo coordinaci\u00f3n\" \/>\n<meta name=\"twitter:card\" content=\"summary_large_image\" \/>\n<meta name=\"twitter:label1\" content=\"Escrito por\" \/>\n\t<meta name=\"twitter:data1\" content=\"Equipo coordinaci\u00f3n\" \/>\n\t<meta name=\"twitter:label2\" content=\"Tiempo de lectura\" \/>\n\t<meta name=\"twitter:data2\" content=\"1 minuto\" \/>\n<script type=\"application\/ld+json\" class=\"yoast-schema-graph\">{\"@context\":\"https:\/\/schema.org\",\"@graph\":[{\"@type\":\"Article\",\"@id\":\"https:\/\/rede-esmar.gal\/o-cima-conclue-o-estudo-preliminar-sobre-a-presenza-da-ouxa-no-litoral-galego-e-senta-as-bases-dun-futuro-proxecto-redemar\/#article\",\"isPartOf\":{\"@id\":\"https:\/\/rede-esmar.gal\/o-cima-conclue-o-estudo-preliminar-sobre-a-presenza-da-ouxa-no-litoral-galego-e-senta-as-bases-dun-futuro-proxecto-redemar\/\"},\"author\":{\"name\":\"Equipo coordinaci\u00f3n\",\"@id\":\"https:\/\/rede-esmar.gal\/#\/schema\/person\/139b8b85b73b930d041c72a3752be3a2\"},\"headline\":\"O CIMA concl\u00fae o estudo preliminar sobre a presenza da ouxa no litoral galego e senta as bases dun futuro proxecto Redemar\",\"datePublished\":\"2025-03-31T08:02:08+00:00\",\"mainEntityOfPage\":{\"@id\":\"https:\/\/rede-esmar.gal\/o-cima-conclue-o-estudo-preliminar-sobre-a-presenza-da-ouxa-no-litoral-galego-e-senta-as-bases-dun-futuro-proxecto-redemar\/\"},\"wordCount\":177,\"commentCount\":0,\"publisher\":{\"@id\":\"https:\/\/rede-esmar.gal\/#organization\"},\"articleSection\":[\"Actualidade\"],\"inLanguage\":\"es\",\"potentialAction\":[{\"@type\":\"CommentAction\",\"name\":\"Comment\",\"target\":[\"https:\/\/rede-esmar.gal\/o-cima-conclue-o-estudo-preliminar-sobre-a-presenza-da-ouxa-no-litoral-galego-e-senta-as-bases-dun-futuro-proxecto-redemar\/#respond\"]}]},{\"@type\":\"WebPage\",\"@id\":\"https:\/\/rede-esmar.gal\/o-cima-conclue-o-estudo-preliminar-sobre-a-presenza-da-ouxa-no-litoral-galego-e-senta-as-bases-dun-futuro-proxecto-redemar\/\",\"url\":\"https:\/\/rede-esmar.gal\/o-cima-conclue-o-estudo-preliminar-sobre-a-presenza-da-ouxa-no-litoral-galego-e-senta-as-bases-dun-futuro-proxecto-redemar\/\",\"name\":\"O CIMA concl\u00fae o estudo preliminar sobre a presenza da ouxa no litoral galego e senta as bases dun futuro proxecto Redemar - ES\u00b7MAR\",\"isPartOf\":{\"@id\":\"https:\/\/rede-esmar.gal\/#website\"},\"datePublished\":\"2025-03-31T08:02:08+00:00\",\"breadcrumb\":{\"@id\":\"https:\/\/rede-esmar.gal\/o-cima-conclue-o-estudo-preliminar-sobre-a-presenza-da-ouxa-no-litoral-galego-e-senta-as-bases-dun-futuro-proxecto-redemar\/#breadcrumb\"},\"inLanguage\":\"es\",\"potentialAction\":[{\"@type\":\"ReadAction\",\"target\":[\"https:\/\/rede-esmar.gal\/o-cima-conclue-o-estudo-preliminar-sobre-a-presenza-da-ouxa-no-litoral-galego-e-senta-as-bases-dun-futuro-proxecto-redemar\/\"]}]},{\"@type\":\"BreadcrumbList\",\"@id\":\"https:\/\/rede-esmar.gal\/o-cima-conclue-o-estudo-preliminar-sobre-a-presenza-da-ouxa-no-litoral-galego-e-senta-as-bases-dun-futuro-proxecto-redemar\/#breadcrumb\",\"itemListElement\":[{\"@type\":\"ListItem\",\"position\":1,\"name\":\"Portada\",\"item\":\"https:\/\/rede-esmar.gal\/\"},{\"@type\":\"ListItem\",\"position\":2,\"name\":\"O CIMA concl\u00fae o estudo preliminar sobre a presenza da ouxa no litoral galego e senta as bases dun futuro proxecto Redemar\"}]},{\"@type\":\"WebSite\",\"@id\":\"https:\/\/rede-esmar.gal\/#website\",\"url\":\"https:\/\/rede-esmar.gal\/\",\"name\":\"ES\u00b7MAR\",\"description\":\"\",\"publisher\":{\"@id\":\"https:\/\/rede-esmar.gal\/#organization\"},\"potentialAction\":[{\"@type\":\"SearchAction\",\"target\":{\"@type\":\"EntryPoint\",\"urlTemplate\":\"https:\/\/rede-esmar.gal\/?s={search_term_string}\"},\"query-input\":{\"@type\":\"PropertyValueSpecification\",\"valueRequired\":true,\"valueName\":\"search_term_string\"}}],\"inLanguage\":\"es\"},{\"@type\":\"Organization\",\"@id\":\"https:\/\/rede-esmar.gal\/#organization\",\"name\":\"ES\u00b7MAR\",\"url\":\"https:\/\/rede-esmar.gal\/\",\"logo\":{\"@type\":\"ImageObject\",\"inLanguage\":\"es\",\"@id\":\"https:\/\/rede-esmar.gal\/#\/schema\/logo\/image\/\",\"url\":\"https:\/\/rede-esmar.gal\/wp-content\/uploads\/2025\/01\/logo-web-blanco-1.png\",\"contentUrl\":\"https:\/\/rede-esmar.gal\/wp-content\/uploads\/2025\/01\/logo-web-blanco-1.png\",\"width\":300,\"height\":99,\"caption\":\"ES\u00b7MAR\"},\"image\":{\"@id\":\"https:\/\/rede-esmar.gal\/#\/schema\/logo\/image\/\"}},{\"@type\":\"Person\",\"@id\":\"https:\/\/rede-esmar.gal\/#\/schema\/person\/139b8b85b73b930d041c72a3752be3a2\",\"name\":\"Equipo coordinaci\u00f3n\",\"image\":{\"@type\":\"ImageObject\",\"inLanguage\":\"es\",\"@id\":\"https:\/\/rede-esmar.gal\/#\/schema\/person\/image\/\",\"url\":\"https:\/\/secure.gravatar.com\/avatar\/489362bff200fce5cfc1d56577a36629?s=96&d=mm&r=g\",\"contentUrl\":\"https:\/\/secure.gravatar.com\/avatar\/489362bff200fce5cfc1d56577a36629?s=96&d=mm&r=g\",\"caption\":\"Equipo coordinaci\u00f3n\"},\"url\":\"https:\/\/rede-esmar.gal\/es\/author\/marta\/\"}]}<\/script>\n<!-- \/ Yoast SEO plugin. -->","yoast_head_json":{"title":"O CIMA concl\u00fae o estudo preliminar sobre a presenza da ouxa no litoral galego e senta as bases dun futuro proxecto Redemar - ES\u00b7MAR","robots":{"index":"index","follow":"follow","max-snippet":"max-snippet:-1","max-image-preview":"max-image-preview:large","max-video-preview":"max-video-preview:-1"},"canonical":"https:\/\/rede-esmar.gal\/es\/o-cima-conclue-o-estudo-preliminar-sobre-a-presenza-da-ouxa-no-litoral-galego-e-senta-as-bases-dun-futuro-proxecto-redemar\/","og_locale":"es_ES","og_type":"article","og_title":"O CIMA concl\u00fae o estudo preliminar sobre a presenza da ouxa no litoral galego e senta as bases dun futuro proxecto Redemar - ES\u00b7MAR","og_description":"A Centro de Investigaci\u00f3ns Mari\u00f1as (CIMA) concl\u00fae o estudo preliminar sobre a presenza da ouxa no litoral (...)","og_url":"https:\/\/rede-esmar.gal\/es\/o-cima-conclue-o-estudo-preliminar-sobre-a-presenza-da-ouxa-no-litoral-galego-e-senta-as-bases-dun-futuro-proxecto-redemar\/","og_site_name":"ES\u00b7MAR","article_published_time":"2025-03-31T08:02:08+00:00","author":"Equipo coordinaci\u00f3n","twitter_card":"summary_large_image","twitter_misc":{"Escrito por":"Equipo coordinaci\u00f3n","Tiempo de lectura":"1 minuto"},"schema":{"@context":"https:\/\/schema.org","@graph":[{"@type":"Article","@id":"https:\/\/rede-esmar.gal\/o-cima-conclue-o-estudo-preliminar-sobre-a-presenza-da-ouxa-no-litoral-galego-e-senta-as-bases-dun-futuro-proxecto-redemar\/#article","isPartOf":{"@id":"https:\/\/rede-esmar.gal\/o-cima-conclue-o-estudo-preliminar-sobre-a-presenza-da-ouxa-no-litoral-galego-e-senta-as-bases-dun-futuro-proxecto-redemar\/"},"author":{"name":"Equipo coordinaci\u00f3n","@id":"https:\/\/rede-esmar.gal\/#\/schema\/person\/139b8b85b73b930d041c72a3752be3a2"},"headline":"O CIMA concl\u00fae o estudo preliminar sobre a presenza da ouxa no litoral galego e senta as bases dun futuro proxecto Redemar","datePublished":"2025-03-31T08:02:08+00:00","mainEntityOfPage":{"@id":"https:\/\/rede-esmar.gal\/o-cima-conclue-o-estudo-preliminar-sobre-a-presenza-da-ouxa-no-litoral-galego-e-senta-as-bases-dun-futuro-proxecto-redemar\/"},"wordCount":177,"commentCount":0,"publisher":{"@id":"https:\/\/rede-esmar.gal\/#organization"},"articleSection":["Actualidade"],"inLanguage":"es","potentialAction":[{"@type":"CommentAction","name":"Comment","target":["https:\/\/rede-esmar.gal\/o-cima-conclue-o-estudo-preliminar-sobre-a-presenza-da-ouxa-no-litoral-galego-e-senta-as-bases-dun-futuro-proxecto-redemar\/#respond"]}]},{"@type":"WebPage","@id":"https:\/\/rede-esmar.gal\/o-cima-conclue-o-estudo-preliminar-sobre-a-presenza-da-ouxa-no-litoral-galego-e-senta-as-bases-dun-futuro-proxecto-redemar\/","url":"https:\/\/rede-esmar.gal\/o-cima-conclue-o-estudo-preliminar-sobre-a-presenza-da-ouxa-no-litoral-galego-e-senta-as-bases-dun-futuro-proxecto-redemar\/","name":"O CIMA concl\u00fae o estudo preliminar sobre a presenza da ouxa no litoral galego e senta as bases dun futuro proxecto Redemar - ES\u00b7MAR","isPartOf":{"@id":"https:\/\/rede-esmar.gal\/#website"},"datePublished":"2025-03-31T08:02:08+00:00","breadcrumb":{"@id":"https:\/\/rede-esmar.gal\/o-cima-conclue-o-estudo-preliminar-sobre-a-presenza-da-ouxa-no-litoral-galego-e-senta-as-bases-dun-futuro-proxecto-redemar\/#breadcrumb"},"inLanguage":"es","potentialAction":[{"@type":"ReadAction","target":["https:\/\/rede-esmar.gal\/o-cima-conclue-o-estudo-preliminar-sobre-a-presenza-da-ouxa-no-litoral-galego-e-senta-as-bases-dun-futuro-proxecto-redemar\/"]}]},{"@type":"BreadcrumbList","@id":"https:\/\/rede-esmar.gal\/o-cima-conclue-o-estudo-preliminar-sobre-a-presenza-da-ouxa-no-litoral-galego-e-senta-as-bases-dun-futuro-proxecto-redemar\/#breadcrumb","itemListElement":[{"@type":"ListItem","position":1,"name":"Portada","item":"https:\/\/rede-esmar.gal\/"},{"@type":"ListItem","position":2,"name":"O CIMA concl\u00fae o estudo preliminar sobre a presenza da ouxa no litoral galego e senta as bases dun futuro proxecto Redemar"}]},{"@type":"WebSite","@id":"https:\/\/rede-esmar.gal\/#website","url":"https:\/\/rede-esmar.gal\/","name":"ES\u00b7MAR","description":"","publisher":{"@id":"https:\/\/rede-esmar.gal\/#organization"},"potentialAction":[{"@type":"SearchAction","target":{"@type":"EntryPoint","urlTemplate":"https:\/\/rede-esmar.gal\/?s={search_term_string}"},"query-input":{"@type":"PropertyValueSpecification","valueRequired":true,"valueName":"search_term_string"}}],"inLanguage":"es"},{"@type":"Organization","@id":"https:\/\/rede-esmar.gal\/#organization","name":"ES\u00b7MAR","url":"https:\/\/rede-esmar.gal\/","logo":{"@type":"ImageObject","inLanguage":"es","@id":"https:\/\/rede-esmar.gal\/#\/schema\/logo\/image\/","url":"https:\/\/rede-esmar.gal\/wp-content\/uploads\/2025\/01\/logo-web-blanco-1.png","contentUrl":"https:\/\/rede-esmar.gal\/wp-content\/uploads\/2025\/01\/logo-web-blanco-1.png","width":300,"height":99,"caption":"ES\u00b7MAR"},"image":{"@id":"https:\/\/rede-esmar.gal\/#\/schema\/logo\/image\/"}},{"@type":"Person","@id":"https:\/\/rede-esmar.gal\/#\/schema\/person\/139b8b85b73b930d041c72a3752be3a2","name":"Equipo coordinaci\u00f3n","image":{"@type":"ImageObject","inLanguage":"es","@id":"https:\/\/rede-esmar.gal\/#\/schema\/person\/image\/","url":"https:\/\/secure.gravatar.com\/avatar\/489362bff200fce5cfc1d56577a36629?s=96&d=mm&r=g","contentUrl":"https:\/\/secure.gravatar.com\/avatar\/489362bff200fce5cfc1d56577a36629?s=96&d=mm&r=g","caption":"Equipo coordinaci\u00f3n"},"url":"https:\/\/rede-esmar.gal\/es\/author\/marta\/"}]}},"jetpack_featured_media_url":"","jetpack_sharing_enabled":true,"_links":{"self":[{"href":"https:\/\/rede-esmar.gal\/es\/wp-json\/wp\/v2\/posts\/2065","targetHints":{"allow":["GET"]}}],"collection":[{"href":"https:\/\/rede-esmar.gal\/es\/wp-json\/wp\/v2\/posts"}],"about":[{"href":"https:\/\/rede-esmar.gal\/es\/wp-json\/wp\/v2\/types\/post"}],"author":[{"embeddable":true,"href":"https:\/\/rede-esmar.gal\/es\/wp-json\/wp\/v2\/users\/6"}],"replies":[{"embeddable":true,"href":"https:\/\/rede-esmar.gal\/es\/wp-json\/wp\/v2\/comments?post=2065"}],"version-history":[{"count":1,"href":"https:\/\/rede-esmar.gal\/es\/wp-json\/wp\/v2\/posts\/2065\/revisions"}],"predecessor-version":[{"id":2066,"href":"https:\/\/rede-esmar.gal\/es\/wp-json\/wp\/v2\/posts\/2065\/revisions\/2066"}],"wp:attachment":[{"href":"https:\/\/rede-esmar.gal\/es\/wp-json\/wp\/v2\/media?parent=2065"}],"wp:term":[{"taxonomy":"category","embeddable":true,"href":"https:\/\/rede-esmar.gal\/es\/wp-json\/wp\/v2\/categories?post=2065"},{"taxonomy":"post_tag","embeddable":true,"href":"https:\/\/rede-esmar.gal\/es\/wp-json\/wp\/v2\/tags?post=2065"}],"curies":[{"name":"wp","href":"https:\/\/api.w.org\/{rel}","templated":true}]}}