{"id":2199,"date":"2025-04-10T08:08:17","date_gmt":"2025-04-10T08:08:17","guid":{"rendered":"https:\/\/rede-esmar.gal\/?p=2199"},"modified":"2025-04-10T08:40:19","modified_gmt":"2025-04-10T08:40:19","slug":"la-xunta-vigilara-con-inteligencia-artificial-las-rias-y-sus-recursos","status":"publish","type":"post","link":"https:\/\/rede-esmar.gal\/es\/la-xunta-vigilara-con-inteligencia-artificial-las-rias-y-sus-recursos\/","title":{"rendered":"La Xunta vigilar\u00e1 con Inteligencia Artificial las r\u00edas y sus recursos"},"content":{"rendered":"<p>La Junta quiere utilizar la inteligencia artificial (IA) para monitorizar el mar de la comunidad, conocer y analizar todas las variables posibles y lograr una gesti\u00f3n m\u00e1s sostenible y eficiente de los recursos costeros. Para ello, la Conseller\u00eda del Mar pretende la creaci\u00f3n de un \u00abgemelgo digital\u00bb, que se estrena en la R\u00eda de Arousa a trav\u00e9s de un proyecto piloto. En concreto, el Departamento que dirige Alfonso Villares acaba de lanzar una consulta preliminar de mercado para la iniciativa MaruxIA, que se presenta como una \u00absoluci\u00f3n innovadora para abordar las limitaciones actuales en la gesti\u00f3n de datos marinos\u00bb. La inversi\u00f3n total se estima en 3 millones de euros.<\/p>\n\n\n\n<p>La Opinion<\/p>\n\n\n\n<p><a href=\"https:\/\/www.laopinioncoruna.es\/galicia\/2025\/04\/04\/xunta-vigilara-inteligencia-artificial-rias-116023589.html\"><a href=\"https:\/\/www.laopinioncoruna.es\/galicia\/2025\/04\/04\/xunta-vigilara-inteligencia-artificial-rias-116023589.html\">La Xunta vigilar\u00e1 con Inteligencia Artificial las r\u00edas y sus recursos<\/a><\/a><\/p>\n\n\n\n<p><\/p>","protected":false},"excerpt":{"rendered":"<p>La Xunta quiere utilizar la inteligencia artificial (IA) para monitorizar el mar de la comunidad, conocer(...)<\/p>","protected":false},"author":6,"featured_media":0,"comment_status":"open","ping_status":"open","sticky":false,"template":"","format":"standard","meta":{"_acf_changed":false,"saved_in_kubio":false,"content-type":"","osom_blocks_metabox":"","_monsterinsights_skip_tracking":false,"_monsterinsights_sitenote_active":false,"_monsterinsights_sitenote_note":"","_monsterinsights_sitenote_category":0,"_price":"","_stock":"","_tribe_ticket_header":"","_tribe_default_ticket_provider":"","_tribe_ticket_capacity":"0","_ticket_start_date":"","_ticket_end_date":"","_tribe_ticket_show_description":"","_tribe_ticket_show_not_going":false,"_tribe_ticket_use_global_stock":"","_tribe_ticket_global_stock_level":"","_global_stock_mode":"","_global_stock_cap":"","_tribe_rsvp_for_event":"","_tribe_ticket_going_count":"","_tribe_ticket_not_going_count":"","_tribe_tickets_list":"[]","_tribe_ticket_has_attendee_info_fields":false,"_EventAllDay":false,"_EventTimezone":"","_EventStartDate":"","_EventEndDate":"","_EventStartDateUTC":"","_EventEndDateUTC":"","_EventShowMap":false,"_EventShowMapLink":false,"_EventURL":"","_EventCost":"","_EventCostDescription":"","_EventCurrencySymbol":"","_EventCurrencyCode":"","_EventCurrencyPosition":"","_EventDateTimeSeparator":"","_EventTimeRangeSeparator":"","_EventOrganizerID":[],"_EventVenueID":[],"_OrganizerEmail":"","_OrganizerPhone":"","_OrganizerWebsite":"","_VenueAddress":"","_VenueCity":"","_VenueCountry":"","_VenueProvince":"","_VenueState":"","_VenueZip":"","_VenuePhone":"","_VenueURL":"","_VenueStateProvince":"","_VenueLat":"","_VenueLng":"","_VenueShowMap":false,"_VenueShowMapLink":false,"_jetpack_memberships_contains_paid_content":false,"footnotes":""},"categories":[1],"tags":[],"class_list":["post-2199","post","type-post","status-publish","format-standard","hentry","category-actualidade"],"acf":[],"yoast_head":"<!-- This site is optimized with the Yoast SEO plugin v26.1.1 - https:\/\/yoast.com\/wordpress\/plugins\/seo\/ -->\n<title>A Xunta vixiar\u00e1 con Intelixencia Artificial as r\u00edas e os seus recursos - ES\u00b7MAR<\/title>\n<meta name=\"robots\" content=\"index, follow, max-snippet:-1, max-image-preview:large, max-video-preview:-1\" \/>\n<link rel=\"canonical\" href=\"https:\/\/rede-esmar.gal\/es\/la-xunta-vigilara-con-inteligencia-artificial-las-rias-y-sus-recursos\/\" \/>\n<meta property=\"og:locale\" content=\"es_ES\" \/>\n<meta property=\"og:type\" content=\"article\" \/>\n<meta property=\"og:title\" content=\"A Xunta vixiar\u00e1 con Intelixencia Artificial as r\u00edas e os seus recursos - ES\u00b7MAR\" \/>\n<meta property=\"og:description\" content=\"A Xunta quere utilizar a intelixencia artificial (IA) para monitorizar o mar da comunidade, co\u00f1ecer(...)\" \/>\n<meta property=\"og:url\" content=\"https:\/\/rede-esmar.gal\/es\/la-xunta-vigilara-con-inteligencia-artificial-las-rias-y-sus-recursos\/\" \/>\n<meta property=\"og:site_name\" content=\"ES\u00b7MAR\" \/>\n<meta property=\"article:published_time\" content=\"2025-04-10T08:08:17+00:00\" \/>\n<meta property=\"article:modified_time\" content=\"2025-04-10T08:40:19+00:00\" \/>\n<meta name=\"author\" content=\"Equipo coordinaci\u00f3n\" \/>\n<meta name=\"twitter:card\" content=\"summary_large_image\" \/>\n<meta name=\"twitter:label1\" content=\"Escrito por\" \/>\n\t<meta name=\"twitter:data1\" content=\"Equipo coordinaci\u00f3n\" \/>\n\t<meta name=\"twitter:label2\" content=\"Tiempo de lectura\" \/>\n\t<meta name=\"twitter:data2\" content=\"1 minuto\" \/>\n<script type=\"application\/ld+json\" class=\"yoast-schema-graph\">{\"@context\":\"https:\/\/schema.org\",\"@graph\":[{\"@type\":\"Article\",\"@id\":\"https:\/\/rede-esmar.gal\/la-xunta-vigilara-con-inteligencia-artificial-las-rias-y-sus-recursos\/#article\",\"isPartOf\":{\"@id\":\"https:\/\/rede-esmar.gal\/la-xunta-vigilara-con-inteligencia-artificial-las-rias-y-sus-recursos\/\"},\"author\":{\"name\":\"Equipo coordinaci\u00f3n\",\"@id\":\"https:\/\/rede-esmar.gal\/#\/schema\/person\/139b8b85b73b930d041c72a3752be3a2\"},\"headline\":\"A Xunta vixiar\u00e1 con Intelixencia Artificial as r\u00edas e os seus recursos\",\"datePublished\":\"2025-04-10T08:08:17+00:00\",\"dateModified\":\"2025-04-10T08:40:19+00:00\",\"mainEntityOfPage\":{\"@id\":\"https:\/\/rede-esmar.gal\/la-xunta-vigilara-con-inteligencia-artificial-las-rias-y-sus-recursos\/\"},\"wordCount\":141,\"commentCount\":0,\"publisher\":{\"@id\":\"https:\/\/rede-esmar.gal\/#organization\"},\"articleSection\":[\"Actualidade\"],\"inLanguage\":\"es\",\"potentialAction\":[{\"@type\":\"CommentAction\",\"name\":\"Comment\",\"target\":[\"https:\/\/rede-esmar.gal\/la-xunta-vigilara-con-inteligencia-artificial-las-rias-y-sus-recursos\/#respond\"]}]},{\"@type\":\"WebPage\",\"@id\":\"https:\/\/rede-esmar.gal\/la-xunta-vigilara-con-inteligencia-artificial-las-rias-y-sus-recursos\/\",\"url\":\"https:\/\/rede-esmar.gal\/la-xunta-vigilara-con-inteligencia-artificial-las-rias-y-sus-recursos\/\",\"name\":\"A Xunta vixiar\u00e1 con Intelixencia Artificial as r\u00edas e os seus recursos - ES\u00b7MAR\",\"isPartOf\":{\"@id\":\"https:\/\/rede-esmar.gal\/#website\"},\"datePublished\":\"2025-04-10T08:08:17+00:00\",\"dateModified\":\"2025-04-10T08:40:19+00:00\",\"breadcrumb\":{\"@id\":\"https:\/\/rede-esmar.gal\/la-xunta-vigilara-con-inteligencia-artificial-las-rias-y-sus-recursos\/#breadcrumb\"},\"inLanguage\":\"es\",\"potentialAction\":[{\"@type\":\"ReadAction\",\"target\":[\"https:\/\/rede-esmar.gal\/la-xunta-vigilara-con-inteligencia-artificial-las-rias-y-sus-recursos\/\"]}]},{\"@type\":\"BreadcrumbList\",\"@id\":\"https:\/\/rede-esmar.gal\/la-xunta-vigilara-con-inteligencia-artificial-las-rias-y-sus-recursos\/#breadcrumb\",\"itemListElement\":[{\"@type\":\"ListItem\",\"position\":1,\"name\":\"Portada\",\"item\":\"https:\/\/rede-esmar.gal\/\"},{\"@type\":\"ListItem\",\"position\":2,\"name\":\"A Xunta vixiar\u00e1 con Intelixencia Artificial as r\u00edas e os seus recursos\"}]},{\"@type\":\"WebSite\",\"@id\":\"https:\/\/rede-esmar.gal\/#website\",\"url\":\"https:\/\/rede-esmar.gal\/\",\"name\":\"ES\u00b7MAR\",\"description\":\"\",\"publisher\":{\"@id\":\"https:\/\/rede-esmar.gal\/#organization\"},\"potentialAction\":[{\"@type\":\"SearchAction\",\"target\":{\"@type\":\"EntryPoint\",\"urlTemplate\":\"https:\/\/rede-esmar.gal\/?s={search_term_string}\"},\"query-input\":{\"@type\":\"PropertyValueSpecification\",\"valueRequired\":true,\"valueName\":\"search_term_string\"}}],\"inLanguage\":\"es\"},{\"@type\":\"Organization\",\"@id\":\"https:\/\/rede-esmar.gal\/#organization\",\"name\":\"ES\u00b7MAR\",\"url\":\"https:\/\/rede-esmar.gal\/\",\"logo\":{\"@type\":\"ImageObject\",\"inLanguage\":\"es\",\"@id\":\"https:\/\/rede-esmar.gal\/#\/schema\/logo\/image\/\",\"url\":\"https:\/\/rede-esmar.gal\/wp-content\/uploads\/2025\/01\/logo-web-blanco-1.png\",\"contentUrl\":\"https:\/\/rede-esmar.gal\/wp-content\/uploads\/2025\/01\/logo-web-blanco-1.png\",\"width\":300,\"height\":99,\"caption\":\"ES\u00b7MAR\"},\"image\":{\"@id\":\"https:\/\/rede-esmar.gal\/#\/schema\/logo\/image\/\"}},{\"@type\":\"Person\",\"@id\":\"https:\/\/rede-esmar.gal\/#\/schema\/person\/139b8b85b73b930d041c72a3752be3a2\",\"name\":\"Equipo coordinaci\u00f3n\",\"image\":{\"@type\":\"ImageObject\",\"inLanguage\":\"es\",\"@id\":\"https:\/\/rede-esmar.gal\/#\/schema\/person\/image\/\",\"url\":\"https:\/\/secure.gravatar.com\/avatar\/489362bff200fce5cfc1d56577a36629?s=96&d=mm&r=g\",\"contentUrl\":\"https:\/\/secure.gravatar.com\/avatar\/489362bff200fce5cfc1d56577a36629?s=96&d=mm&r=g\",\"caption\":\"Equipo coordinaci\u00f3n\"},\"url\":\"https:\/\/rede-esmar.gal\/es\/author\/marta\/\"}]}<\/script>\n<!-- \/ Yoast SEO plugin. -->","yoast_head_json":{"title":"A Xunta vixiar\u00e1 con Intelixencia Artificial as r\u00edas e os seus recursos - ES\u00b7MAR","robots":{"index":"index","follow":"follow","max-snippet":"max-snippet:-1","max-image-preview":"max-image-preview:large","max-video-preview":"max-video-preview:-1"},"canonical":"https:\/\/rede-esmar.gal\/es\/la-xunta-vigilara-con-inteligencia-artificial-las-rias-y-sus-recursos\/","og_locale":"es_ES","og_type":"article","og_title":"A Xunta vixiar\u00e1 con Intelixencia Artificial as r\u00edas e os seus recursos - ES\u00b7MAR","og_description":"A Xunta quere utilizar a intelixencia artificial (IA) para monitorizar o mar da comunidade, co\u00f1ecer(...)","og_url":"https:\/\/rede-esmar.gal\/es\/la-xunta-vigilara-con-inteligencia-artificial-las-rias-y-sus-recursos\/","og_site_name":"ES\u00b7MAR","article_published_time":"2025-04-10T08:08:17+00:00","article_modified_time":"2025-04-10T08:40:19+00:00","author":"Equipo coordinaci\u00f3n","twitter_card":"summary_large_image","twitter_misc":{"Escrito por":"Equipo coordinaci\u00f3n","Tiempo de lectura":"1 minuto"},"schema":{"@context":"https:\/\/schema.org","@graph":[{"@type":"Article","@id":"https:\/\/rede-esmar.gal\/la-xunta-vigilara-con-inteligencia-artificial-las-rias-y-sus-recursos\/#article","isPartOf":{"@id":"https:\/\/rede-esmar.gal\/la-xunta-vigilara-con-inteligencia-artificial-las-rias-y-sus-recursos\/"},"author":{"name":"Equipo coordinaci\u00f3n","@id":"https:\/\/rede-esmar.gal\/#\/schema\/person\/139b8b85b73b930d041c72a3752be3a2"},"headline":"A Xunta vixiar\u00e1 con Intelixencia Artificial as r\u00edas e os seus recursos","datePublished":"2025-04-10T08:08:17+00:00","dateModified":"2025-04-10T08:40:19+00:00","mainEntityOfPage":{"@id":"https:\/\/rede-esmar.gal\/la-xunta-vigilara-con-inteligencia-artificial-las-rias-y-sus-recursos\/"},"wordCount":141,"commentCount":0,"publisher":{"@id":"https:\/\/rede-esmar.gal\/#organization"},"articleSection":["Actualidade"],"inLanguage":"es","potentialAction":[{"@type":"CommentAction","name":"Comment","target":["https:\/\/rede-esmar.gal\/la-xunta-vigilara-con-inteligencia-artificial-las-rias-y-sus-recursos\/#respond"]}]},{"@type":"WebPage","@id":"https:\/\/rede-esmar.gal\/la-xunta-vigilara-con-inteligencia-artificial-las-rias-y-sus-recursos\/","url":"https:\/\/rede-esmar.gal\/la-xunta-vigilara-con-inteligencia-artificial-las-rias-y-sus-recursos\/","name":"A Xunta vixiar\u00e1 con Intelixencia Artificial as r\u00edas e os seus recursos - ES\u00b7MAR","isPartOf":{"@id":"https:\/\/rede-esmar.gal\/#website"},"datePublished":"2025-04-10T08:08:17+00:00","dateModified":"2025-04-10T08:40:19+00:00","breadcrumb":{"@id":"https:\/\/rede-esmar.gal\/la-xunta-vigilara-con-inteligencia-artificial-las-rias-y-sus-recursos\/#breadcrumb"},"inLanguage":"es","potentialAction":[{"@type":"ReadAction","target":["https:\/\/rede-esmar.gal\/la-xunta-vigilara-con-inteligencia-artificial-las-rias-y-sus-recursos\/"]}]},{"@type":"BreadcrumbList","@id":"https:\/\/rede-esmar.gal\/la-xunta-vigilara-con-inteligencia-artificial-las-rias-y-sus-recursos\/#breadcrumb","itemListElement":[{"@type":"ListItem","position":1,"name":"Portada","item":"https:\/\/rede-esmar.gal\/"},{"@type":"ListItem","position":2,"name":"A Xunta vixiar\u00e1 con Intelixencia Artificial as r\u00edas e os seus recursos"}]},{"@type":"WebSite","@id":"https:\/\/rede-esmar.gal\/#website","url":"https:\/\/rede-esmar.gal\/","name":"ES\u00b7MAR","description":"","publisher":{"@id":"https:\/\/rede-esmar.gal\/#organization"},"potentialAction":[{"@type":"SearchAction","target":{"@type":"EntryPoint","urlTemplate":"https:\/\/rede-esmar.gal\/?s={search_term_string}"},"query-input":{"@type":"PropertyValueSpecification","valueRequired":true,"valueName":"search_term_string"}}],"inLanguage":"es"},{"@type":"Organization","@id":"https:\/\/rede-esmar.gal\/#organization","name":"ES\u00b7MAR","url":"https:\/\/rede-esmar.gal\/","logo":{"@type":"ImageObject","inLanguage":"es","@id":"https:\/\/rede-esmar.gal\/#\/schema\/logo\/image\/","url":"https:\/\/rede-esmar.gal\/wp-content\/uploads\/2025\/01\/logo-web-blanco-1.png","contentUrl":"https:\/\/rede-esmar.gal\/wp-content\/uploads\/2025\/01\/logo-web-blanco-1.png","width":300,"height":99,"caption":"ES\u00b7MAR"},"image":{"@id":"https:\/\/rede-esmar.gal\/#\/schema\/logo\/image\/"}},{"@type":"Person","@id":"https:\/\/rede-esmar.gal\/#\/schema\/person\/139b8b85b73b930d041c72a3752be3a2","name":"Equipo coordinaci\u00f3n","image":{"@type":"ImageObject","inLanguage":"es","@id":"https:\/\/rede-esmar.gal\/#\/schema\/person\/image\/","url":"https:\/\/secure.gravatar.com\/avatar\/489362bff200fce5cfc1d56577a36629?s=96&d=mm&r=g","contentUrl":"https:\/\/secure.gravatar.com\/avatar\/489362bff200fce5cfc1d56577a36629?s=96&d=mm&r=g","caption":"Equipo coordinaci\u00f3n"},"url":"https:\/\/rede-esmar.gal\/es\/author\/marta\/"}]}},"jetpack_featured_media_url":"","jetpack_sharing_enabled":true,"_links":{"self":[{"href":"https:\/\/rede-esmar.gal\/es\/wp-json\/wp\/v2\/posts\/2199","targetHints":{"allow":["GET"]}}],"collection":[{"href":"https:\/\/rede-esmar.gal\/es\/wp-json\/wp\/v2\/posts"}],"about":[{"href":"https:\/\/rede-esmar.gal\/es\/wp-json\/wp\/v2\/types\/post"}],"author":[{"embeddable":true,"href":"https:\/\/rede-esmar.gal\/es\/wp-json\/wp\/v2\/users\/6"}],"replies":[{"embeddable":true,"href":"https:\/\/rede-esmar.gal\/es\/wp-json\/wp\/v2\/comments?post=2199"}],"version-history":[{"count":3,"href":"https:\/\/rede-esmar.gal\/es\/wp-json\/wp\/v2\/posts\/2199\/revisions"}],"predecessor-version":[{"id":2217,"href":"https:\/\/rede-esmar.gal\/es\/wp-json\/wp\/v2\/posts\/2199\/revisions\/2217"}],"wp:attachment":[{"href":"https:\/\/rede-esmar.gal\/es\/wp-json\/wp\/v2\/media?parent=2199"}],"wp:term":[{"taxonomy":"category","embeddable":true,"href":"https:\/\/rede-esmar.gal\/es\/wp-json\/wp\/v2\/categories?post=2199"},{"taxonomy":"post_tag","embeddable":true,"href":"https:\/\/rede-esmar.gal\/es\/wp-json\/wp\/v2\/tags?post=2199"}],"curies":[{"name":"wp","href":"https:\/\/api.w.org\/{rel}","templated":true}]}}